{"id":23971,"date":"2020-06-13T12:31:00","date_gmt":"2020-06-13T10:31:00","guid":{"rendered":"http:\/\/skgd.pl\/?p=23971"},"modified":"2020-06-13T12:31:00","modified_gmt":"2020-06-13T10:31:00","slug":"jugend-debattiert-mlodziez-debatuje-odbedzie-sie-online","status":"publish","type":"post","link":"https:\/\/skgd.pl\/de\/jugend-debattiert-mlodziez-debatuje-odbedzie-sie-online\/","title":{"rendered":"Jugend debattiert wird online stattfinden"},"content":{"rendered":"<p><\/p>\n<p style=\"text-align: justify;\"><span>Auch in diesem Jahr haben sich polnische Sch\u00fclerinnen und Sch\u00fcler auf <\/span><span>Jugend debattiert vorbereitet. Das Schulverbundfinale wird am <\/span><span>16.06.2020 um 17.00 Uhr stattfinden, allerdings leider nicht in Oppeln in <\/span><span>der Eichendorff-Bibliothek, sondern in einer online-Variante in einer <\/span><span>Videokonferenz.<\/span><br \/>\n<span>Es werden Sch\u00fclerinnen und Sch\u00fcler des II. Lyzeums in Oppeln, des II. <\/span><span>Lyzeums in Krakau, des LOTE Cieszyn und des ZSO 1 in Gorz\u00f3w Wielkopolski <\/span><span>\u00fcber das F\u00fcr und Wider des Ausstieges aus der Kohlef\u00f6rderung in Polen <\/span><span>diskutieren.<\/span><\/p>\n<p style=\"text-align: justify;\"><span>Bitte melden Sie sich bis Montag, den 15.06., unter <\/span><a href=\"mailto:diehl.opole@posteo.de\" target=\"_blank\" rel=\"noopener noreferrer\">diehl.opole@posteo.de <\/a><span>an, wenn Sie als Zuschauer*in teilnehmen <\/span><span>m\u00f6chten.<\/span><br \/>\n<span>Auf spannende Debatten auch in dieser neuen virtuellen Form freuen wir <\/span><span>uns.<\/span><br \/>\n<span>Die Gewinner*innen des Schulverbundfinales werden am Halbfinale und <\/span><span>Finale f\u00fcr Polen im September am Goethe-Institut in Warschau teilnehmen.<\/span><\/p>\n<p><\/p>","protected":false},"excerpt":{"rendered":"<p>Auch in diesem Jahr haben sich polnische Sch\u00fclerinnen und Sch\u00fcler auf Jugend debattiert vorbereitet. Das Schulverbundfinale wird am 16.06.2020 um 17.00 Uhr stattfinden, allerdings leider nicht in Oppeln in der Eichendorff-Bibliothek, sondern in einer online-Variante in einer Videokonferenz. Es werden Sch\u00fclerinnen und Sch\u00fcler des II. Lyzeums in Oppeln, des II. Lyzeums in Krakau, des LOTE [&hellip;]<\/p>\n","protected":false},"author":7,"featured_media":23972,"comment_status":"closed","ping_status":"open","sticky":false,"template":"","format":"standard","meta":{"footnotes":""},"categories":[1],"tags":[],"class_list":["post-23971","post","type-post","status-publish","format-standard","has-post-thumbnail","hentry","category-aktualnosci"],"yoast_head":"<!-- This site is optimized with the Yoast SEO plugin v18.9 - https:\/\/yoast.com\/wordpress\/plugins\/seo\/ -->\n<title>Jugend debattiert wird online stattfinden - Deutsche Minderheit, Sozial-Kulturelle Gesellschaft der Deutschen im Oppelner Schlesien<\/title>\n<meta name=\"robots\" content=\"index, follow, max-snippet:-1, max-image-preview:large, max-video-preview:-1\" \/>\n<link rel=\"canonical\" href=\"https:\/\/skgd.pl\/de\/jugend-debattiert-mlodziez-debatuje-odbedzie-sie-online\/\" \/>\n<meta property=\"og:locale\" content=\"de_DE\" \/>\n<meta property=\"og:type\" content=\"article\" \/>\n<meta property=\"og:title\" content=\"Jugend debattiert wird online stattfinden - Deutsche Minderheit, Sozial-Kulturelle Gesellschaft der Deutschen im Oppelner Schlesien\" \/>\n<meta property=\"og:description\" content=\"Auch in diesem Jahr haben sich polnische Sch\u00fclerinnen und Sch\u00fcler auf Jugend debattiert vorbereitet. Das Schulverbundfinale wird am 16.06.2020 um 17.00 Uhr stattfinden, allerdings leider nicht in Oppeln in der Eichendorff-Bibliothek, sondern in einer online-Variante in einer Videokonferenz. Es werden Sch\u00fclerinnen und Sch\u00fcler des II. Lyzeums in Oppeln, des II. Lyzeums in Krakau, des LOTE [&hellip;]\" \/>\n<meta property=\"og:url\" content=\"https:\/\/skgd.pl\/de\/jugend-debattiert-mlodziez-debatuje-odbedzie-sie-online\/\" \/>\n<meta property=\"og:site_name\" content=\"Deutsche Minderheit, Sozial-Kulturelle Gesellschaft der Deutschen im Oppelner Schlesien\" \/>\n<meta property=\"article:published_time\" content=\"2020-06-13T10:31:00+00:00\" \/>\n<meta property=\"og:image\" content=\"https:\/\/skgd.pl\/wp-content\/uploads\/2020\/06\/Online-Debatte.jpg\" \/>\n\t<meta property=\"og:image:width\" content=\"940\" \/>\n\t<meta property=\"og:image:height\" content=\"788\" \/>\n\t<meta property=\"og:image:type\" content=\"image\/jpeg\" \/>\n<meta name=\"twitter:card\" content=\"summary_large_image\" \/>\n<meta name=\"twitter:label1\" content=\"Verfasst von\" \/>\n\t<meta name=\"twitter:data1\" content=\"Zuzanna Herud\" \/>\n\t<meta name=\"twitter:label2\" content=\"Gesch\u00e4tzte Lesezeit\" \/>\n\t<meta name=\"twitter:data2\" content=\"1\u00a0Minute\" \/>\n<script type=\"application\/ld+json\" class=\"yoast-schema-graph\">{\"@context\":\"https:\/\/schema.org\",\"@graph\":[{\"@type\":\"WebSite\",\"@id\":\"https:\/\/skgd.pl\/#website\",\"url\":\"https:\/\/skgd.pl\/\",\"name\":\"Deutsche Minderheit, Sozial-Kulturelle Gesellschaft der Deutschen im Oppelner Schlesien\",\"description\":\"Deutsche Minderheit in Polen\",\"potentialAction\":[{\"@type\":\"SearchAction\",\"target\":{\"@type\":\"EntryPoint\",\"urlTemplate\":\"https:\/\/skgd.pl\/?s={search_term_string}\"},\"query-input\":\"required name=search_term_string\"}],\"inLanguage\":\"de\"},{\"@type\":\"ImageObject\",\"inLanguage\":\"de\",\"@id\":\"https:\/\/skgd.pl\/de\/jugend-debattiert-mlodziez-debatuje-odbedzie-sie-online\/#primaryimage\",\"url\":\"https:\/\/skgd.pl\/wp-content\/uploads\/2020\/06\/Online-Debatte.jpg\",\"contentUrl\":\"https:\/\/skgd.pl\/wp-content\/uploads\/2020\/06\/Online-Debatte.jpg\",\"width\":940,\"height\":788},{\"@type\":\"WebPage\",\"@id\":\"https:\/\/skgd.pl\/de\/jugend-debattiert-mlodziez-debatuje-odbedzie-sie-online\/#webpage\",\"url\":\"https:\/\/skgd.pl\/de\/jugend-debattiert-mlodziez-debatuje-odbedzie-sie-online\/\",\"name\":\"Jugend debattiert wird online stattfinden - Deutsche Minderheit, Sozial-Kulturelle Gesellschaft der Deutschen im Oppelner Schlesien\",\"isPartOf\":{\"@id\":\"https:\/\/skgd.pl\/#website\"},\"primaryImageOfPage\":{\"@id\":\"https:\/\/skgd.pl\/de\/jugend-debattiert-mlodziez-debatuje-odbedzie-sie-online\/#primaryimage\"},\"datePublished\":\"2020-06-13T10:31:00+00:00\",\"dateModified\":\"2020-06-13T10:31:00+00:00\",\"author\":{\"@id\":\"https:\/\/skgd.pl\/#\/schema\/person\/dcdd6dd89280fa49735a207f6d6dccd2\"},\"breadcrumb\":{\"@id\":\"https:\/\/skgd.pl\/de\/jugend-debattiert-mlodziez-debatuje-odbedzie-sie-online\/#breadcrumb\"},\"inLanguage\":\"de\",\"potentialAction\":[{\"@type\":\"ReadAction\",\"target\":[\"https:\/\/skgd.pl\/de\/jugend-debattiert-mlodziez-debatuje-odbedzie-sie-online\/\"]}]},{\"@type\":\"BreadcrumbList\",\"@id\":\"https:\/\/skgd.pl\/de\/jugend-debattiert-mlodziez-debatuje-odbedzie-sie-online\/#breadcrumb\",\"itemListElement\":[{\"@type\":\"ListItem\",\"position\":1,\"name\":\"Strona g\u0142\u00f3wna\",\"item\":\"https:\/\/skgd.pl\/\"},{\"@type\":\"ListItem\",\"position\":2,\"name\":\"Jugend debattiert wird online stattfinden\"}]},{\"@type\":\"Person\",\"@id\":\"https:\/\/skgd.pl\/#\/schema\/person\/dcdd6dd89280fa49735a207f6d6dccd2\",\"name\":\"Zuzanna Herud\",\"image\":{\"@type\":\"ImageObject\",\"inLanguage\":\"de\",\"@id\":\"https:\/\/skgd.pl\/#\/schema\/person\/image\/\",\"url\":\"https:\/\/secure.gravatar.com\/avatar\/a01f92cb4421a03a6fa61cc64f8d96dc?s=96&d=mm&r=g\",\"contentUrl\":\"https:\/\/secure.gravatar.com\/avatar\/a01f92cb4421a03a6fa61cc64f8d96dc?s=96&d=mm&r=g\",\"caption\":\"Zuzanna Herud\"},\"url\":\"https:\/\/skgd.pl\/de\/author\/zuzanna\/\"}]}<\/script>\n<!-- \/ Yoast SEO plugin. -->","yoast_head_json":{"title":"Jugend debattiert wird online stattfinden - Deutsche Minderheit, Sozial-Kulturelle Gesellschaft der Deutschen im Oppelner Schlesien","robots":{"index":"index","follow":"follow","max-snippet":"max-snippet:-1","max-image-preview":"max-image-preview:large","max-video-preview":"max-video-preview:-1"},"canonical":"https:\/\/skgd.pl\/de\/jugend-debattiert-mlodziez-debatuje-odbedzie-sie-online\/","og_locale":"de_DE","og_type":"article","og_title":"Jugend debattiert wird online stattfinden - Deutsche Minderheit, Sozial-Kulturelle Gesellschaft der Deutschen im Oppelner Schlesien","og_description":"Auch in diesem Jahr haben sich polnische Sch\u00fclerinnen und Sch\u00fcler auf Jugend debattiert vorbereitet. Das Schulverbundfinale wird am 16.06.2020 um 17.00 Uhr stattfinden, allerdings leider nicht in Oppeln in der Eichendorff-Bibliothek, sondern in einer online-Variante in einer Videokonferenz. Es werden Sch\u00fclerinnen und Sch\u00fcler des II. Lyzeums in Oppeln, des II. Lyzeums in Krakau, des LOTE [&hellip;]","og_url":"https:\/\/skgd.pl\/de\/jugend-debattiert-mlodziez-debatuje-odbedzie-sie-online\/","og_site_name":"Deutsche Minderheit, Sozial-Kulturelle Gesellschaft der Deutschen im Oppelner Schlesien","article_published_time":"2020-06-13T10:31:00+00:00","og_image":[{"width":940,"height":788,"url":"https:\/\/skgd.pl\/wp-content\/uploads\/2020\/06\/Online-Debatte.jpg","type":"image\/jpeg"}],"twitter_card":"summary_large_image","twitter_misc":{"Verfasst von":"Zuzanna Herud","Gesch\u00e4tzte Lesezeit":"1\u00a0Minute"},"schema":{"@context":"https:\/\/schema.org","@graph":[{"@type":"WebSite","@id":"https:\/\/skgd.pl\/#website","url":"https:\/\/skgd.pl\/","name":"Deutsche Minderheit, Sozial-Kulturelle Gesellschaft der Deutschen im Oppelner Schlesien","description":"Deutsche Minderheit in Polen","potentialAction":[{"@type":"SearchAction","target":{"@type":"EntryPoint","urlTemplate":"https:\/\/skgd.pl\/?s={search_term_string}"},"query-input":"required name=search_term_string"}],"inLanguage":"de"},{"@type":"ImageObject","inLanguage":"de","@id":"https:\/\/skgd.pl\/de\/jugend-debattiert-mlodziez-debatuje-odbedzie-sie-online\/#primaryimage","url":"https:\/\/skgd.pl\/wp-content\/uploads\/2020\/06\/Online-Debatte.jpg","contentUrl":"https:\/\/skgd.pl\/wp-content\/uploads\/2020\/06\/Online-Debatte.jpg","width":940,"height":788},{"@type":"WebPage","@id":"https:\/\/skgd.pl\/de\/jugend-debattiert-mlodziez-debatuje-odbedzie-sie-online\/#webpage","url":"https:\/\/skgd.pl\/de\/jugend-debattiert-mlodziez-debatuje-odbedzie-sie-online\/","name":"Jugend debattiert wird online stattfinden - Deutsche Minderheit, Sozial-Kulturelle Gesellschaft der Deutschen im Oppelner Schlesien","isPartOf":{"@id":"https:\/\/skgd.pl\/#website"},"primaryImageOfPage":{"@id":"https:\/\/skgd.pl\/de\/jugend-debattiert-mlodziez-debatuje-odbedzie-sie-online\/#primaryimage"},"datePublished":"2020-06-13T10:31:00+00:00","dateModified":"2020-06-13T10:31:00+00:00","author":{"@id":"https:\/\/skgd.pl\/#\/schema\/person\/dcdd6dd89280fa49735a207f6d6dccd2"},"breadcrumb":{"@id":"https:\/\/skgd.pl\/de\/jugend-debattiert-mlodziez-debatuje-odbedzie-sie-online\/#breadcrumb"},"inLanguage":"de","potentialAction":[{"@type":"ReadAction","target":["https:\/\/skgd.pl\/de\/jugend-debattiert-mlodziez-debatuje-odbedzie-sie-online\/"]}]},{"@type":"BreadcrumbList","@id":"https:\/\/skgd.pl\/de\/jugend-debattiert-mlodziez-debatuje-odbedzie-sie-online\/#breadcrumb","itemListElement":[{"@type":"ListItem","position":1,"name":"Strona g\u0142\u00f3wna","item":"https:\/\/skgd.pl\/"},{"@type":"ListItem","position":2,"name":"Jugend debattiert wird online stattfinden"}]},{"@type":"Person","@id":"https:\/\/skgd.pl\/#\/schema\/person\/dcdd6dd89280fa49735a207f6d6dccd2","name":"Zuzanna Herud","image":{"@type":"ImageObject","inLanguage":"de","@id":"https:\/\/skgd.pl\/#\/schema\/person\/image\/","url":"https:\/\/secure.gravatar.com\/avatar\/a01f92cb4421a03a6fa61cc64f8d96dc?s=96&d=mm&r=g","contentUrl":"https:\/\/secure.gravatar.com\/avatar\/a01f92cb4421a03a6fa61cc64f8d96dc?s=96&d=mm&r=g","caption":"Zuzanna Herud"},"url":"https:\/\/skgd.pl\/de\/author\/zuzanna\/"}]}},"_links":{"self":[{"href":"https:\/\/skgd.pl\/de\/wp-json\/wp\/v2\/posts\/23971","targetHints":{"allow":["GET"]}}],"collection":[{"href":"https:\/\/skgd.pl\/de\/wp-json\/wp\/v2\/posts"}],"about":[{"href":"https:\/\/skgd.pl\/de\/wp-json\/wp\/v2\/types\/post"}],"author":[{"embeddable":true,"href":"https:\/\/skgd.pl\/de\/wp-json\/wp\/v2\/users\/7"}],"replies":[{"embeddable":true,"href":"https:\/\/skgd.pl\/de\/wp-json\/wp\/v2\/comments?post=23971"}],"version-history":[{"count":1,"href":"https:\/\/skgd.pl\/de\/wp-json\/wp\/v2\/posts\/23971\/revisions"}],"predecessor-version":[{"id":23973,"href":"https:\/\/skgd.pl\/de\/wp-json\/wp\/v2\/posts\/23971\/revisions\/23973"}],"wp:featuredmedia":[{"embeddable":true,"href":"https:\/\/skgd.pl\/de\/wp-json\/wp\/v2\/media\/23972"}],"wp:attachment":[{"href":"https:\/\/skgd.pl\/de\/wp-json\/wp\/v2\/media?parent=23971"}],"wp:term":[{"taxonomy":"category","embeddable":true,"href":"https:\/\/skgd.pl\/de\/wp-json\/wp\/v2\/categories?post=23971"},{"taxonomy":"post_tag","embeddable":true,"href":"https:\/\/skgd.pl\/de\/wp-json\/wp\/v2\/tags?post=23971"}],"curies":[{"name":"wp","href":"https:\/\/api.w.org\/{rel}","templated":true}]}}