{"id":23944,"date":"2020-06-16T15:00:56","date_gmt":"2020-06-16T13:00:56","guid":{"rendered":"http:\/\/skgd.pl\/?p=23944"},"modified":"2020-06-16T11:12:37","modified_gmt":"2020-06-16T09:12:37","slug":"zapraszamy-na-debate-online-dotyczaca-ustawy-o-mniejszosciach-narodowych-i-etnicznych","status":"publish","type":"post","link":"https:\/\/skgd.pl\/de\/zapraszamy-na-debate-online-dotyczaca-ustawy-o-mniejszosciach-narodowych-i-etnicznych\/","title":{"rendered":"Einladung zur Online-Debatte \u00fcber das Minderheitengesetz"},"content":{"rendered":"<p><\/p>\n<p style=\"text-align: justify;\">Debatte anl\u00e4sslich des 15. Jahrestages des Gesetzes \u00fcber nationale und ethnische Minderheiten und die Regionalsprache.<br \/>\nWir m\u00f6chten mit unseren G\u00e4sten \u00fcber die Umst\u00e4nde sprechen, unter denen das Gesetz ausgearbeitet wurde, die sich aus seinen Bestimmungen f\u00fcr die in Polen lebenden Minderheiten ergeben und wie die Umsetzung seiner Bestimmungen aussieht.<br \/>\nDie Teilnehmer des Treffens sind:<br \/>\n* Prof. Grzegorz Janusz, UMCS, Mitautor des Gesetzes<br \/>\n* Rafa\u0142 Bartek, Vorsitzender der SKGD im Oppelner Schlesien<br \/>\n* Dr. Grzegorz Kuprianowicz, Pr\u00e4sident der Ukrainischen Gesellschaft<br \/>\nModeration: Katarzyna Kownacka<br \/>\nDie Debatte wird auf dem Facebook-Profil des Hauses der Deutsch-Polnischen Zusammenarbeit \u00fcbertragen.<br \/>\nDie Debatte wird vom Haus der Deutsch-Polnischen Zusammenarbeit und dem Marschallamt der Woiwodschaft Oppeln organisiert.<\/p>\n<p><\/p>","protected":false},"excerpt":{"rendered":"<p>Debatte anl\u00e4sslich des 15. Jahrestages des Gesetzes \u00fcber nationale und ethnische Minderheiten und die Regionalsprache. Wir m\u00f6chten mit unseren G\u00e4sten \u00fcber die Umst\u00e4nde sprechen, unter denen das Gesetz ausgearbeitet wurde, die sich aus seinen Bestimmungen f\u00fcr die in Polen lebenden Minderheiten ergeben und wie die Umsetzung seiner Bestimmungen aussieht. Die Teilnehmer des Treffens sind: * [&hellip;]<\/p>\n","protected":false},"author":2,"featured_media":23945,"comment_status":"closed","ping_status":"open","sticky":false,"template":"","format":"standard","meta":{"footnotes":""},"categories":[1],"tags":[],"class_list":["post-23944","post","type-post","status-publish","format-standard","has-post-thumbnail","hentry","category-aktualnosci"],"yoast_head":"<!-- This site is optimized with the Yoast SEO plugin v18.9 - https:\/\/yoast.com\/wordpress\/plugins\/seo\/ -->\n<title>Einladung zur Online-Debatte \u00fcber das Minderheitengesetz - Deutsche Minderheit, Sozial-Kulturelle Gesellschaft der Deutschen im Oppelner Schlesien<\/title>\n<meta name=\"robots\" content=\"index, follow, max-snippet:-1, max-image-preview:large, max-video-preview:-1\" \/>\n<link rel=\"canonical\" href=\"https:\/\/skgd.pl\/de\/zapraszamy-na-debate-online-dotyczaca-ustawy-o-mniejszosciach-narodowych-i-etnicznych\/\" \/>\n<meta property=\"og:locale\" content=\"de_DE\" \/>\n<meta property=\"og:type\" content=\"article\" \/>\n<meta property=\"og:title\" content=\"Einladung zur Online-Debatte \u00fcber das Minderheitengesetz - Deutsche Minderheit, Sozial-Kulturelle Gesellschaft der Deutschen im Oppelner Schlesien\" \/>\n<meta property=\"og:description\" content=\"Debatte anl\u00e4sslich des 15. Jahrestages des Gesetzes \u00fcber nationale und ethnische Minderheiten und die Regionalsprache. Wir m\u00f6chten mit unseren G\u00e4sten \u00fcber die Umst\u00e4nde sprechen, unter denen das Gesetz ausgearbeitet wurde, die sich aus seinen Bestimmungen f\u00fcr die in Polen lebenden Minderheiten ergeben und wie die Umsetzung seiner Bestimmungen aussieht. Die Teilnehmer des Treffens sind: * [&hellip;]\" \/>\n<meta property=\"og:url\" content=\"https:\/\/skgd.pl\/de\/zapraszamy-na-debate-online-dotyczaca-ustawy-o-mniejszosciach-narodowych-i-etnicznych\/\" \/>\n<meta property=\"og:site_name\" content=\"Deutsche Minderheit, Sozial-Kulturelle Gesellschaft der Deutschen im Oppelner Schlesien\" \/>\n<meta property=\"article:published_time\" content=\"2020-06-16T13:00:56+00:00\" \/>\n<meta property=\"article:modified_time\" content=\"2020-06-16T09:12:37+00:00\" \/>\n<meta property=\"og:image\" content=\"https:\/\/skgd.pl\/wp-content\/uploads\/2020\/06\/103973865_3064240823618871_3202559164894414581_n.jpg\" \/>\n\t<meta property=\"og:image:width\" content=\"851\" \/>\n\t<meta property=\"og:image:height\" content=\"315\" \/>\n\t<meta property=\"og:image:type\" content=\"image\/jpeg\" \/>\n<meta name=\"twitter:card\" content=\"summary_large_image\" \/>\n<meta name=\"twitter:label1\" content=\"Verfasst von\" \/>\n\t<meta name=\"twitter:data1\" content=\"Joanna Hassa\" \/>\n\t<meta name=\"twitter:label2\" content=\"Gesch\u00e4tzte Lesezeit\" \/>\n\t<meta name=\"twitter:data2\" content=\"1\u00a0Minute\" \/>\n<script type=\"application\/ld+json\" class=\"yoast-schema-graph\">{\"@context\":\"https:\/\/schema.org\",\"@graph\":[{\"@type\":\"WebSite\",\"@id\":\"https:\/\/skgd.pl\/#website\",\"url\":\"https:\/\/skgd.pl\/\",\"name\":\"Deutsche Minderheit, Sozial-Kulturelle Gesellschaft der Deutschen im Oppelner Schlesien\",\"description\":\"Deutsche Minderheit in Polen\",\"potentialAction\":[{\"@type\":\"SearchAction\",\"target\":{\"@type\":\"EntryPoint\",\"urlTemplate\":\"https:\/\/skgd.pl\/?s={search_term_string}\"},\"query-input\":\"required name=search_term_string\"}],\"inLanguage\":\"de\"},{\"@type\":\"ImageObject\",\"inLanguage\":\"de\",\"@id\":\"https:\/\/skgd.pl\/de\/zapraszamy-na-debate-online-dotyczaca-ustawy-o-mniejszosciach-narodowych-i-etnicznych\/#primaryimage\",\"url\":\"https:\/\/skgd.pl\/wp-content\/uploads\/2020\/06\/103973865_3064240823618871_3202559164894414581_n.jpg\",\"contentUrl\":\"https:\/\/skgd.pl\/wp-content\/uploads\/2020\/06\/103973865_3064240823618871_3202559164894414581_n.jpg\",\"width\":851,\"height\":315},{\"@type\":\"WebPage\",\"@id\":\"https:\/\/skgd.pl\/de\/zapraszamy-na-debate-online-dotyczaca-ustawy-o-mniejszosciach-narodowych-i-etnicznych\/#webpage\",\"url\":\"https:\/\/skgd.pl\/de\/zapraszamy-na-debate-online-dotyczaca-ustawy-o-mniejszosciach-narodowych-i-etnicznych\/\",\"name\":\"Einladung zur Online-Debatte \u00fcber das Minderheitengesetz - Deutsche Minderheit, Sozial-Kulturelle Gesellschaft der Deutschen im Oppelner Schlesien\",\"isPartOf\":{\"@id\":\"https:\/\/skgd.pl\/#website\"},\"primaryImageOfPage\":{\"@id\":\"https:\/\/skgd.pl\/de\/zapraszamy-na-debate-online-dotyczaca-ustawy-o-mniejszosciach-narodowych-i-etnicznych\/#primaryimage\"},\"datePublished\":\"2020-06-16T13:00:56+00:00\",\"dateModified\":\"2020-06-16T09:12:37+00:00\",\"author\":{\"@id\":\"https:\/\/skgd.pl\/#\/schema\/person\/0620fbcc0ddc3adae2d5dd9fdc163f03\"},\"breadcrumb\":{\"@id\":\"https:\/\/skgd.pl\/de\/zapraszamy-na-debate-online-dotyczaca-ustawy-o-mniejszosciach-narodowych-i-etnicznych\/#breadcrumb\"},\"inLanguage\":\"de\",\"potentialAction\":[{\"@type\":\"ReadAction\",\"target\":[\"https:\/\/skgd.pl\/de\/zapraszamy-na-debate-online-dotyczaca-ustawy-o-mniejszosciach-narodowych-i-etnicznych\/\"]}]},{\"@type\":\"BreadcrumbList\",\"@id\":\"https:\/\/skgd.pl\/de\/zapraszamy-na-debate-online-dotyczaca-ustawy-o-mniejszosciach-narodowych-i-etnicznych\/#breadcrumb\",\"itemListElement\":[{\"@type\":\"ListItem\",\"position\":1,\"name\":\"Strona g\u0142\u00f3wna\",\"item\":\"https:\/\/skgd.pl\/\"},{\"@type\":\"ListItem\",\"position\":2,\"name\":\"Einladung zur Online-Debatte \u00fcber das Minderheitengesetz\"}]},{\"@type\":\"Person\",\"@id\":\"https:\/\/skgd.pl\/#\/schema\/person\/0620fbcc0ddc3adae2d5dd9fdc163f03\",\"name\":\"Joanna Hassa\",\"image\":{\"@type\":\"ImageObject\",\"inLanguage\":\"de\",\"@id\":\"https:\/\/skgd.pl\/#\/schema\/person\/image\/\",\"url\":\"https:\/\/secure.gravatar.com\/avatar\/e91991b37fe2db6d44fd302c843edfdc?s=96&d=mm&r=g\",\"contentUrl\":\"https:\/\/secure.gravatar.com\/avatar\/e91991b37fe2db6d44fd302c843edfdc?s=96&d=mm&r=g\",\"caption\":\"Joanna Hassa\"},\"url\":\"https:\/\/skgd.pl\/de\/author\/asia\/\"}]}<\/script>\n<!-- \/ Yoast SEO plugin. -->","yoast_head_json":{"title":"Einladung zur Online-Debatte \u00fcber das Minderheitengesetz - Deutsche Minderheit, Sozial-Kulturelle Gesellschaft der Deutschen im Oppelner Schlesien","robots":{"index":"index","follow":"follow","max-snippet":"max-snippet:-1","max-image-preview":"max-image-preview:large","max-video-preview":"max-video-preview:-1"},"canonical":"https:\/\/skgd.pl\/de\/zapraszamy-na-debate-online-dotyczaca-ustawy-o-mniejszosciach-narodowych-i-etnicznych\/","og_locale":"de_DE","og_type":"article","og_title":"Einladung zur Online-Debatte \u00fcber das Minderheitengesetz - Deutsche Minderheit, Sozial-Kulturelle Gesellschaft der Deutschen im Oppelner Schlesien","og_description":"Debatte anl\u00e4sslich des 15. Jahrestages des Gesetzes \u00fcber nationale und ethnische Minderheiten und die Regionalsprache. Wir m\u00f6chten mit unseren G\u00e4sten \u00fcber die Umst\u00e4nde sprechen, unter denen das Gesetz ausgearbeitet wurde, die sich aus seinen Bestimmungen f\u00fcr die in Polen lebenden Minderheiten ergeben und wie die Umsetzung seiner Bestimmungen aussieht. Die Teilnehmer des Treffens sind: * [&hellip;]","og_url":"https:\/\/skgd.pl\/de\/zapraszamy-na-debate-online-dotyczaca-ustawy-o-mniejszosciach-narodowych-i-etnicznych\/","og_site_name":"Deutsche Minderheit, Sozial-Kulturelle Gesellschaft der Deutschen im Oppelner Schlesien","article_published_time":"2020-06-16T13:00:56+00:00","article_modified_time":"2020-06-16T09:12:37+00:00","og_image":[{"width":851,"height":315,"url":"https:\/\/skgd.pl\/wp-content\/uploads\/2020\/06\/103973865_3064240823618871_3202559164894414581_n.jpg","type":"image\/jpeg"}],"twitter_card":"summary_large_image","twitter_misc":{"Verfasst von":"Joanna Hassa","Gesch\u00e4tzte Lesezeit":"1\u00a0Minute"},"schema":{"@context":"https:\/\/schema.org","@graph":[{"@type":"WebSite","@id":"https:\/\/skgd.pl\/#website","url":"https:\/\/skgd.pl\/","name":"Deutsche Minderheit, Sozial-Kulturelle Gesellschaft der Deutschen im Oppelner Schlesien","description":"Deutsche Minderheit in Polen","potentialAction":[{"@type":"SearchAction","target":{"@type":"EntryPoint","urlTemplate":"https:\/\/skgd.pl\/?s={search_term_string}"},"query-input":"required name=search_term_string"}],"inLanguage":"de"},{"@type":"ImageObject","inLanguage":"de","@id":"https:\/\/skgd.pl\/de\/zapraszamy-na-debate-online-dotyczaca-ustawy-o-mniejszosciach-narodowych-i-etnicznych\/#primaryimage","url":"https:\/\/skgd.pl\/wp-content\/uploads\/2020\/06\/103973865_3064240823618871_3202559164894414581_n.jpg","contentUrl":"https:\/\/skgd.pl\/wp-content\/uploads\/2020\/06\/103973865_3064240823618871_3202559164894414581_n.jpg","width":851,"height":315},{"@type":"WebPage","@id":"https:\/\/skgd.pl\/de\/zapraszamy-na-debate-online-dotyczaca-ustawy-o-mniejszosciach-narodowych-i-etnicznych\/#webpage","url":"https:\/\/skgd.pl\/de\/zapraszamy-na-debate-online-dotyczaca-ustawy-o-mniejszosciach-narodowych-i-etnicznych\/","name":"Einladung zur Online-Debatte \u00fcber das Minderheitengesetz - Deutsche Minderheit, Sozial-Kulturelle Gesellschaft der Deutschen im Oppelner Schlesien","isPartOf":{"@id":"https:\/\/skgd.pl\/#website"},"primaryImageOfPage":{"@id":"https:\/\/skgd.pl\/de\/zapraszamy-na-debate-online-dotyczaca-ustawy-o-mniejszosciach-narodowych-i-etnicznych\/#primaryimage"},"datePublished":"2020-06-16T13:00:56+00:00","dateModified":"2020-06-16T09:12:37+00:00","author":{"@id":"https:\/\/skgd.pl\/#\/schema\/person\/0620fbcc0ddc3adae2d5dd9fdc163f03"},"breadcrumb":{"@id":"https:\/\/skgd.pl\/de\/zapraszamy-na-debate-online-dotyczaca-ustawy-o-mniejszosciach-narodowych-i-etnicznych\/#breadcrumb"},"inLanguage":"de","potentialAction":[{"@type":"ReadAction","target":["https:\/\/skgd.pl\/de\/zapraszamy-na-debate-online-dotyczaca-ustawy-o-mniejszosciach-narodowych-i-etnicznych\/"]}]},{"@type":"BreadcrumbList","@id":"https:\/\/skgd.pl\/de\/zapraszamy-na-debate-online-dotyczaca-ustawy-o-mniejszosciach-narodowych-i-etnicznych\/#breadcrumb","itemListElement":[{"@type":"ListItem","position":1,"name":"Strona g\u0142\u00f3wna","item":"https:\/\/skgd.pl\/"},{"@type":"ListItem","position":2,"name":"Einladung zur Online-Debatte \u00fcber das Minderheitengesetz"}]},{"@type":"Person","@id":"https:\/\/skgd.pl\/#\/schema\/person\/0620fbcc0ddc3adae2d5dd9fdc163f03","name":"Joanna Hassa","image":{"@type":"ImageObject","inLanguage":"de","@id":"https:\/\/skgd.pl\/#\/schema\/person\/image\/","url":"https:\/\/secure.gravatar.com\/avatar\/e91991b37fe2db6d44fd302c843edfdc?s=96&d=mm&r=g","contentUrl":"https:\/\/secure.gravatar.com\/avatar\/e91991b37fe2db6d44fd302c843edfdc?s=96&d=mm&r=g","caption":"Joanna Hassa"},"url":"https:\/\/skgd.pl\/de\/author\/asia\/"}]}},"_links":{"self":[{"href":"https:\/\/skgd.pl\/de\/wp-json\/wp\/v2\/posts\/23944","targetHints":{"allow":["GET"]}}],"collection":[{"href":"https:\/\/skgd.pl\/de\/wp-json\/wp\/v2\/posts"}],"about":[{"href":"https:\/\/skgd.pl\/de\/wp-json\/wp\/v2\/types\/post"}],"author":[{"embeddable":true,"href":"https:\/\/skgd.pl\/de\/wp-json\/wp\/v2\/users\/2"}],"replies":[{"embeddable":true,"href":"https:\/\/skgd.pl\/de\/wp-json\/wp\/v2\/comments?post=23944"}],"version-history":[{"count":1,"href":"https:\/\/skgd.pl\/de\/wp-json\/wp\/v2\/posts\/23944\/revisions"}],"predecessor-version":[{"id":23946,"href":"https:\/\/skgd.pl\/de\/wp-json\/wp\/v2\/posts\/23944\/revisions\/23946"}],"wp:featuredmedia":[{"embeddable":true,"href":"https:\/\/skgd.pl\/de\/wp-json\/wp\/v2\/media\/23945"}],"wp:attachment":[{"href":"https:\/\/skgd.pl\/de\/wp-json\/wp\/v2\/media?parent=23944"}],"wp:term":[{"taxonomy":"category","embeddable":true,"href":"https:\/\/skgd.pl\/de\/wp-json\/wp\/v2\/categories?post=23944"},{"taxonomy":"post_tag","embeddable":true,"href":"https:\/\/skgd.pl\/de\/wp-json\/wp\/v2\/tags?post=23944"}],"curies":[{"name":"wp","href":"https:\/\/api.w.org\/{rel}","templated":true}]}}