{"id":23914,"date":"2020-06-08T10:55:25","date_gmt":"2020-06-08T08:55:25","guid":{"rendered":"http:\/\/skgd.pl\/?p=23914"},"modified":"2020-06-09T09:37:12","modified_gmt":"2020-06-09T07:37:12","slug":"wyniki-konkursu-recytatorskiego-mlodziez-recytuje-poezje","status":"publish","type":"post","link":"https:\/\/skgd.pl\/de\/wyniki-konkursu-recytatorskiego-mlodziez-recytuje-poezje\/","title":{"rendered":"Die Ergebnisse der ersten Etappe des Rezitationswettbewerbs &#8220;Jugend tr\u00e4gt Gedichte vor&#8221;"},"content":{"rendered":"<p><\/p>\n<p style=\"text-align: justify;\"><span>Bis zum 22. Mai konnten Sch\u00fclerinnen und Sch\u00fcler der Grundschulen und der Mittelstufen ihre Bewerbungen an die Sozial-Kulturelle Gesellschaft der Deutschen im Oppelner Schlesien f\u00fcr den Rezitationswettbewerb \u201cJugend tr\u00e4gt Gedichte vor \/ M\u0142odzie\u017c recytuje poezje\u201d abschicken. <\/span><\/p>\n<p style=\"text-align: justify;\"><span>Insgesamt wurden 99 Personen ins Finale qualifiziert. <\/span><\/p>\n<p style=\"text-align: justify;\"><span>Die Laureaten des Wettbewerbs sollen am 19 Juni 2020 bekannt gegeben werden. <\/span><\/p>\n<p style=\"text-align: justify;\"><span>Wir gratulieren allen, die ins Finale gekommen sind, aber auch allen, die ihre Videos an uns geschickt haben. Wir freuen uns, dass ihr so viel Spa\u00df an der deutschen Sprache hattet.<\/span><\/p>\n<p>&nbsp;<\/p>\n<p>Kategorie A:<\/p>\n<ul>\n<li>Anna Gryga<\/li>\n<li>Antonia Pisko\u0144<\/li>\n<li>Benjamin K\u00f6hler<\/li>\n<li>Daniel Kwoczek<\/li>\n<li>Damian Zmarzlik<\/li>\n<li>Emilia Sygu\u0142a<\/li>\n<li>Emily Marek<\/li>\n<li>Faustyna Wiora<\/li>\n<li>Florian Naporowski<\/li>\n<li>Julia Dubiel<\/li>\n<li>Karolina Go\u0142\u0105bek<\/li>\n<li>Kinga Noczy\u0144ska<\/li>\n<li>Kuba Kostka<\/li>\n<li>Lara Weihs<\/li>\n<li>Liwia Honka<\/li>\n<li>\u0141ukasz Piechota<\/li>\n<li>Magdalena Ostrowski<\/li>\n<li>Magdalena Skowronek<\/li>\n<li>Nataniel Knura-Zawada<\/li>\n<li>Paulina Bar\u0142\u00f3g<\/li>\n<li>Paulina Cicho\u0144<\/li>\n<li>Paulina Palm<\/li>\n<li>Teresa Kupi\u0144ska<\/li>\n<li>Vanessa Giza<\/li>\n<li>Zofia Gerstenberg<\/li>\n<li>Zuzanna Zmuda<\/li>\n<\/ul>\n<p>&nbsp;<\/p>\n<p>Kategorie B:<\/p>\n<ul>\n<li>Daniela Czeczor<\/li>\n<li>Dawid Baron<\/li>\n<li>Dawid Bylak<\/li>\n<li>Dorota Ludwig<\/li>\n<li>Emilia Fablewski<\/li>\n<li>Emilia Kurowski<\/li>\n<li>Emilia Sklorz<\/li>\n<li>Emilia St\u0119pie\u0144<\/li>\n<li>Emily Bartek<\/li>\n<li>Erik Kostka<\/li>\n<li>Gabriel Pietrek<\/li>\n<li>Hanna Friedrich<\/li>\n<li>Jakub Czoga\u0142a<\/li>\n<li>Karolina Uryga<\/li>\n<li>Kinga Dworaczyk<\/li>\n<li>Laura Czupa\u0142a<\/li>\n<li>Laura Jantos<\/li>\n<li>Lea Wodausch<\/li>\n<li>Magdalena Kowolik<\/li>\n<li>Maja Bursy<\/li>\n<li>Maja Warzecha<\/li>\n<li>Maria Bartek<\/li>\n<li>Mateusz Ko\u0142odziejczyk<\/li>\n<li>Michalina Wojtkiewicz<\/li>\n<li>Micha\u0142 Nanko<\/li>\n<li>Natalia Wr\u00f3bel<\/li>\n<li>Paulina Moj<\/li>\n<li>Roksana Winiarska<\/li>\n<li>Samuel Kr\u00f3l<\/li>\n<li>Tobias Kurek<\/li>\n<li>Tobiasz Porada<\/li>\n<li>Vanessa Gonsior<\/li>\n<li>Wiktoria Jureczko<\/li>\n<li>Zofia Schauder<\/li>\n<\/ul>\n<p>&nbsp;<\/p>\n<p>Kategorie C:<\/p>\n<ul>\n<li>Aleksandra Pordzik<\/li>\n<li>Andreas Drescher<\/li>\n<li>Armin Fikus<\/li>\n<li>Emilia Bierek<\/li>\n<li>Gabriel Matysek<\/li>\n<li>Josef Chudalla<\/li>\n<li>Julia Mincer<\/li>\n<li>Julia Mutz<\/li>\n<li>Julia Przyby\u0142a<\/li>\n<li>Julia Trawiski<\/li>\n<li>Kamil Gr\u00f6hlich<\/li>\n<li>Laura Smyrek<\/li>\n<li>Lena Jantos<\/li>\n<li>Maja Gerstenberg<\/li>\n<li>Martin Miko\u0142ajczyk<\/li>\n<li>Marzell Rogosch<\/li>\n<li>Paulina Kupka<\/li>\n<li>Stefania Salzbrunn<\/li>\n<li>Vanessa Schreiber<\/li>\n<li>Weronika Dej<\/li>\n<li>Weronika Patrzek<\/li>\n<li>Wiktoria Kukulla<\/li>\n<li>Wiktoria Maruska<\/li>\n<li>Wiktoria Sobota<\/li>\n<\/ul>\n<p>&nbsp;<\/p>\n<p>Kategorie D:<\/p>\n<ul>\n<li>Anna Haberecht<\/li>\n<li>Anna Michalik<\/li>\n<li>Armin Piela<\/li>\n<li>Dawid Feliks<\/li>\n<li>Emilia Ludwig<\/li>\n<li>Julia Kaiser<\/li>\n<li>Kinga Szaforz<\/li>\n<li>Martina Kinder<\/li>\n<li>Patrycja Maruska<\/li>\n<li>Paulina Golasz<\/li>\n<li>Robert Kokott<\/li>\n<li>Saskie Broers<\/li>\n<li>Vanessa Korgiel<\/li>\n<li>Wiktoria Gr\u00f6hlich<\/li>\n<li>Wioletta Respondek<\/li>\n<\/ul>\n<p style=\"text-align: justify;\"><span>&nbsp;<\/span><\/p>\n<p><\/p>","protected":false},"excerpt":{"rendered":"<p>Bis zum 22. Mai konnten Sch\u00fclerinnen und Sch\u00fcler der Grundschulen und der Mittelstufen ihre Bewerbungen an die Sozial-Kulturelle Gesellschaft der Deutschen im Oppelner Schlesien f\u00fcr den Rezitationswettbewerb \u201cJugend tr\u00e4gt Gedichte vor \/ M\u0142odzie\u017c recytuje poezje\u201d abschicken. Insgesamt wurden 99 Personen ins Finale qualifiziert. Die Laureaten des Wettbewerbs sollen am 19 Juni 2020 bekannt gegeben werden. [&hellip;]<\/p>\n","protected":false},"author":7,"featured_media":23915,"comment_status":"closed","ping_status":"open","sticky":false,"template":"","format":"standard","meta":{"footnotes":""},"categories":[1],"tags":[],"class_list":["post-23914","post","type-post","status-publish","format-standard","has-post-thumbnail","hentry","category-aktualnosci"],"yoast_head":"<!-- This site is optimized with the Yoast SEO plugin v18.9 - https:\/\/yoast.com\/wordpress\/plugins\/seo\/ -->\n<title>Die Ergebnisse der ersten Etappe des Rezitationswettbewerbs &quot;Jugend tr\u00e4gt Gedichte vor&quot; - Deutsche Minderheit, Sozial-Kulturelle Gesellschaft der Deutschen im Oppelner Schlesien<\/title>\n<meta name=\"robots\" content=\"index, follow, max-snippet:-1, max-image-preview:large, max-video-preview:-1\" \/>\n<link rel=\"canonical\" href=\"https:\/\/skgd.pl\/wyniki-konkursu-recytatorskiego-mlodziez-recytuje-poezje\/\" \/>\n<meta property=\"og:locale\" content=\"de_DE\" \/>\n<meta property=\"og:type\" content=\"article\" \/>\n<meta property=\"og:title\" content=\"Die Ergebnisse der ersten Etappe des Rezitationswettbewerbs &quot;Jugend tr\u00e4gt Gedichte vor&quot; - Deutsche Minderheit, Sozial-Kulturelle Gesellschaft der Deutschen im Oppelner Schlesien\" \/>\n<meta property=\"og:description\" content=\"Bis zum 22. Mai konnten Sch\u00fclerinnen und Sch\u00fcler der Grundschulen und der Mittelstufen ihre Bewerbungen an die Sozial-Kulturelle Gesellschaft der Deutschen im Oppelner Schlesien f\u00fcr den Rezitationswettbewerb \u201cJugend tr\u00e4gt Gedichte vor \/ M\u0142odzie\u017c recytuje poezje\u201d abschicken. Insgesamt wurden 99 Personen ins Finale qualifiziert. Die Laureaten des Wettbewerbs sollen am 19 Juni 2020 bekannt gegeben werden. [&hellip;]\" \/>\n<meta property=\"og:url\" content=\"https:\/\/skgd.pl\/wyniki-konkursu-recytatorskiego-mlodziez-recytuje-poezje\/\" \/>\n<meta property=\"og:site_name\" content=\"Deutsche Minderheit, Sozial-Kulturelle Gesellschaft der Deutschen im Oppelner Schlesien\" \/>\n<meta property=\"article:published_time\" content=\"2020-06-08T08:55:25+00:00\" \/>\n<meta property=\"article:modified_time\" content=\"2020-06-09T07:37:12+00:00\" \/>\n<meta property=\"og:image\" content=\"https:\/\/skgd.pl\/wp-content\/uploads\/2020\/06\/Ergebnisse-Wyniki.jpg\" \/>\n\t<meta property=\"og:image:width\" content=\"940\" \/>\n\t<meta property=\"og:image:height\" content=\"788\" \/>\n\t<meta property=\"og:image:type\" content=\"image\/jpeg\" \/>\n<meta name=\"twitter:card\" content=\"summary_large_image\" \/>\n<meta name=\"twitter:label1\" content=\"Verfasst von\" \/>\n\t<meta name=\"twitter:data1\" content=\"Zuzanna Herud\" \/>\n\t<meta name=\"twitter:label2\" content=\"Gesch\u00e4tzte Lesezeit\" \/>\n\t<meta name=\"twitter:data2\" content=\"3\u00a0Minuten\" \/>\n<script type=\"application\/ld+json\" class=\"yoast-schema-graph\">{\"@context\":\"https:\/\/schema.org\",\"@graph\":[{\"@type\":\"WebSite\",\"@id\":\"https:\/\/skgd.pl\/#website\",\"url\":\"https:\/\/skgd.pl\/\",\"name\":\"Deutsche Minderheit, Sozial-Kulturelle Gesellschaft der Deutschen im Oppelner Schlesien\",\"description\":\"Deutsche Minderheit in Polen\",\"potentialAction\":[{\"@type\":\"SearchAction\",\"target\":{\"@type\":\"EntryPoint\",\"urlTemplate\":\"https:\/\/skgd.pl\/?s={search_term_string}\"},\"query-input\":\"required name=search_term_string\"}],\"inLanguage\":\"de\"},{\"@type\":\"ImageObject\",\"inLanguage\":\"de\",\"@id\":\"https:\/\/skgd.pl\/wyniki-konkursu-recytatorskiego-mlodziez-recytuje-poezje\/#primaryimage\",\"url\":\"https:\/\/skgd.pl\/wp-content\/uploads\/2020\/06\/Ergebnisse-Wyniki.jpg\",\"contentUrl\":\"https:\/\/skgd.pl\/wp-content\/uploads\/2020\/06\/Ergebnisse-Wyniki.jpg\",\"width\":940,\"height\":788},{\"@type\":\"WebPage\",\"@id\":\"https:\/\/skgd.pl\/wyniki-konkursu-recytatorskiego-mlodziez-recytuje-poezje\/#webpage\",\"url\":\"https:\/\/skgd.pl\/wyniki-konkursu-recytatorskiego-mlodziez-recytuje-poezje\/\",\"name\":\"Die Ergebnisse der ersten Etappe des Rezitationswettbewerbs \\\"Jugend tr\u00e4gt Gedichte vor\\\" - Deutsche Minderheit, Sozial-Kulturelle Gesellschaft der Deutschen im Oppelner Schlesien\",\"isPartOf\":{\"@id\":\"https:\/\/skgd.pl\/#website\"},\"primaryImageOfPage\":{\"@id\":\"https:\/\/skgd.pl\/wyniki-konkursu-recytatorskiego-mlodziez-recytuje-poezje\/#primaryimage\"},\"datePublished\":\"2020-06-08T08:55:25+00:00\",\"dateModified\":\"2020-06-09T07:37:12+00:00\",\"author\":{\"@id\":\"https:\/\/skgd.pl\/#\/schema\/person\/dcdd6dd89280fa49735a207f6d6dccd2\"},\"breadcrumb\":{\"@id\":\"https:\/\/skgd.pl\/wyniki-konkursu-recytatorskiego-mlodziez-recytuje-poezje\/#breadcrumb\"},\"inLanguage\":\"de\",\"potentialAction\":[{\"@type\":\"ReadAction\",\"target\":[\"https:\/\/skgd.pl\/wyniki-konkursu-recytatorskiego-mlodziez-recytuje-poezje\/\"]}]},{\"@type\":\"BreadcrumbList\",\"@id\":\"https:\/\/skgd.pl\/wyniki-konkursu-recytatorskiego-mlodziez-recytuje-poezje\/#breadcrumb\",\"itemListElement\":[{\"@type\":\"ListItem\",\"position\":1,\"name\":\"Strona g\u0142\u00f3wna\",\"item\":\"https:\/\/skgd.pl\/\"},{\"@type\":\"ListItem\",\"position\":2,\"name\":\"Wyniki pierwszego etapu Konkursu Recytatorskiego &#8220;M\u0142odzie\u017c recytuje poezj\u0119&#8221;\"}]},{\"@type\":\"Person\",\"@id\":\"https:\/\/skgd.pl\/#\/schema\/person\/dcdd6dd89280fa49735a207f6d6dccd2\",\"name\":\"Zuzanna Herud\",\"image\":{\"@type\":\"ImageObject\",\"inLanguage\":\"de\",\"@id\":\"https:\/\/skgd.pl\/#\/schema\/person\/image\/\",\"url\":\"https:\/\/secure.gravatar.com\/avatar\/a01f92cb4421a03a6fa61cc64f8d96dc?s=96&d=mm&r=g\",\"contentUrl\":\"https:\/\/secure.gravatar.com\/avatar\/a01f92cb4421a03a6fa61cc64f8d96dc?s=96&d=mm&r=g\",\"caption\":\"Zuzanna Herud\"},\"url\":\"https:\/\/skgd.pl\/de\/author\/zuzanna\/\"}]}<\/script>\n<!-- \/ Yoast SEO plugin. -->","yoast_head_json":{"title":"Die Ergebnisse der ersten Etappe des Rezitationswettbewerbs \"Jugend tr\u00e4gt Gedichte vor\" - Deutsche Minderheit, Sozial-Kulturelle Gesellschaft der Deutschen im Oppelner Schlesien","robots":{"index":"index","follow":"follow","max-snippet":"max-snippet:-1","max-image-preview":"max-image-preview:large","max-video-preview":"max-video-preview:-1"},"canonical":"https:\/\/skgd.pl\/wyniki-konkursu-recytatorskiego-mlodziez-recytuje-poezje\/","og_locale":"de_DE","og_type":"article","og_title":"Die Ergebnisse der ersten Etappe des Rezitationswettbewerbs \"Jugend tr\u00e4gt Gedichte vor\" - Deutsche Minderheit, Sozial-Kulturelle Gesellschaft der Deutschen im Oppelner Schlesien","og_description":"Bis zum 22. Mai konnten Sch\u00fclerinnen und Sch\u00fcler der Grundschulen und der Mittelstufen ihre Bewerbungen an die Sozial-Kulturelle Gesellschaft der Deutschen im Oppelner Schlesien f\u00fcr den Rezitationswettbewerb \u201cJugend tr\u00e4gt Gedichte vor \/ M\u0142odzie\u017c recytuje poezje\u201d abschicken. Insgesamt wurden 99 Personen ins Finale qualifiziert. Die Laureaten des Wettbewerbs sollen am 19 Juni 2020 bekannt gegeben werden. [&hellip;]","og_url":"https:\/\/skgd.pl\/wyniki-konkursu-recytatorskiego-mlodziez-recytuje-poezje\/","og_site_name":"Deutsche Minderheit, Sozial-Kulturelle Gesellschaft der Deutschen im Oppelner Schlesien","article_published_time":"2020-06-08T08:55:25+00:00","article_modified_time":"2020-06-09T07:37:12+00:00","og_image":[{"width":940,"height":788,"url":"https:\/\/skgd.pl\/wp-content\/uploads\/2020\/06\/Ergebnisse-Wyniki.jpg","type":"image\/jpeg"}],"twitter_card":"summary_large_image","twitter_misc":{"Verfasst von":"Zuzanna Herud","Gesch\u00e4tzte Lesezeit":"3\u00a0Minuten"},"schema":{"@context":"https:\/\/schema.org","@graph":[{"@type":"WebSite","@id":"https:\/\/skgd.pl\/#website","url":"https:\/\/skgd.pl\/","name":"Deutsche Minderheit, Sozial-Kulturelle Gesellschaft der Deutschen im Oppelner Schlesien","description":"Deutsche Minderheit in Polen","potentialAction":[{"@type":"SearchAction","target":{"@type":"EntryPoint","urlTemplate":"https:\/\/skgd.pl\/?s={search_term_string}"},"query-input":"required name=search_term_string"}],"inLanguage":"de"},{"@type":"ImageObject","inLanguage":"de","@id":"https:\/\/skgd.pl\/wyniki-konkursu-recytatorskiego-mlodziez-recytuje-poezje\/#primaryimage","url":"https:\/\/skgd.pl\/wp-content\/uploads\/2020\/06\/Ergebnisse-Wyniki.jpg","contentUrl":"https:\/\/skgd.pl\/wp-content\/uploads\/2020\/06\/Ergebnisse-Wyniki.jpg","width":940,"height":788},{"@type":"WebPage","@id":"https:\/\/skgd.pl\/wyniki-konkursu-recytatorskiego-mlodziez-recytuje-poezje\/#webpage","url":"https:\/\/skgd.pl\/wyniki-konkursu-recytatorskiego-mlodziez-recytuje-poezje\/","name":"Die Ergebnisse der ersten Etappe des Rezitationswettbewerbs \"Jugend tr\u00e4gt Gedichte vor\" - Deutsche Minderheit, Sozial-Kulturelle Gesellschaft der Deutschen im Oppelner Schlesien","isPartOf":{"@id":"https:\/\/skgd.pl\/#website"},"primaryImageOfPage":{"@id":"https:\/\/skgd.pl\/wyniki-konkursu-recytatorskiego-mlodziez-recytuje-poezje\/#primaryimage"},"datePublished":"2020-06-08T08:55:25+00:00","dateModified":"2020-06-09T07:37:12+00:00","author":{"@id":"https:\/\/skgd.pl\/#\/schema\/person\/dcdd6dd89280fa49735a207f6d6dccd2"},"breadcrumb":{"@id":"https:\/\/skgd.pl\/wyniki-konkursu-recytatorskiego-mlodziez-recytuje-poezje\/#breadcrumb"},"inLanguage":"de","potentialAction":[{"@type":"ReadAction","target":["https:\/\/skgd.pl\/wyniki-konkursu-recytatorskiego-mlodziez-recytuje-poezje\/"]}]},{"@type":"BreadcrumbList","@id":"https:\/\/skgd.pl\/wyniki-konkursu-recytatorskiego-mlodziez-recytuje-poezje\/#breadcrumb","itemListElement":[{"@type":"ListItem","position":1,"name":"Strona g\u0142\u00f3wna","item":"https:\/\/skgd.pl\/"},{"@type":"ListItem","position":2,"name":"Wyniki pierwszego etapu Konkursu Recytatorskiego &#8220;M\u0142odzie\u017c recytuje poezj\u0119&#8221;"}]},{"@type":"Person","@id":"https:\/\/skgd.pl\/#\/schema\/person\/dcdd6dd89280fa49735a207f6d6dccd2","name":"Zuzanna Herud","image":{"@type":"ImageObject","inLanguage":"de","@id":"https:\/\/skgd.pl\/#\/schema\/person\/image\/","url":"https:\/\/secure.gravatar.com\/avatar\/a01f92cb4421a03a6fa61cc64f8d96dc?s=96&d=mm&r=g","contentUrl":"https:\/\/secure.gravatar.com\/avatar\/a01f92cb4421a03a6fa61cc64f8d96dc?s=96&d=mm&r=g","caption":"Zuzanna Herud"},"url":"https:\/\/skgd.pl\/de\/author\/zuzanna\/"}]}},"_links":{"self":[{"href":"https:\/\/skgd.pl\/de\/wp-json\/wp\/v2\/posts\/23914","targetHints":{"allow":["GET"]}}],"collection":[{"href":"https:\/\/skgd.pl\/de\/wp-json\/wp\/v2\/posts"}],"about":[{"href":"https:\/\/skgd.pl\/de\/wp-json\/wp\/v2\/types\/post"}],"author":[{"embeddable":true,"href":"https:\/\/skgd.pl\/de\/wp-json\/wp\/v2\/users\/7"}],"replies":[{"embeddable":true,"href":"https:\/\/skgd.pl\/de\/wp-json\/wp\/v2\/comments?post=23914"}],"version-history":[{"count":9,"href":"https:\/\/skgd.pl\/de\/wp-json\/wp\/v2\/posts\/23914\/revisions"}],"predecessor-version":[{"id":23929,"href":"https:\/\/skgd.pl\/de\/wp-json\/wp\/v2\/posts\/23914\/revisions\/23929"}],"wp:featuredmedia":[{"embeddable":true,"href":"https:\/\/skgd.pl\/de\/wp-json\/wp\/v2\/media\/23915"}],"wp:attachment":[{"href":"https:\/\/skgd.pl\/de\/wp-json\/wp\/v2\/media?parent=23914"}],"wp:term":[{"taxonomy":"category","embeddable":true,"href":"https:\/\/skgd.pl\/de\/wp-json\/wp\/v2\/categories?post=23914"},{"taxonomy":"post_tag","embeddable":true,"href":"https:\/\/skgd.pl\/de\/wp-json\/wp\/v2\/tags?post=23914"}],"curies":[{"name":"wp","href":"https:\/\/api.w.org\/{rel}","templated":true}]}}