{"id":22540,"date":"2019-12-23T17:31:58","date_gmt":"2019-12-23T16:31:58","guid":{"rendered":"http:\/\/skgd.pl\/?p=22540"},"modified":"2019-12-22T17:41:12","modified_gmt":"2019-12-22T16:41:12","slug":"wesolych-swiat-3","status":"publish","type":"post","link":"https:\/\/skgd.pl\/de\/wesolych-swiat-3\/","title":{"rendered":"Frohe Weihnachten"},"content":{"rendered":"<p>Ein gesegnetes Weihnachtsfest und gesundes neues Jahr<br \/>\nB\u0142ogos\u0142awionych \u015awi\u0105t Bo\u017cego Narodzenia oraz szcz\u0119\u015bliwego Nowego Roku<\/p>\n<p>w\u00fcnschen \u2022 \u017cycz\u0105<\/p>\n<p>Rafa\u0142 Bartek<br \/>\nVorsitzender \u2022 Przewodnicz\u0105cy<\/p>\n<p>der Vorstand und die Mitarbeiter der SKGD im Oppelner Schlesien<br \/>\nZarz\u0105d oraz pracownicy TSKN na \u015al\u0105sku Opolskim<\/p>\n<p>Oppeln \u2022 Opole<br \/>\nWeihnachten \u2022 Bo\u017ce Narodzenie 2019<\/p>\n<p>&nbsp;<\/p>\n<p>Bl\u00fch denn, leuchte, goldner Baum,<br \/>\nErdentraum und Himmelstraum;<br \/>\nbl\u00fch und leuchte in Ewigkeit<br \/>\ndurch die arme Zeitlichkeit!<\/p>\n<p>Sei uns Bild und sei uns Schein,<br \/>\ndass wir sollen fr\u00f6hlich sein,<br \/>\nfr\u00f6hlich durch den s\u00fc\u00dfen Christ,<br \/>\nder des Lebens Leuchte ist.<\/p>\n<p>Sei uns Bild und sei uns Schein,<br \/>\ndass wir sollen tapfer sein<br \/>\nauf des Lebens Pilgerbahn,<br \/>\nk\u00e4mpfend gegen Lug und Wahn.<\/p>\n<p>Sei uns Bild und sei uns Schein,<br \/>\ndass wir sollen heilig sein,<br \/>\nrein wie Licht und himmelsklar,<br \/>\nwie das Kindlein Jesus war!<\/p>\n<p><i>Ernst Moritz Arndt<\/i><span style=\"font-family: Times New Roman, serif;\"><span style=\"font-size: medium;\"><span lang=\"de-DE\"><\/span><\/span><\/span><\/p>","protected":false},"excerpt":{"rendered":"<p>Ein gesegnetes Weihnachtsfest und gesundes neues Jahr B\u0142ogos\u0142awionych \u015awi\u0105t Bo\u017cego Narodzenia oraz szcz\u0119\u015bliwego Nowego Roku w\u00fcnschen \u2022 \u017cycz\u0105 Rafa\u0142 Bartek Vorsitzender \u2022 Przewodnicz\u0105cy der Vorstand und die Mitarbeiter der SKGD im Oppelner Schlesien Zarz\u0105d oraz pracownicy TSKN na \u015al\u0105sku Opolskim Oppeln \u2022 Opole Weihnachten \u2022 Bo\u017ce Narodzenie 2019 &nbsp; Bl\u00fch denn, leuchte, goldner Baum, Erdentraum [&hellip;]<\/p>\n","protected":false},"author":2,"featured_media":22543,"comment_status":"closed","ping_status":"open","sticky":false,"template":"","format":"standard","meta":{"footnotes":""},"categories":[1],"tags":[],"class_list":["post-22540","post","type-post","status-publish","format-standard","has-post-thumbnail","hentry","category-aktualnosci"],"yoast_head":"<!-- This site is optimized with the Yoast SEO plugin v18.9 - https:\/\/yoast.com\/wordpress\/plugins\/seo\/ -->\n<title>Frohe Weihnachten - Deutsche Minderheit, Sozial-Kulturelle Gesellschaft der Deutschen im Oppelner Schlesien<\/title>\n<meta name=\"robots\" content=\"index, follow, max-snippet:-1, max-image-preview:large, max-video-preview:-1\" \/>\n<link rel=\"canonical\" href=\"https:\/\/skgd.pl\/wesolych-swiat-3\/\" \/>\n<meta property=\"og:locale\" content=\"de_DE\" \/>\n<meta property=\"og:type\" content=\"article\" \/>\n<meta property=\"og:title\" content=\"Frohe Weihnachten - Deutsche Minderheit, Sozial-Kulturelle Gesellschaft der Deutschen im Oppelner Schlesien\" \/>\n<meta property=\"og:description\" content=\"Ein gesegnetes Weihnachtsfest und gesundes neues Jahr B\u0142ogos\u0142awionych \u015awi\u0105t Bo\u017cego Narodzenia oraz szcz\u0119\u015bliwego Nowego Roku w\u00fcnschen \u2022 \u017cycz\u0105 Rafa\u0142 Bartek Vorsitzender \u2022 Przewodnicz\u0105cy der Vorstand und die Mitarbeiter der SKGD im Oppelner Schlesien Zarz\u0105d oraz pracownicy TSKN na \u015al\u0105sku Opolskim Oppeln \u2022 Opole Weihnachten \u2022 Bo\u017ce Narodzenie 2019 &nbsp; Bl\u00fch denn, leuchte, goldner Baum, Erdentraum [&hellip;]\" \/>\n<meta property=\"og:url\" content=\"https:\/\/skgd.pl\/wesolych-swiat-3\/\" \/>\n<meta property=\"og:site_name\" content=\"Deutsche Minderheit, Sozial-Kulturelle Gesellschaft der Deutschen im Oppelner Schlesien\" \/>\n<meta property=\"article:published_time\" content=\"2019-12-23T16:31:58+00:00\" \/>\n<meta property=\"article:modified_time\" content=\"2019-12-22T16:41:12+00:00\" \/>\n<meta property=\"og:image\" content=\"https:\/\/skgd.pl\/wp-content\/uploads\/2019\/12\/kartka.png\" \/>\n\t<meta property=\"og:image:width\" content=\"930\" \/>\n\t<meta property=\"og:image:height\" content=\"468\" \/>\n\t<meta property=\"og:image:type\" content=\"image\/png\" \/>\n<meta name=\"twitter:card\" content=\"summary_large_image\" \/>\n<meta name=\"twitter:label1\" content=\"Verfasst von\" \/>\n\t<meta name=\"twitter:data1\" content=\"Joanna Hassa\" \/>\n\t<meta name=\"twitter:label2\" content=\"Gesch\u00e4tzte Lesezeit\" \/>\n\t<meta name=\"twitter:data2\" content=\"1\u00a0Minute\" \/>\n<script type=\"application\/ld+json\" class=\"yoast-schema-graph\">{\"@context\":\"https:\/\/schema.org\",\"@graph\":[{\"@type\":\"WebSite\",\"@id\":\"https:\/\/skgd.pl\/#website\",\"url\":\"https:\/\/skgd.pl\/\",\"name\":\"Deutsche Minderheit, Sozial-Kulturelle Gesellschaft der Deutschen im Oppelner Schlesien\",\"description\":\"Deutsche Minderheit in Polen\",\"potentialAction\":[{\"@type\":\"SearchAction\",\"target\":{\"@type\":\"EntryPoint\",\"urlTemplate\":\"https:\/\/skgd.pl\/?s={search_term_string}\"},\"query-input\":\"required name=search_term_string\"}],\"inLanguage\":\"de\"},{\"@type\":\"ImageObject\",\"inLanguage\":\"de\",\"@id\":\"https:\/\/skgd.pl\/wesolych-swiat-3\/#primaryimage\",\"url\":\"https:\/\/skgd.pl\/wp-content\/uploads\/2019\/12\/kartka.png\",\"contentUrl\":\"https:\/\/skgd.pl\/wp-content\/uploads\/2019\/12\/kartka.png\",\"width\":930,\"height\":468},{\"@type\":\"WebPage\",\"@id\":\"https:\/\/skgd.pl\/wesolych-swiat-3\/#webpage\",\"url\":\"https:\/\/skgd.pl\/wesolych-swiat-3\/\",\"name\":\"Frohe Weihnachten - Deutsche Minderheit, Sozial-Kulturelle Gesellschaft der Deutschen im Oppelner Schlesien\",\"isPartOf\":{\"@id\":\"https:\/\/skgd.pl\/#website\"},\"primaryImageOfPage\":{\"@id\":\"https:\/\/skgd.pl\/wesolych-swiat-3\/#primaryimage\"},\"datePublished\":\"2019-12-23T16:31:58+00:00\",\"dateModified\":\"2019-12-22T16:41:12+00:00\",\"author\":{\"@id\":\"https:\/\/skgd.pl\/#\/schema\/person\/0620fbcc0ddc3adae2d5dd9fdc163f03\"},\"breadcrumb\":{\"@id\":\"https:\/\/skgd.pl\/wesolych-swiat-3\/#breadcrumb\"},\"inLanguage\":\"de\",\"potentialAction\":[{\"@type\":\"ReadAction\",\"target\":[\"https:\/\/skgd.pl\/wesolych-swiat-3\/\"]}]},{\"@type\":\"BreadcrumbList\",\"@id\":\"https:\/\/skgd.pl\/wesolych-swiat-3\/#breadcrumb\",\"itemListElement\":[{\"@type\":\"ListItem\",\"position\":1,\"name\":\"Strona g\u0142\u00f3wna\",\"item\":\"https:\/\/skgd.pl\/\"},{\"@type\":\"ListItem\",\"position\":2,\"name\":\"Weso\u0142ych \u015awi\u0105t!\"}]},{\"@type\":\"Person\",\"@id\":\"https:\/\/skgd.pl\/#\/schema\/person\/0620fbcc0ddc3adae2d5dd9fdc163f03\",\"name\":\"Joanna Hassa\",\"image\":{\"@type\":\"ImageObject\",\"inLanguage\":\"de\",\"@id\":\"https:\/\/skgd.pl\/#\/schema\/person\/image\/\",\"url\":\"https:\/\/secure.gravatar.com\/avatar\/e91991b37fe2db6d44fd302c843edfdc?s=96&d=mm&r=g\",\"contentUrl\":\"https:\/\/secure.gravatar.com\/avatar\/e91991b37fe2db6d44fd302c843edfdc?s=96&d=mm&r=g\",\"caption\":\"Joanna Hassa\"},\"url\":\"https:\/\/skgd.pl\/de\/author\/asia\/\"}]}<\/script>\n<!-- \/ Yoast SEO plugin. -->","yoast_head_json":{"title":"Frohe Weihnachten - Deutsche Minderheit, Sozial-Kulturelle Gesellschaft der Deutschen im Oppelner Schlesien","robots":{"index":"index","follow":"follow","max-snippet":"max-snippet:-1","max-image-preview":"max-image-preview:large","max-video-preview":"max-video-preview:-1"},"canonical":"https:\/\/skgd.pl\/wesolych-swiat-3\/","og_locale":"de_DE","og_type":"article","og_title":"Frohe Weihnachten - Deutsche Minderheit, Sozial-Kulturelle Gesellschaft der Deutschen im Oppelner Schlesien","og_description":"Ein gesegnetes Weihnachtsfest und gesundes neues Jahr B\u0142ogos\u0142awionych \u015awi\u0105t Bo\u017cego Narodzenia oraz szcz\u0119\u015bliwego Nowego Roku w\u00fcnschen \u2022 \u017cycz\u0105 Rafa\u0142 Bartek Vorsitzender \u2022 Przewodnicz\u0105cy der Vorstand und die Mitarbeiter der SKGD im Oppelner Schlesien Zarz\u0105d oraz pracownicy TSKN na \u015al\u0105sku Opolskim Oppeln \u2022 Opole Weihnachten \u2022 Bo\u017ce Narodzenie 2019 &nbsp; Bl\u00fch denn, leuchte, goldner Baum, Erdentraum [&hellip;]","og_url":"https:\/\/skgd.pl\/wesolych-swiat-3\/","og_site_name":"Deutsche Minderheit, Sozial-Kulturelle Gesellschaft der Deutschen im Oppelner Schlesien","article_published_time":"2019-12-23T16:31:58+00:00","article_modified_time":"2019-12-22T16:41:12+00:00","og_image":[{"width":930,"height":468,"url":"https:\/\/skgd.pl\/wp-content\/uploads\/2019\/12\/kartka.png","type":"image\/png"}],"twitter_card":"summary_large_image","twitter_misc":{"Verfasst von":"Joanna Hassa","Gesch\u00e4tzte Lesezeit":"1\u00a0Minute"},"schema":{"@context":"https:\/\/schema.org","@graph":[{"@type":"WebSite","@id":"https:\/\/skgd.pl\/#website","url":"https:\/\/skgd.pl\/","name":"Deutsche Minderheit, Sozial-Kulturelle Gesellschaft der Deutschen im Oppelner Schlesien","description":"Deutsche Minderheit in Polen","potentialAction":[{"@type":"SearchAction","target":{"@type":"EntryPoint","urlTemplate":"https:\/\/skgd.pl\/?s={search_term_string}"},"query-input":"required name=search_term_string"}],"inLanguage":"de"},{"@type":"ImageObject","inLanguage":"de","@id":"https:\/\/skgd.pl\/wesolych-swiat-3\/#primaryimage","url":"https:\/\/skgd.pl\/wp-content\/uploads\/2019\/12\/kartka.png","contentUrl":"https:\/\/skgd.pl\/wp-content\/uploads\/2019\/12\/kartka.png","width":930,"height":468},{"@type":"WebPage","@id":"https:\/\/skgd.pl\/wesolych-swiat-3\/#webpage","url":"https:\/\/skgd.pl\/wesolych-swiat-3\/","name":"Frohe Weihnachten - Deutsche Minderheit, Sozial-Kulturelle Gesellschaft der Deutschen im Oppelner Schlesien","isPartOf":{"@id":"https:\/\/skgd.pl\/#website"},"primaryImageOfPage":{"@id":"https:\/\/skgd.pl\/wesolych-swiat-3\/#primaryimage"},"datePublished":"2019-12-23T16:31:58+00:00","dateModified":"2019-12-22T16:41:12+00:00","author":{"@id":"https:\/\/skgd.pl\/#\/schema\/person\/0620fbcc0ddc3adae2d5dd9fdc163f03"},"breadcrumb":{"@id":"https:\/\/skgd.pl\/wesolych-swiat-3\/#breadcrumb"},"inLanguage":"de","potentialAction":[{"@type":"ReadAction","target":["https:\/\/skgd.pl\/wesolych-swiat-3\/"]}]},{"@type":"BreadcrumbList","@id":"https:\/\/skgd.pl\/wesolych-swiat-3\/#breadcrumb","itemListElement":[{"@type":"ListItem","position":1,"name":"Strona g\u0142\u00f3wna","item":"https:\/\/skgd.pl\/"},{"@type":"ListItem","position":2,"name":"Weso\u0142ych \u015awi\u0105t!"}]},{"@type":"Person","@id":"https:\/\/skgd.pl\/#\/schema\/person\/0620fbcc0ddc3adae2d5dd9fdc163f03","name":"Joanna Hassa","image":{"@type":"ImageObject","inLanguage":"de","@id":"https:\/\/skgd.pl\/#\/schema\/person\/image\/","url":"https:\/\/secure.gravatar.com\/avatar\/e91991b37fe2db6d44fd302c843edfdc?s=96&d=mm&r=g","contentUrl":"https:\/\/secure.gravatar.com\/avatar\/e91991b37fe2db6d44fd302c843edfdc?s=96&d=mm&r=g","caption":"Joanna Hassa"},"url":"https:\/\/skgd.pl\/de\/author\/asia\/"}]}},"_links":{"self":[{"href":"https:\/\/skgd.pl\/de\/wp-json\/wp\/v2\/posts\/22540","targetHints":{"allow":["GET"]}}],"collection":[{"href":"https:\/\/skgd.pl\/de\/wp-json\/wp\/v2\/posts"}],"about":[{"href":"https:\/\/skgd.pl\/de\/wp-json\/wp\/v2\/types\/post"}],"author":[{"embeddable":true,"href":"https:\/\/skgd.pl\/de\/wp-json\/wp\/v2\/users\/2"}],"replies":[{"embeddable":true,"href":"https:\/\/skgd.pl\/de\/wp-json\/wp\/v2\/comments?post=22540"}],"version-history":[{"count":2,"href":"https:\/\/skgd.pl\/de\/wp-json\/wp\/v2\/posts\/22540\/revisions"}],"predecessor-version":[{"id":22545,"href":"https:\/\/skgd.pl\/de\/wp-json\/wp\/v2\/posts\/22540\/revisions\/22545"}],"wp:featuredmedia":[{"embeddable":true,"href":"https:\/\/skgd.pl\/de\/wp-json\/wp\/v2\/media\/22543"}],"wp:attachment":[{"href":"https:\/\/skgd.pl\/de\/wp-json\/wp\/v2\/media?parent=22540"}],"wp:term":[{"taxonomy":"category","embeddable":true,"href":"https:\/\/skgd.pl\/de\/wp-json\/wp\/v2\/categories?post=22540"},{"taxonomy":"post_tag","embeddable":true,"href":"https:\/\/skgd.pl\/de\/wp-json\/wp\/v2\/tags?post=22540"}],"curies":[{"name":"wp","href":"https:\/\/api.w.org\/{rel}","templated":true}]}}