{"id":22265,"date":"2019-11-17T18:37:25","date_gmt":"2019-11-17T17:37:25","guid":{"rendered":"http:\/\/skgd.pl\/?p=22265"},"modified":"2019-11-21T08:01:20","modified_gmt":"2019-11-21T07:01:20","slug":"final-projektu-jugendbox-3","status":"publish","type":"post","link":"https:\/\/skgd.pl\/de\/final-projektu-jugendbox-3\/","title":{"rendered":"Das FInale des Projektes Jugendbox"},"content":{"rendered":"<p>Am 23. November 2019 um 11.00 Uhr und am 24. November 2019 um 11.00 Uhr findet im Kulturhaus Oberglogau das Theaterfestival in der deutschen Sprache Finale des Projekts &#8220;Jugendbox&#8221;, statt.&nbsp;<\/p>\n<p>Im Programm des Theaterfestivals<\/p>\n<p>Auff\u00fchrung der Theaterst\u00fccke der Jugendgruppen aus dem:<\/p>\n<blockquote><p><span>23. November 2019- 11 Uhr&nbsp;<\/span><\/p><\/blockquote>\n<ol>\n<li>DFK Z\u00fclz- Betreuung: Herr Marek Dziony<\/li>\n<li>DFK Oberglogau- Betreuung: Herr Tomasz Cuber<\/li>\n<li>DFK Tost- Betreuung: Frau Aleksandra Kupczyk<\/li>\n<li>DFK Brosch\u00fctz- Betreuung: Frau Agata Makiola<\/li>\n<\/ol>\n<p>Ab ca. 17.00 Uhr Stadtspiel f\u00fcr Jugendliche &#8220;Das Labyrinth des Grafen Oppersdorff&#8221;<\/p>\n<p><span>24. November 2019- 11.00 Uhr&nbsp;<\/span><\/p>\n<ol>\n<li>DFK Proskau- Betreuung: Frau Helena Kowol<\/li>\n<li>DFK Lonschnik- Betreuung: Frau Dorota Haberecht<\/li>\n<li>DFK Glatz- Betreuung: Frau Helena Bilecka-So\u0142tysik<\/li>\n<\/ol>\n<p>Ab ca. 15.30 eine Theatervorstellung (\u00dcberraschung) f\u00fcr alle Teilnehmer<\/p>","protected":false},"excerpt":{"rendered":"<p>Am 23. November 2019 um 11.00 Uhr und am 24. November 2019 um 11.00 Uhr findet im Kulturhaus Oberglogau das Theaterfestival in der deutschen Sprache Finale des Projekts &#8220;Jugendbox&#8221;, statt.&nbsp; Im Programm des Theaterfestivals Auff\u00fchrung der Theaterst\u00fccke der Jugendgruppen aus dem: 23. November 2019- 11 Uhr&nbsp; DFK Z\u00fclz- Betreuung: Herr Marek Dziony DFK Oberglogau- Betreuung: [&hellip;]<\/p>\n","protected":false},"author":2,"featured_media":22288,"comment_status":"closed","ping_status":"open","sticky":false,"template":"","format":"standard","meta":{"footnotes":""},"categories":[1],"tags":[],"class_list":["post-22265","post","type-post","status-publish","format-standard","has-post-thumbnail","hentry","category-aktualnosci"],"yoast_head":"<!-- This site is optimized with the Yoast SEO plugin v18.9 - https:\/\/yoast.com\/wordpress\/plugins\/seo\/ -->\n<title>Das FInale des Projektes Jugendbox - Deutsche Minderheit, Sozial-Kulturelle Gesellschaft der Deutschen im Oppelner Schlesien<\/title>\n<meta name=\"robots\" content=\"index, follow, max-snippet:-1, max-image-preview:large, max-video-preview:-1\" \/>\n<link rel=\"canonical\" href=\"https:\/\/skgd.pl\/final-projektu-jugendbox-3\/\" \/>\n<meta property=\"og:locale\" content=\"de_DE\" \/>\n<meta property=\"og:type\" content=\"article\" \/>\n<meta property=\"og:title\" content=\"Das FInale des Projektes Jugendbox - Deutsche Minderheit, Sozial-Kulturelle Gesellschaft der Deutschen im Oppelner Schlesien\" \/>\n<meta property=\"og:description\" content=\"Am 23. November 2019 um 11.00 Uhr und am 24. November 2019 um 11.00 Uhr findet im Kulturhaus Oberglogau das Theaterfestival in der deutschen Sprache Finale des Projekts &#8220;Jugendbox&#8221;, statt.&nbsp; Im Programm des Theaterfestivals Auff\u00fchrung der Theaterst\u00fccke der Jugendgruppen aus dem: 23. November 2019- 11 Uhr&nbsp; DFK Z\u00fclz- Betreuung: Herr Marek Dziony DFK Oberglogau- Betreuung: [&hellip;]\" \/>\n<meta property=\"og:url\" content=\"https:\/\/skgd.pl\/final-projektu-jugendbox-3\/\" \/>\n<meta property=\"og:site_name\" content=\"Deutsche Minderheit, Sozial-Kulturelle Gesellschaft der Deutschen im Oppelner Schlesien\" \/>\n<meta property=\"article:published_time\" content=\"2019-11-17T17:37:25+00:00\" \/>\n<meta property=\"article:modified_time\" content=\"2019-11-21T07:01:20+00:00\" \/>\n<meta property=\"og:image\" content=\"https:\/\/skgd.pl\/wp-content\/uploads\/2019\/11\/WhatsApp-Image-2019-11-20-at-23.03.58.jpeg\" \/>\n\t<meta property=\"og:image:width\" content=\"681\" \/>\n\t<meta property=\"og:image:height\" content=\"960\" \/>\n\t<meta property=\"og:image:type\" content=\"image\/jpeg\" \/>\n<meta name=\"twitter:card\" content=\"summary_large_image\" \/>\n<meta name=\"twitter:label1\" content=\"Verfasst von\" \/>\n\t<meta name=\"twitter:data1\" content=\"Joanna Hassa\" \/>\n\t<meta name=\"twitter:label2\" content=\"Gesch\u00e4tzte Lesezeit\" \/>\n\t<meta name=\"twitter:data2\" content=\"1\u00a0Minute\" \/>\n<script type=\"application\/ld+json\" class=\"yoast-schema-graph\">{\"@context\":\"https:\/\/schema.org\",\"@graph\":[{\"@type\":\"WebSite\",\"@id\":\"https:\/\/skgd.pl\/#website\",\"url\":\"https:\/\/skgd.pl\/\",\"name\":\"Deutsche Minderheit, Sozial-Kulturelle Gesellschaft der Deutschen im Oppelner Schlesien\",\"description\":\"Deutsche Minderheit in Polen\",\"potentialAction\":[{\"@type\":\"SearchAction\",\"target\":{\"@type\":\"EntryPoint\",\"urlTemplate\":\"https:\/\/skgd.pl\/?s={search_term_string}\"},\"query-input\":\"required name=search_term_string\"}],\"inLanguage\":\"de\"},{\"@type\":\"ImageObject\",\"inLanguage\":\"de\",\"@id\":\"https:\/\/skgd.pl\/final-projektu-jugendbox-3\/#primaryimage\",\"url\":\"https:\/\/skgd.pl\/wp-content\/uploads\/2019\/11\/WhatsApp-Image-2019-11-20-at-23.03.58.jpeg\",\"contentUrl\":\"https:\/\/skgd.pl\/wp-content\/uploads\/2019\/11\/WhatsApp-Image-2019-11-20-at-23.03.58.jpeg\",\"width\":681,\"height\":960},{\"@type\":\"WebPage\",\"@id\":\"https:\/\/skgd.pl\/final-projektu-jugendbox-3\/#webpage\",\"url\":\"https:\/\/skgd.pl\/final-projektu-jugendbox-3\/\",\"name\":\"Das FInale des Projektes Jugendbox - Deutsche Minderheit, Sozial-Kulturelle Gesellschaft der Deutschen im Oppelner Schlesien\",\"isPartOf\":{\"@id\":\"https:\/\/skgd.pl\/#website\"},\"primaryImageOfPage\":{\"@id\":\"https:\/\/skgd.pl\/final-projektu-jugendbox-3\/#primaryimage\"},\"datePublished\":\"2019-11-17T17:37:25+00:00\",\"dateModified\":\"2019-11-21T07:01:20+00:00\",\"author\":{\"@id\":\"https:\/\/skgd.pl\/#\/schema\/person\/0620fbcc0ddc3adae2d5dd9fdc163f03\"},\"breadcrumb\":{\"@id\":\"https:\/\/skgd.pl\/final-projektu-jugendbox-3\/#breadcrumb\"},\"inLanguage\":\"de\",\"potentialAction\":[{\"@type\":\"ReadAction\",\"target\":[\"https:\/\/skgd.pl\/final-projektu-jugendbox-3\/\"]}]},{\"@type\":\"BreadcrumbList\",\"@id\":\"https:\/\/skgd.pl\/final-projektu-jugendbox-3\/#breadcrumb\",\"itemListElement\":[{\"@type\":\"ListItem\",\"position\":1,\"name\":\"Strona g\u0142\u00f3wna\",\"item\":\"https:\/\/skgd.pl\/\"},{\"@type\":\"ListItem\",\"position\":2,\"name\":\"Fina\u0142 projektu Jugendbox\"}]},{\"@type\":\"Person\",\"@id\":\"https:\/\/skgd.pl\/#\/schema\/person\/0620fbcc0ddc3adae2d5dd9fdc163f03\",\"name\":\"Joanna Hassa\",\"image\":{\"@type\":\"ImageObject\",\"inLanguage\":\"de\",\"@id\":\"https:\/\/skgd.pl\/#\/schema\/person\/image\/\",\"url\":\"https:\/\/secure.gravatar.com\/avatar\/e91991b37fe2db6d44fd302c843edfdc?s=96&d=mm&r=g\",\"contentUrl\":\"https:\/\/secure.gravatar.com\/avatar\/e91991b37fe2db6d44fd302c843edfdc?s=96&d=mm&r=g\",\"caption\":\"Joanna Hassa\"},\"url\":\"https:\/\/skgd.pl\/de\/author\/asia\/\"}]}<\/script>\n<!-- \/ Yoast SEO plugin. -->","yoast_head_json":{"title":"Das FInale des Projektes Jugendbox - Deutsche Minderheit, Sozial-Kulturelle Gesellschaft der Deutschen im Oppelner Schlesien","robots":{"index":"index","follow":"follow","max-snippet":"max-snippet:-1","max-image-preview":"max-image-preview:large","max-video-preview":"max-video-preview:-1"},"canonical":"https:\/\/skgd.pl\/final-projektu-jugendbox-3\/","og_locale":"de_DE","og_type":"article","og_title":"Das FInale des Projektes Jugendbox - Deutsche Minderheit, Sozial-Kulturelle Gesellschaft der Deutschen im Oppelner Schlesien","og_description":"Am 23. November 2019 um 11.00 Uhr und am 24. November 2019 um 11.00 Uhr findet im Kulturhaus Oberglogau das Theaterfestival in der deutschen Sprache Finale des Projekts &#8220;Jugendbox&#8221;, statt.&nbsp; Im Programm des Theaterfestivals Auff\u00fchrung der Theaterst\u00fccke der Jugendgruppen aus dem: 23. November 2019- 11 Uhr&nbsp; DFK Z\u00fclz- Betreuung: Herr Marek Dziony DFK Oberglogau- Betreuung: [&hellip;]","og_url":"https:\/\/skgd.pl\/final-projektu-jugendbox-3\/","og_site_name":"Deutsche Minderheit, Sozial-Kulturelle Gesellschaft der Deutschen im Oppelner Schlesien","article_published_time":"2019-11-17T17:37:25+00:00","article_modified_time":"2019-11-21T07:01:20+00:00","og_image":[{"width":681,"height":960,"url":"https:\/\/skgd.pl\/wp-content\/uploads\/2019\/11\/WhatsApp-Image-2019-11-20-at-23.03.58.jpeg","type":"image\/jpeg"}],"twitter_card":"summary_large_image","twitter_misc":{"Verfasst von":"Joanna Hassa","Gesch\u00e4tzte Lesezeit":"1\u00a0Minute"},"schema":{"@context":"https:\/\/schema.org","@graph":[{"@type":"WebSite","@id":"https:\/\/skgd.pl\/#website","url":"https:\/\/skgd.pl\/","name":"Deutsche Minderheit, Sozial-Kulturelle Gesellschaft der Deutschen im Oppelner Schlesien","description":"Deutsche Minderheit in Polen","potentialAction":[{"@type":"SearchAction","target":{"@type":"EntryPoint","urlTemplate":"https:\/\/skgd.pl\/?s={search_term_string}"},"query-input":"required name=search_term_string"}],"inLanguage":"de"},{"@type":"ImageObject","inLanguage":"de","@id":"https:\/\/skgd.pl\/final-projektu-jugendbox-3\/#primaryimage","url":"https:\/\/skgd.pl\/wp-content\/uploads\/2019\/11\/WhatsApp-Image-2019-11-20-at-23.03.58.jpeg","contentUrl":"https:\/\/skgd.pl\/wp-content\/uploads\/2019\/11\/WhatsApp-Image-2019-11-20-at-23.03.58.jpeg","width":681,"height":960},{"@type":"WebPage","@id":"https:\/\/skgd.pl\/final-projektu-jugendbox-3\/#webpage","url":"https:\/\/skgd.pl\/final-projektu-jugendbox-3\/","name":"Das FInale des Projektes Jugendbox - Deutsche Minderheit, Sozial-Kulturelle Gesellschaft der Deutschen im Oppelner Schlesien","isPartOf":{"@id":"https:\/\/skgd.pl\/#website"},"primaryImageOfPage":{"@id":"https:\/\/skgd.pl\/final-projektu-jugendbox-3\/#primaryimage"},"datePublished":"2019-11-17T17:37:25+00:00","dateModified":"2019-11-21T07:01:20+00:00","author":{"@id":"https:\/\/skgd.pl\/#\/schema\/person\/0620fbcc0ddc3adae2d5dd9fdc163f03"},"breadcrumb":{"@id":"https:\/\/skgd.pl\/final-projektu-jugendbox-3\/#breadcrumb"},"inLanguage":"de","potentialAction":[{"@type":"ReadAction","target":["https:\/\/skgd.pl\/final-projektu-jugendbox-3\/"]}]},{"@type":"BreadcrumbList","@id":"https:\/\/skgd.pl\/final-projektu-jugendbox-3\/#breadcrumb","itemListElement":[{"@type":"ListItem","position":1,"name":"Strona g\u0142\u00f3wna","item":"https:\/\/skgd.pl\/"},{"@type":"ListItem","position":2,"name":"Fina\u0142 projektu Jugendbox"}]},{"@type":"Person","@id":"https:\/\/skgd.pl\/#\/schema\/person\/0620fbcc0ddc3adae2d5dd9fdc163f03","name":"Joanna Hassa","image":{"@type":"ImageObject","inLanguage":"de","@id":"https:\/\/skgd.pl\/#\/schema\/person\/image\/","url":"https:\/\/secure.gravatar.com\/avatar\/e91991b37fe2db6d44fd302c843edfdc?s=96&d=mm&r=g","contentUrl":"https:\/\/secure.gravatar.com\/avatar\/e91991b37fe2db6d44fd302c843edfdc?s=96&d=mm&r=g","caption":"Joanna Hassa"},"url":"https:\/\/skgd.pl\/de\/author\/asia\/"}]}},"_links":{"self":[{"href":"https:\/\/skgd.pl\/de\/wp-json\/wp\/v2\/posts\/22265","targetHints":{"allow":["GET"]}}],"collection":[{"href":"https:\/\/skgd.pl\/de\/wp-json\/wp\/v2\/posts"}],"about":[{"href":"https:\/\/skgd.pl\/de\/wp-json\/wp\/v2\/types\/post"}],"author":[{"embeddable":true,"href":"https:\/\/skgd.pl\/de\/wp-json\/wp\/v2\/users\/2"}],"replies":[{"embeddable":true,"href":"https:\/\/skgd.pl\/de\/wp-json\/wp\/v2\/comments?post=22265"}],"version-history":[{"count":2,"href":"https:\/\/skgd.pl\/de\/wp-json\/wp\/v2\/posts\/22265\/revisions"}],"predecessor-version":[{"id":22273,"href":"https:\/\/skgd.pl\/de\/wp-json\/wp\/v2\/posts\/22265\/revisions\/22273"}],"wp:featuredmedia":[{"embeddable":true,"href":"https:\/\/skgd.pl\/de\/wp-json\/wp\/v2\/media\/22288"}],"wp:attachment":[{"href":"https:\/\/skgd.pl\/de\/wp-json\/wp\/v2\/media?parent=22265"}],"wp:term":[{"taxonomy":"category","embeddable":true,"href":"https:\/\/skgd.pl\/de\/wp-json\/wp\/v2\/categories?post=22265"},{"taxonomy":"post_tag","embeddable":true,"href":"https:\/\/skgd.pl\/de\/wp-json\/wp\/v2\/tags?post=22265"}],"curies":[{"name":"wp","href":"https:\/\/api.w.org\/{rel}","templated":true}]}}