{"id":22241,"date":"2019-11-13T08:59:21","date_gmt":"2019-11-13T07:59:21","guid":{"rendered":"http:\/\/skgd.pl\/?p=22241"},"modified":"2019-11-12T20:03:05","modified_gmt":"2019-11-12T19:03:05","slug":"grupa-robocza-mniejszosci-niemieckich-uchwalila-w-berlinie-dwie-rezolucje","status":"publish","type":"post","link":"https:\/\/skgd.pl\/de\/grupa-robocza-mniejszosci-niemieckich-uchwalila-w-berlinie-dwie-rezolucje\/","title":{"rendered":"AGDM verabschiedet in Berlin zwei Resolutionen"},"content":{"rendered":"<p><\/p>\n<p style=\"text-align: justify;\">Am 07.11.2019, dem letzten Tag der diesj\u00e4hrigen AGDM Jahrestagung in Berlin wurde aufgrund der prek\u00e4ren Situation im Bereich Bildung der deutschen Minderheit in Polen durch den Vertreter der deutschen Minderheiten aus 19 L\u00e4ndern Europas und den Nachfolgestaaten der ehemaligen Sowjetunion einstimmig eine Pressemitteilung verabschiedet. Im Hinblick auf die Aussage des stellvertretenden polnischen Au\u00dferministers Szymon Szynkowski vel S\u0119k, der die Bedingungen erhoben hat, dass weitere Rechte f\u00fcr die deutsche Minderheit in Polen nur dann umgesetzt werden sollen, wenn im Gegenzug die in Deutschland lebenden Polen mehr Rechte und Privilegien bekommen,&nbsp;sowie den Zugang von Kindern der 7. und 8. Klasse der Grundschule durch eine neue Auslegung der Gesetzgebung eingeschr\u00e4nkt hat.&nbsp;Was bedeutet, dass&nbsp;Kinder, die Deutsch als Minderheitensprache haben, Deutsch nicht mehr als Fremdsprache w\u00e4hlen d\u00fcrfen, wodurch die Kinder erheblich benachteiligt werden.<\/p>\n<p style=\"text-align: justify;\">Wortlaut der Pressemitteilung der AGDM finden Sie unter:<\/p>\n<p style=\"text-align: justify;\"><a href=\"https:\/\/agdm.fuen.org\/aktuelles\/mx27-aktuelles-pressemitteilung-der-arbeitsgemeinschaft-deutscher-minderheiten-zum-geforderten-gegenseitigkeitsprinzip-in-den-deutsch-polnischen-beziehungen-des-stellvertretenden-aussenministers-polens\/\">https:\/\/agdm.fuen.org\/aktuelles\/mx27-aktuelles-pressemitteilung-der-arbeitsgemeinschaft-deutscher-minderheiten-zum-geforderten-gegenseitigkeitsprinzip-in-den-deutsch-polnischen-beziehungen-des-stellvertretenden-aussenministers-polens\/<\/a><\/p>\n<p style=\"text-align: justify;\">Des Weiteren wurden im Rahmen der 28. Jahrestagung der AGDM zwei Resolutionen ( \u201eResolution zum 75. Jahrestag des Ende des 2. Weltkrieges\u201d und \u201eResolution zur Zukunftsausrichtung der Deutschen Minderheiten\u201d), an Prof. Dr. Bernd Fabritius, Beauftragter der Bundesregierung f\u00fcr Aussiedlerfragen und nationale Minderheiten und Eckhard Pols, Vorsitzender der Gruppe der Vertriebenen, Aussiedler und deutschen Minderheiten, im Deutschen Bundestag \u00fcberreicht.&nbsp;<\/p>\n<p style=\"text-align: justify;\">Im Anhang pr\u00e4sentieren wir der Inhalt dieser Resolutionen.<\/p>\n<p><\/p>","protected":false},"excerpt":{"rendered":"<p>Am 07.11.2019, dem letzten Tag der diesj\u00e4hrigen AGDM Jahrestagung in Berlin wurde aufgrund der prek\u00e4ren Situation im Bereich Bildung der deutschen Minderheit in Polen durch den Vertreter der deutschen Minderheiten aus 19 L\u00e4ndern Europas und den Nachfolgestaaten der ehemaligen Sowjetunion einstimmig eine Pressemitteilung verabschiedet. Im Hinblick auf die Aussage des stellvertretenden polnischen Au\u00dferministers Szymon Szynkowski [&hellip;]<\/p>\n","protected":false},"author":2,"featured_media":22244,"comment_status":"closed","ping_status":"open","sticky":false,"template":"","format":"standard","meta":{"footnotes":""},"categories":[1],"tags":[],"class_list":["post-22241","post","type-post","status-publish","format-standard","has-post-thumbnail","hentry","category-aktualnosci"],"yoast_head":"<!-- This site is optimized with the Yoast SEO plugin v18.9 - https:\/\/yoast.com\/wordpress\/plugins\/seo\/ -->\n<title>AGDM verabschiedet in Berlin zwei Resolutionen - Deutsche Minderheit, Sozial-Kulturelle Gesellschaft der Deutschen im Oppelner Schlesien<\/title>\n<meta name=\"robots\" content=\"index, follow, max-snippet:-1, max-image-preview:large, max-video-preview:-1\" \/>\n<link rel=\"canonical\" href=\"https:\/\/skgd.pl\/de\/grupa-robocza-mniejszosci-niemieckich-uchwalila-w-berlinie-dwie-rezolucje\/\" \/>\n<meta property=\"og:locale\" content=\"de_DE\" \/>\n<meta property=\"og:type\" content=\"article\" \/>\n<meta property=\"og:title\" content=\"AGDM verabschiedet in Berlin zwei Resolutionen - Deutsche Minderheit, Sozial-Kulturelle Gesellschaft der Deutschen im Oppelner Schlesien\" \/>\n<meta property=\"og:description\" content=\"Am 07.11.2019, dem letzten Tag der diesj\u00e4hrigen AGDM Jahrestagung in Berlin wurde aufgrund der prek\u00e4ren Situation im Bereich Bildung der deutschen Minderheit in Polen durch den Vertreter der deutschen Minderheiten aus 19 L\u00e4ndern Europas und den Nachfolgestaaten der ehemaligen Sowjetunion einstimmig eine Pressemitteilung verabschiedet. Im Hinblick auf die Aussage des stellvertretenden polnischen Au\u00dferministers Szymon Szynkowski [&hellip;]\" \/>\n<meta property=\"og:url\" content=\"https:\/\/skgd.pl\/de\/grupa-robocza-mniejszosci-niemieckich-uchwalila-w-berlinie-dwie-rezolucje\/\" \/>\n<meta property=\"og:site_name\" content=\"Deutsche Minderheit, Sozial-Kulturelle Gesellschaft der Deutschen im Oppelner Schlesien\" \/>\n<meta property=\"article:published_time\" content=\"2019-11-13T07:59:21+00:00\" \/>\n<meta property=\"article:modified_time\" content=\"2019-11-12T19:03:05+00:00\" \/>\n<meta property=\"og:image\" content=\"https:\/\/skgd.pl\/wp-content\/uploads\/2019\/11\/6db2bcfc21033e7e2bf1f556354b22bd_L.jpg\" \/>\n\t<meta property=\"og:image:width\" content=\"829\" \/>\n\t<meta property=\"og:image:height\" content=\"527\" \/>\n\t<meta property=\"og:image:type\" content=\"image\/jpeg\" \/>\n<meta name=\"twitter:card\" content=\"summary_large_image\" \/>\n<meta name=\"twitter:label1\" content=\"Verfasst von\" \/>\n\t<meta name=\"twitter:data1\" content=\"Joanna Hassa\" \/>\n\t<meta name=\"twitter:label2\" content=\"Gesch\u00e4tzte Lesezeit\" \/>\n\t<meta name=\"twitter:data2\" content=\"2\u00a0Minuten\" \/>\n<script type=\"application\/ld+json\" class=\"yoast-schema-graph\">{\"@context\":\"https:\/\/schema.org\",\"@graph\":[{\"@type\":\"WebSite\",\"@id\":\"https:\/\/skgd.pl\/#website\",\"url\":\"https:\/\/skgd.pl\/\",\"name\":\"Deutsche Minderheit, Sozial-Kulturelle Gesellschaft der Deutschen im Oppelner Schlesien\",\"description\":\"Deutsche Minderheit in Polen\",\"potentialAction\":[{\"@type\":\"SearchAction\",\"target\":{\"@type\":\"EntryPoint\",\"urlTemplate\":\"https:\/\/skgd.pl\/?s={search_term_string}\"},\"query-input\":\"required name=search_term_string\"}],\"inLanguage\":\"de\"},{\"@type\":\"ImageObject\",\"inLanguage\":\"de\",\"@id\":\"https:\/\/skgd.pl\/de\/grupa-robocza-mniejszosci-niemieckich-uchwalila-w-berlinie-dwie-rezolucje\/#primaryimage\",\"url\":\"https:\/\/skgd.pl\/wp-content\/uploads\/2019\/11\/6db2bcfc21033e7e2bf1f556354b22bd_L.jpg\",\"contentUrl\":\"https:\/\/skgd.pl\/wp-content\/uploads\/2019\/11\/6db2bcfc21033e7e2bf1f556354b22bd_L.jpg\",\"width\":829,\"height\":527},{\"@type\":\"WebPage\",\"@id\":\"https:\/\/skgd.pl\/de\/grupa-robocza-mniejszosci-niemieckich-uchwalila-w-berlinie-dwie-rezolucje\/#webpage\",\"url\":\"https:\/\/skgd.pl\/de\/grupa-robocza-mniejszosci-niemieckich-uchwalila-w-berlinie-dwie-rezolucje\/\",\"name\":\"AGDM verabschiedet in Berlin zwei Resolutionen - Deutsche Minderheit, Sozial-Kulturelle Gesellschaft der Deutschen im Oppelner Schlesien\",\"isPartOf\":{\"@id\":\"https:\/\/skgd.pl\/#website\"},\"primaryImageOfPage\":{\"@id\":\"https:\/\/skgd.pl\/de\/grupa-robocza-mniejszosci-niemieckich-uchwalila-w-berlinie-dwie-rezolucje\/#primaryimage\"},\"datePublished\":\"2019-11-13T07:59:21+00:00\",\"dateModified\":\"2019-11-12T19:03:05+00:00\",\"author\":{\"@id\":\"https:\/\/skgd.pl\/#\/schema\/person\/0620fbcc0ddc3adae2d5dd9fdc163f03\"},\"breadcrumb\":{\"@id\":\"https:\/\/skgd.pl\/de\/grupa-robocza-mniejszosci-niemieckich-uchwalila-w-berlinie-dwie-rezolucje\/#breadcrumb\"},\"inLanguage\":\"de\",\"potentialAction\":[{\"@type\":\"ReadAction\",\"target\":[\"https:\/\/skgd.pl\/de\/grupa-robocza-mniejszosci-niemieckich-uchwalila-w-berlinie-dwie-rezolucje\/\"]}]},{\"@type\":\"BreadcrumbList\",\"@id\":\"https:\/\/skgd.pl\/de\/grupa-robocza-mniejszosci-niemieckich-uchwalila-w-berlinie-dwie-rezolucje\/#breadcrumb\",\"itemListElement\":[{\"@type\":\"ListItem\",\"position\":1,\"name\":\"Strona g\u0142\u00f3wna\",\"item\":\"https:\/\/skgd.pl\/\"},{\"@type\":\"ListItem\",\"position\":2,\"name\":\"AGDM verabschiedet in Berlin zwei Resolutionen\"}]},{\"@type\":\"Person\",\"@id\":\"https:\/\/skgd.pl\/#\/schema\/person\/0620fbcc0ddc3adae2d5dd9fdc163f03\",\"name\":\"Joanna Hassa\",\"image\":{\"@type\":\"ImageObject\",\"inLanguage\":\"de\",\"@id\":\"https:\/\/skgd.pl\/#\/schema\/person\/image\/\",\"url\":\"https:\/\/secure.gravatar.com\/avatar\/e91991b37fe2db6d44fd302c843edfdc?s=96&d=mm&r=g\",\"contentUrl\":\"https:\/\/secure.gravatar.com\/avatar\/e91991b37fe2db6d44fd302c843edfdc?s=96&d=mm&r=g\",\"caption\":\"Joanna Hassa\"},\"url\":\"https:\/\/skgd.pl\/de\/author\/asia\/\"}]}<\/script>\n<!-- \/ Yoast SEO plugin. -->","yoast_head_json":{"title":"AGDM verabschiedet in Berlin zwei Resolutionen - Deutsche Minderheit, Sozial-Kulturelle Gesellschaft der Deutschen im Oppelner Schlesien","robots":{"index":"index","follow":"follow","max-snippet":"max-snippet:-1","max-image-preview":"max-image-preview:large","max-video-preview":"max-video-preview:-1"},"canonical":"https:\/\/skgd.pl\/de\/grupa-robocza-mniejszosci-niemieckich-uchwalila-w-berlinie-dwie-rezolucje\/","og_locale":"de_DE","og_type":"article","og_title":"AGDM verabschiedet in Berlin zwei Resolutionen - Deutsche Minderheit, Sozial-Kulturelle Gesellschaft der Deutschen im Oppelner Schlesien","og_description":"Am 07.11.2019, dem letzten Tag der diesj\u00e4hrigen AGDM Jahrestagung in Berlin wurde aufgrund der prek\u00e4ren Situation im Bereich Bildung der deutschen Minderheit in Polen durch den Vertreter der deutschen Minderheiten aus 19 L\u00e4ndern Europas und den Nachfolgestaaten der ehemaligen Sowjetunion einstimmig eine Pressemitteilung verabschiedet. Im Hinblick auf die Aussage des stellvertretenden polnischen Au\u00dferministers Szymon Szynkowski [&hellip;]","og_url":"https:\/\/skgd.pl\/de\/grupa-robocza-mniejszosci-niemieckich-uchwalila-w-berlinie-dwie-rezolucje\/","og_site_name":"Deutsche Minderheit, Sozial-Kulturelle Gesellschaft der Deutschen im Oppelner Schlesien","article_published_time":"2019-11-13T07:59:21+00:00","article_modified_time":"2019-11-12T19:03:05+00:00","og_image":[{"width":829,"height":527,"url":"https:\/\/skgd.pl\/wp-content\/uploads\/2019\/11\/6db2bcfc21033e7e2bf1f556354b22bd_L.jpg","type":"image\/jpeg"}],"twitter_card":"summary_large_image","twitter_misc":{"Verfasst von":"Joanna Hassa","Gesch\u00e4tzte Lesezeit":"2\u00a0Minuten"},"schema":{"@context":"https:\/\/schema.org","@graph":[{"@type":"WebSite","@id":"https:\/\/skgd.pl\/#website","url":"https:\/\/skgd.pl\/","name":"Deutsche Minderheit, Sozial-Kulturelle Gesellschaft der Deutschen im Oppelner Schlesien","description":"Deutsche Minderheit in Polen","potentialAction":[{"@type":"SearchAction","target":{"@type":"EntryPoint","urlTemplate":"https:\/\/skgd.pl\/?s={search_term_string}"},"query-input":"required name=search_term_string"}],"inLanguage":"de"},{"@type":"ImageObject","inLanguage":"de","@id":"https:\/\/skgd.pl\/de\/grupa-robocza-mniejszosci-niemieckich-uchwalila-w-berlinie-dwie-rezolucje\/#primaryimage","url":"https:\/\/skgd.pl\/wp-content\/uploads\/2019\/11\/6db2bcfc21033e7e2bf1f556354b22bd_L.jpg","contentUrl":"https:\/\/skgd.pl\/wp-content\/uploads\/2019\/11\/6db2bcfc21033e7e2bf1f556354b22bd_L.jpg","width":829,"height":527},{"@type":"WebPage","@id":"https:\/\/skgd.pl\/de\/grupa-robocza-mniejszosci-niemieckich-uchwalila-w-berlinie-dwie-rezolucje\/#webpage","url":"https:\/\/skgd.pl\/de\/grupa-robocza-mniejszosci-niemieckich-uchwalila-w-berlinie-dwie-rezolucje\/","name":"AGDM verabschiedet in Berlin zwei Resolutionen - Deutsche Minderheit, Sozial-Kulturelle Gesellschaft der Deutschen im Oppelner Schlesien","isPartOf":{"@id":"https:\/\/skgd.pl\/#website"},"primaryImageOfPage":{"@id":"https:\/\/skgd.pl\/de\/grupa-robocza-mniejszosci-niemieckich-uchwalila-w-berlinie-dwie-rezolucje\/#primaryimage"},"datePublished":"2019-11-13T07:59:21+00:00","dateModified":"2019-11-12T19:03:05+00:00","author":{"@id":"https:\/\/skgd.pl\/#\/schema\/person\/0620fbcc0ddc3adae2d5dd9fdc163f03"},"breadcrumb":{"@id":"https:\/\/skgd.pl\/de\/grupa-robocza-mniejszosci-niemieckich-uchwalila-w-berlinie-dwie-rezolucje\/#breadcrumb"},"inLanguage":"de","potentialAction":[{"@type":"ReadAction","target":["https:\/\/skgd.pl\/de\/grupa-robocza-mniejszosci-niemieckich-uchwalila-w-berlinie-dwie-rezolucje\/"]}]},{"@type":"BreadcrumbList","@id":"https:\/\/skgd.pl\/de\/grupa-robocza-mniejszosci-niemieckich-uchwalila-w-berlinie-dwie-rezolucje\/#breadcrumb","itemListElement":[{"@type":"ListItem","position":1,"name":"Strona g\u0142\u00f3wna","item":"https:\/\/skgd.pl\/"},{"@type":"ListItem","position":2,"name":"AGDM verabschiedet in Berlin zwei Resolutionen"}]},{"@type":"Person","@id":"https:\/\/skgd.pl\/#\/schema\/person\/0620fbcc0ddc3adae2d5dd9fdc163f03","name":"Joanna Hassa","image":{"@type":"ImageObject","inLanguage":"de","@id":"https:\/\/skgd.pl\/#\/schema\/person\/image\/","url":"https:\/\/secure.gravatar.com\/avatar\/e91991b37fe2db6d44fd302c843edfdc?s=96&d=mm&r=g","contentUrl":"https:\/\/secure.gravatar.com\/avatar\/e91991b37fe2db6d44fd302c843edfdc?s=96&d=mm&r=g","caption":"Joanna Hassa"},"url":"https:\/\/skgd.pl\/de\/author\/asia\/"}]}},"_links":{"self":[{"href":"https:\/\/skgd.pl\/de\/wp-json\/wp\/v2\/posts\/22241","targetHints":{"allow":["GET"]}}],"collection":[{"href":"https:\/\/skgd.pl\/de\/wp-json\/wp\/v2\/posts"}],"about":[{"href":"https:\/\/skgd.pl\/de\/wp-json\/wp\/v2\/types\/post"}],"author":[{"embeddable":true,"href":"https:\/\/skgd.pl\/de\/wp-json\/wp\/v2\/users\/2"}],"replies":[{"embeddable":true,"href":"https:\/\/skgd.pl\/de\/wp-json\/wp\/v2\/comments?post=22241"}],"version-history":[{"count":1,"href":"https:\/\/skgd.pl\/de\/wp-json\/wp\/v2\/posts\/22241\/revisions"}],"predecessor-version":[{"id":22245,"href":"https:\/\/skgd.pl\/de\/wp-json\/wp\/v2\/posts\/22241\/revisions\/22245"}],"wp:featuredmedia":[{"embeddable":true,"href":"https:\/\/skgd.pl\/de\/wp-json\/wp\/v2\/media\/22244"}],"wp:attachment":[{"href":"https:\/\/skgd.pl\/de\/wp-json\/wp\/v2\/media?parent=22241"}],"wp:term":[{"taxonomy":"category","embeddable":true,"href":"https:\/\/skgd.pl\/de\/wp-json\/wp\/v2\/categories?post=22241"},{"taxonomy":"post_tag","embeddable":true,"href":"https:\/\/skgd.pl\/de\/wp-json\/wp\/v2\/tags?post=22241"}],"curies":[{"name":"wp","href":"https:\/\/api.w.org\/{rel}","templated":true}]}}