{"id":22235,"date":"2019-11-17T09:51:40","date_gmt":"2019-11-17T08:51:40","guid":{"rendered":"http:\/\/skgd.pl\/?p=22235"},"modified":"2019-11-22T16:50:51","modified_gmt":"2019-11-22T15:50:51","slug":"gala-wreczenia-mostow-dialogu-2019","status":"publish","type":"post","link":"https:\/\/skgd.pl\/de\/gala-wreczenia-mostow-dialogu-2019\/","title":{"rendered":"Preisverleihung der \u201eBr\u00fccken des Dialogs 2019\u201c"},"content":{"rendered":"<p><\/p>\n<p style=\"text-align: justify;\"><span>Wir laden Sie zur Teilnahme an der feierlichen Preisverleihung der \u201eBr\u00fccken des Dialogs 2019\u201c ein. <\/span><br \/>\n<span>Die Feierlichkeiten finden am 17. Dezember 2019 um 18 Uhr in dem Jan Kochanowski Theater in Oppeln statt, Kleine B\u00fchne<\/span><br \/>\n<span>Bereits zum vierten Mal werden die \u201eBr\u00fccken des Dialogs\u201d in den drei Kategorien verliehen: Institutionen, Nichtregierungsorganisationen und Menschen und der Sonderpreis \u201eGoldene Br\u00fccken des Dialogs 2019\u201c, welche Prof. Dorota Simonides und Prof. Rita S\u00fcssmuth erhalten.<\/span><br \/>\n<span>Die Aufgabe des Plebiszits liegt darin, die Gegenwart und Vergangenheit der Woiwodschaft Oppeln ans Licht zu bringen, deren reiche multikulturelle Geschichte sowie das gegenw\u00e4rtige Bild der offener und attraktiven Region zu zeigen. Wir m\u00f6chten dazu beitragen, dass unsere Region zum Ort der Verst\u00e4ndigung zwischen der Minderheit und der Mehrheit wird. In einer Woiwodschaft mit dieser Pr\u00e4gung, mit europ\u00e4ischer Erfahrung der kulturellen Vielfalt und Mehrsprachigkeit, stellt die F\u00f6rderung des Wissens \u00fcber die Region und \u00fcber ihre St\u00e4rken einen untrennbaren Bestandteil des Aufbaus einer B\u00fcrgergesellschaft dar, die auf die Erkenntnis der historischen und kulturellen Erfahrungen offen ist, die diese besondere Region gestalteten und immer noch diesen besonderen Platz auf der Europakarte gestalten.<\/span><br \/>\n<span>Im Rahmen der Feierlichkeiten werden f\u00fcr Sie die Band \u201eTake Style\u201c sowie die Sch\u00fcler und Sch\u00fclerinnen der Staatlichen Fryderyk Chopin-Musikschule des I und II Grades in Oppeln auftreten.<\/span><br \/>\n<span>Wir laden Sie herzlich ein!<\/span><br \/>\n<span>Die Anmeldung zur Teilnahme ist bis zum 10.12.2019 m\u00f6glich.<\/span><\/p>\n<p><\/p>","protected":false},"excerpt":{"rendered":"<p>Wir laden Sie zur Teilnahme an der feierlichen Preisverleihung der \u201eBr\u00fccken des Dialogs 2019\u201c ein. Die Feierlichkeiten finden am 17. Dezember 2019 um 18 Uhr in dem Jan Kochanowski Theater in Oppeln statt, Kleine B\u00fchne Bereits zum vierten Mal werden die \u201eBr\u00fccken des Dialogs\u201d in den drei Kategorien verliehen: Institutionen, Nichtregierungsorganisationen und Menschen und der [&hellip;]<\/p>\n","protected":false},"author":2,"featured_media":22236,"comment_status":"closed","ping_status":"open","sticky":false,"template":"","format":"standard","meta":{"footnotes":""},"categories":[1],"tags":[],"class_list":["post-22235","post","type-post","status-publish","format-standard","has-post-thumbnail","hentry","category-aktualnosci"],"yoast_head":"<!-- This site is optimized with the Yoast SEO plugin v18.9 - https:\/\/yoast.com\/wordpress\/plugins\/seo\/ -->\n<title>Preisverleihung der \u201eBr\u00fccken des Dialogs 2019\u201c - Deutsche Minderheit, Sozial-Kulturelle Gesellschaft der Deutschen im Oppelner Schlesien<\/title>\n<meta name=\"robots\" content=\"index, follow, max-snippet:-1, max-image-preview:large, max-video-preview:-1\" \/>\n<link rel=\"canonical\" href=\"https:\/\/skgd.pl\/gala-wreczenia-mostow-dialogu-2019\/\" \/>\n<meta property=\"og:locale\" content=\"de_DE\" \/>\n<meta property=\"og:type\" content=\"article\" \/>\n<meta property=\"og:title\" content=\"Preisverleihung der \u201eBr\u00fccken des Dialogs 2019\u201c - Deutsche Minderheit, Sozial-Kulturelle Gesellschaft der Deutschen im Oppelner Schlesien\" \/>\n<meta property=\"og:description\" content=\"Wir laden Sie zur Teilnahme an der feierlichen Preisverleihung der \u201eBr\u00fccken des Dialogs 2019\u201c ein. Die Feierlichkeiten finden am 17. Dezember 2019 um 18 Uhr in dem Jan Kochanowski Theater in Oppeln statt, Kleine B\u00fchne Bereits zum vierten Mal werden die \u201eBr\u00fccken des Dialogs\u201d in den drei Kategorien verliehen: Institutionen, Nichtregierungsorganisationen und Menschen und der [&hellip;]\" \/>\n<meta property=\"og:url\" content=\"https:\/\/skgd.pl\/gala-wreczenia-mostow-dialogu-2019\/\" \/>\n<meta property=\"og:site_name\" content=\"Deutsche Minderheit, Sozial-Kulturelle Gesellschaft der Deutschen im Oppelner Schlesien\" \/>\n<meta property=\"article:published_time\" content=\"2019-11-17T08:51:40+00:00\" \/>\n<meta property=\"article:modified_time\" content=\"2019-11-22T15:50:51+00:00\" \/>\n<meta property=\"og:image\" content=\"https:\/\/skgd.pl\/wp-content\/uploads\/2019\/11\/74442437_2573886679320957_4953399599386591232_o.jpg\" \/>\n\t<meta property=\"og:image:width\" content=\"1200\" \/>\n\t<meta property=\"og:image:height\" content=\"625\" \/>\n\t<meta property=\"og:image:type\" content=\"image\/jpeg\" \/>\n<meta name=\"twitter:card\" content=\"summary_large_image\" \/>\n<meta name=\"twitter:label1\" content=\"Verfasst von\" \/>\n\t<meta name=\"twitter:data1\" content=\"Joanna Hassa\" \/>\n\t<meta name=\"twitter:label2\" content=\"Gesch\u00e4tzte Lesezeit\" \/>\n\t<meta name=\"twitter:data2\" content=\"2\u00a0Minuten\" \/>\n<script type=\"application\/ld+json\" class=\"yoast-schema-graph\">{\"@context\":\"https:\/\/schema.org\",\"@graph\":[{\"@type\":\"WebSite\",\"@id\":\"https:\/\/skgd.pl\/#website\",\"url\":\"https:\/\/skgd.pl\/\",\"name\":\"Deutsche Minderheit, Sozial-Kulturelle Gesellschaft der Deutschen im Oppelner Schlesien\",\"description\":\"Deutsche Minderheit in Polen\",\"potentialAction\":[{\"@type\":\"SearchAction\",\"target\":{\"@type\":\"EntryPoint\",\"urlTemplate\":\"https:\/\/skgd.pl\/?s={search_term_string}\"},\"query-input\":\"required name=search_term_string\"}],\"inLanguage\":\"de\"},{\"@type\":\"ImageObject\",\"inLanguage\":\"de\",\"@id\":\"https:\/\/skgd.pl\/gala-wreczenia-mostow-dialogu-2019\/#primaryimage\",\"url\":\"https:\/\/skgd.pl\/wp-content\/uploads\/2019\/11\/74442437_2573886679320957_4953399599386591232_o.jpg\",\"contentUrl\":\"https:\/\/skgd.pl\/wp-content\/uploads\/2019\/11\/74442437_2573886679320957_4953399599386591232_o.jpg\",\"width\":1200,\"height\":625},{\"@type\":\"WebPage\",\"@id\":\"https:\/\/skgd.pl\/gala-wreczenia-mostow-dialogu-2019\/#webpage\",\"url\":\"https:\/\/skgd.pl\/gala-wreczenia-mostow-dialogu-2019\/\",\"name\":\"Preisverleihung der \u201eBr\u00fccken des Dialogs 2019\u201c - Deutsche Minderheit, Sozial-Kulturelle Gesellschaft der Deutschen im Oppelner Schlesien\",\"isPartOf\":{\"@id\":\"https:\/\/skgd.pl\/#website\"},\"primaryImageOfPage\":{\"@id\":\"https:\/\/skgd.pl\/gala-wreczenia-mostow-dialogu-2019\/#primaryimage\"},\"datePublished\":\"2019-11-17T08:51:40+00:00\",\"dateModified\":\"2019-11-22T15:50:51+00:00\",\"author\":{\"@id\":\"https:\/\/skgd.pl\/#\/schema\/person\/0620fbcc0ddc3adae2d5dd9fdc163f03\"},\"breadcrumb\":{\"@id\":\"https:\/\/skgd.pl\/gala-wreczenia-mostow-dialogu-2019\/#breadcrumb\"},\"inLanguage\":\"de\",\"potentialAction\":[{\"@type\":\"ReadAction\",\"target\":[\"https:\/\/skgd.pl\/gala-wreczenia-mostow-dialogu-2019\/\"]}]},{\"@type\":\"BreadcrumbList\",\"@id\":\"https:\/\/skgd.pl\/gala-wreczenia-mostow-dialogu-2019\/#breadcrumb\",\"itemListElement\":[{\"@type\":\"ListItem\",\"position\":1,\"name\":\"Strona g\u0142\u00f3wna\",\"item\":\"https:\/\/skgd.pl\/\"},{\"@type\":\"ListItem\",\"position\":2,\"name\":\"Gala wr\u0119czenia \u201eMost\u00f3w Dialogu 2019\u201d\"}]},{\"@type\":\"Person\",\"@id\":\"https:\/\/skgd.pl\/#\/schema\/person\/0620fbcc0ddc3adae2d5dd9fdc163f03\",\"name\":\"Joanna Hassa\",\"image\":{\"@type\":\"ImageObject\",\"inLanguage\":\"de\",\"@id\":\"https:\/\/skgd.pl\/#\/schema\/person\/image\/\",\"url\":\"https:\/\/secure.gravatar.com\/avatar\/e91991b37fe2db6d44fd302c843edfdc?s=96&d=mm&r=g\",\"contentUrl\":\"https:\/\/secure.gravatar.com\/avatar\/e91991b37fe2db6d44fd302c843edfdc?s=96&d=mm&r=g\",\"caption\":\"Joanna Hassa\"},\"url\":\"https:\/\/skgd.pl\/de\/author\/asia\/\"}]}<\/script>\n<!-- \/ Yoast SEO plugin. -->","yoast_head_json":{"title":"Preisverleihung der \u201eBr\u00fccken des Dialogs 2019\u201c - Deutsche Minderheit, Sozial-Kulturelle Gesellschaft der Deutschen im Oppelner Schlesien","robots":{"index":"index","follow":"follow","max-snippet":"max-snippet:-1","max-image-preview":"max-image-preview:large","max-video-preview":"max-video-preview:-1"},"canonical":"https:\/\/skgd.pl\/gala-wreczenia-mostow-dialogu-2019\/","og_locale":"de_DE","og_type":"article","og_title":"Preisverleihung der \u201eBr\u00fccken des Dialogs 2019\u201c - Deutsche Minderheit, Sozial-Kulturelle Gesellschaft der Deutschen im Oppelner Schlesien","og_description":"Wir laden Sie zur Teilnahme an der feierlichen Preisverleihung der \u201eBr\u00fccken des Dialogs 2019\u201c ein. Die Feierlichkeiten finden am 17. Dezember 2019 um 18 Uhr in dem Jan Kochanowski Theater in Oppeln statt, Kleine B\u00fchne Bereits zum vierten Mal werden die \u201eBr\u00fccken des Dialogs\u201d in den drei Kategorien verliehen: Institutionen, Nichtregierungsorganisationen und Menschen und der [&hellip;]","og_url":"https:\/\/skgd.pl\/gala-wreczenia-mostow-dialogu-2019\/","og_site_name":"Deutsche Minderheit, Sozial-Kulturelle Gesellschaft der Deutschen im Oppelner Schlesien","article_published_time":"2019-11-17T08:51:40+00:00","article_modified_time":"2019-11-22T15:50:51+00:00","og_image":[{"width":1200,"height":625,"url":"https:\/\/skgd.pl\/wp-content\/uploads\/2019\/11\/74442437_2573886679320957_4953399599386591232_o.jpg","type":"image\/jpeg"}],"twitter_card":"summary_large_image","twitter_misc":{"Verfasst von":"Joanna Hassa","Gesch\u00e4tzte Lesezeit":"2\u00a0Minuten"},"schema":{"@context":"https:\/\/schema.org","@graph":[{"@type":"WebSite","@id":"https:\/\/skgd.pl\/#website","url":"https:\/\/skgd.pl\/","name":"Deutsche Minderheit, Sozial-Kulturelle Gesellschaft der Deutschen im Oppelner Schlesien","description":"Deutsche Minderheit in Polen","potentialAction":[{"@type":"SearchAction","target":{"@type":"EntryPoint","urlTemplate":"https:\/\/skgd.pl\/?s={search_term_string}"},"query-input":"required name=search_term_string"}],"inLanguage":"de"},{"@type":"ImageObject","inLanguage":"de","@id":"https:\/\/skgd.pl\/gala-wreczenia-mostow-dialogu-2019\/#primaryimage","url":"https:\/\/skgd.pl\/wp-content\/uploads\/2019\/11\/74442437_2573886679320957_4953399599386591232_o.jpg","contentUrl":"https:\/\/skgd.pl\/wp-content\/uploads\/2019\/11\/74442437_2573886679320957_4953399599386591232_o.jpg","width":1200,"height":625},{"@type":"WebPage","@id":"https:\/\/skgd.pl\/gala-wreczenia-mostow-dialogu-2019\/#webpage","url":"https:\/\/skgd.pl\/gala-wreczenia-mostow-dialogu-2019\/","name":"Preisverleihung der \u201eBr\u00fccken des Dialogs 2019\u201c - Deutsche Minderheit, Sozial-Kulturelle Gesellschaft der Deutschen im Oppelner Schlesien","isPartOf":{"@id":"https:\/\/skgd.pl\/#website"},"primaryImageOfPage":{"@id":"https:\/\/skgd.pl\/gala-wreczenia-mostow-dialogu-2019\/#primaryimage"},"datePublished":"2019-11-17T08:51:40+00:00","dateModified":"2019-11-22T15:50:51+00:00","author":{"@id":"https:\/\/skgd.pl\/#\/schema\/person\/0620fbcc0ddc3adae2d5dd9fdc163f03"},"breadcrumb":{"@id":"https:\/\/skgd.pl\/gala-wreczenia-mostow-dialogu-2019\/#breadcrumb"},"inLanguage":"de","potentialAction":[{"@type":"ReadAction","target":["https:\/\/skgd.pl\/gala-wreczenia-mostow-dialogu-2019\/"]}]},{"@type":"BreadcrumbList","@id":"https:\/\/skgd.pl\/gala-wreczenia-mostow-dialogu-2019\/#breadcrumb","itemListElement":[{"@type":"ListItem","position":1,"name":"Strona g\u0142\u00f3wna","item":"https:\/\/skgd.pl\/"},{"@type":"ListItem","position":2,"name":"Gala wr\u0119czenia \u201eMost\u00f3w Dialogu 2019\u201d"}]},{"@type":"Person","@id":"https:\/\/skgd.pl\/#\/schema\/person\/0620fbcc0ddc3adae2d5dd9fdc163f03","name":"Joanna Hassa","image":{"@type":"ImageObject","inLanguage":"de","@id":"https:\/\/skgd.pl\/#\/schema\/person\/image\/","url":"https:\/\/secure.gravatar.com\/avatar\/e91991b37fe2db6d44fd302c843edfdc?s=96&d=mm&r=g","contentUrl":"https:\/\/secure.gravatar.com\/avatar\/e91991b37fe2db6d44fd302c843edfdc?s=96&d=mm&r=g","caption":"Joanna Hassa"},"url":"https:\/\/skgd.pl\/de\/author\/asia\/"}]}},"_links":{"self":[{"href":"https:\/\/skgd.pl\/de\/wp-json\/wp\/v2\/posts\/22235","targetHints":{"allow":["GET"]}}],"collection":[{"href":"https:\/\/skgd.pl\/de\/wp-json\/wp\/v2\/posts"}],"about":[{"href":"https:\/\/skgd.pl\/de\/wp-json\/wp\/v2\/types\/post"}],"author":[{"embeddable":true,"href":"https:\/\/skgd.pl\/de\/wp-json\/wp\/v2\/users\/2"}],"replies":[{"embeddable":true,"href":"https:\/\/skgd.pl\/de\/wp-json\/wp\/v2\/comments?post=22235"}],"version-history":[{"count":1,"href":"https:\/\/skgd.pl\/de\/wp-json\/wp\/v2\/posts\/22235\/revisions"}],"predecessor-version":[{"id":22237,"href":"https:\/\/skgd.pl\/de\/wp-json\/wp\/v2\/posts\/22235\/revisions\/22237"}],"wp:featuredmedia":[{"embeddable":true,"href":"https:\/\/skgd.pl\/de\/wp-json\/wp\/v2\/media\/22236"}],"wp:attachment":[{"href":"https:\/\/skgd.pl\/de\/wp-json\/wp\/v2\/media?parent=22235"}],"wp:term":[{"taxonomy":"category","embeddable":true,"href":"https:\/\/skgd.pl\/de\/wp-json\/wp\/v2\/categories?post=22235"},{"taxonomy":"post_tag","embeddable":true,"href":"https:\/\/skgd.pl\/de\/wp-json\/wp\/v2\/tags?post=22235"}],"curies":[{"name":"wp","href":"https:\/\/api.w.org\/{rel}","templated":true}]}}