{"id":22226,"date":"2019-11-12T19:32:56","date_gmt":"2019-11-12T18:32:56","guid":{"rendered":"http:\/\/skgd.pl\/?p=22226"},"modified":"2019-11-13T09:13:33","modified_gmt":"2019-11-13T08:13:33","slug":"zebrania-powiatowe-struktur-tskn","status":"publish","type":"post","link":"https:\/\/skgd.pl\/de\/zebrania-powiatowe-struktur-tskn\/","title":{"rendered":"Kreisversammlungen der SKGD"},"content":{"rendered":"<p>Sehr geehrte Damen und Herren,<\/p>\n<p>vom 19.11. bis zum &nbsp;29.11.2019 &nbsp;finden Kreisversammlungen statt, wo wir \u00fcber folgende Themen sprechen werden:<br \/>\n1. Parlamentswahlen 2019<br \/>\n2. Zuwendungen der Selbstverwaltungen<br \/>\n3. 30 Jahre der SKGD + Kulturkalender<br \/>\n4. Laufende Themen ( Begegnungsst\u00e4ttenarbeit 2019, &nbsp;Minderheitensprache in der Schule)<\/p>\n<p>Hier finden Sie die Termine der Sitzungen:<\/p>\n<table style=\"width: 972px;\" width=\"559\">\n<tbody>\n<tr>\n<td style=\"width: 178px;\" width=\"185\">Kreis<\/td>\n<td style=\"width: 105px;\" width=\"132\">Termin<\/td>\n<td style=\"width: 63px;\" width=\"59\">Uhrzeit<\/td>\n<td style=\"width: 234px;\" width=\"184\">Ort<\/td>\n<\/tr>\n<tr>\n<td style=\"width: 178px;\" width=\"185\">\n<p>Kandrzin \u2013 Cosel<\/p>\n<p>K\u0119dzierzyn-Ko\u017ale<\/td>\n<td style=\"width: 105px;\" width=\"132\">\n<p>19.11.2019<\/p>\n<p>(Dienstag)<\/td>\n<td style=\"width: 63px;\" width=\"59\">17.30<\/td>\n<td style=\"width: 234px;\" width=\"184\">\n<p>ul. Kozielska 27<\/p>\n<p>47-260 Polska Cerekiew<\/td>\n<\/tr>\n<tr>\n<td style=\"width: 178px;\" width=\"185\">\n<p>Krappitz und Neustadt \/<\/p>\n<p>Krapkowice i Prudnik<\/td>\n<td style=\"width: 105px;\" width=\"132\">\n<p>20.11.2019<\/p>\n<p>(Mittwoch)<\/td>\n<td style=\"width: 63px;\" width=\"59\">17.30<\/td>\n<td style=\"width: 234px;\" width=\"184\">\n<p>DFK Otm\u0119t,<\/p>\n<p>3 Maja 11,<\/p>\n<p>&nbsp;47-303 Krapkowice<\/td>\n<\/tr>\n<tr>\n<td style=\"width: 178px;\" width=\"185\">\n<p>Gross Strehlitz \/<\/p>\n<p>Strzelce Opolskie<\/td>\n<td style=\"width: 105px;\" width=\"132\">\n<p>21.11.2019<\/p>\n<p>(Donnerstag)<\/td>\n<td style=\"width: 63px;\" width=\"59\">17.00<\/td>\n<td style=\"width: 234px;\" width=\"184\">\n<p>Starostwo Powiatowe, Jordanowska 2,<\/p>\n<p>47-100 Strzelce Opolskie<\/td>\n<\/tr>\n<tr>\n<td style=\"width: 178px;\" width=\"185\">\n<p>Kreuzburg und Rosenberg \/<\/p>\n<p>Kluczbork i Olesno<\/td>\n<td style=\"width: 105px;\" width=\"132\">\n<p>27.11.2019<\/p>\n<p>( Mittwoch)<\/td>\n<td style=\"width: 63px;\" width=\"59\">18.30<\/td>\n<td style=\"width: 234px;\" width=\"184\">\n<p>Miejsko &#8211; Gminny O\u015brodek Kultury<\/p>\n<p>Rynek 4,<br \/>\n46-310 Gorz\u00f3w \u015al\u0105ski<\/td>\n<\/tr>\n<tr>\n<td style=\"width: 178px;\" width=\"185\">\n<p>Kreis und Stadt Oppeln<\/p>\n<p>Powiat i Miasto Opole<\/td>\n<td style=\"width: 105px;\" width=\"132\">\n<p>28.11.2019<\/p>\n<p>(Donnerstag)<\/td>\n<td style=\"width: 63px;\" width=\"59\">18.00<\/td>\n<td style=\"width: 234px;\" width=\"184\">\n<p>Przy OSP<\/p>\n<p>Chr\u00f3\u015bcice 46-080<\/p>\n<p>ul. Powsta\u0144c\u00f3w \u015al.<\/td>\n<\/tr>\n<\/tbody>\n<\/table>\n<p>Wir laden aus jedem DFK 2 Personen ein und bitten um Ihre Anwesenheit.<\/p>","protected":false},"excerpt":{"rendered":"<p>Sehr geehrte Damen und Herren, vom 19.11. bis zum &nbsp;29.11.2019 &nbsp;finden Kreisversammlungen statt, wo wir \u00fcber folgende Themen sprechen werden: 1. Parlamentswahlen 2019 2. Zuwendungen der Selbstverwaltungen 3. 30 Jahre der SKGD + Kulturkalender 4. Laufende Themen ( Begegnungsst\u00e4ttenarbeit 2019, &nbsp;Minderheitensprache in der Schule) Hier finden Sie die Termine der Sitzungen: Kreis Termin Uhrzeit Ort [&hellip;]<\/p>\n","protected":false},"author":2,"featured_media":22227,"comment_status":"closed","ping_status":"open","sticky":false,"template":"","format":"standard","meta":{"footnotes":""},"categories":[1],"tags":[],"class_list":["post-22226","post","type-post","status-publish","format-standard","has-post-thumbnail","hentry","category-aktualnosci"],"yoast_head":"<!-- This site is optimized with the Yoast SEO plugin v18.9 - https:\/\/yoast.com\/wordpress\/plugins\/seo\/ -->\n<title>Kreisversammlungen der SKGD - Deutsche Minderheit, Sozial-Kulturelle Gesellschaft der Deutschen im Oppelner Schlesien<\/title>\n<meta name=\"robots\" content=\"index, follow, max-snippet:-1, max-image-preview:large, max-video-preview:-1\" \/>\n<link rel=\"canonical\" href=\"https:\/\/skgd.pl\/zebrania-powiatowe-struktur-tskn\/\" \/>\n<meta property=\"og:locale\" content=\"de_DE\" \/>\n<meta property=\"og:type\" content=\"article\" \/>\n<meta property=\"og:title\" content=\"Kreisversammlungen der SKGD - Deutsche Minderheit, Sozial-Kulturelle Gesellschaft der Deutschen im Oppelner Schlesien\" \/>\n<meta property=\"og:description\" content=\"Sehr geehrte Damen und Herren, vom 19.11. bis zum &nbsp;29.11.2019 &nbsp;finden Kreisversammlungen statt, wo wir \u00fcber folgende Themen sprechen werden: 1. Parlamentswahlen 2019 2. Zuwendungen der Selbstverwaltungen 3. 30 Jahre der SKGD + Kulturkalender 4. Laufende Themen ( Begegnungsst\u00e4ttenarbeit 2019, &nbsp;Minderheitensprache in der Schule) Hier finden Sie die Termine der Sitzungen: Kreis Termin Uhrzeit Ort [&hellip;]\" \/>\n<meta property=\"og:url\" content=\"https:\/\/skgd.pl\/zebrania-powiatowe-struktur-tskn\/\" \/>\n<meta property=\"og:site_name\" content=\"Deutsche Minderheit, Sozial-Kulturelle Gesellschaft der Deutschen im Oppelner Schlesien\" \/>\n<meta property=\"article:published_time\" content=\"2019-11-12T18:32:56+00:00\" \/>\n<meta property=\"article:modified_time\" content=\"2019-11-13T08:13:33+00:00\" \/>\n<meta property=\"og:image\" content=\"https:\/\/skgd.pl\/wp-content\/uploads\/2019\/11\/DSC_0270-scaled.jpg\" \/>\n\t<meta property=\"og:image:width\" content=\"2560\" \/>\n\t<meta property=\"og:image:height\" content=\"1696\" \/>\n\t<meta property=\"og:image:type\" content=\"image\/jpeg\" \/>\n<meta name=\"twitter:card\" content=\"summary_large_image\" \/>\n<meta name=\"twitter:label1\" content=\"Verfasst von\" \/>\n\t<meta name=\"twitter:data1\" content=\"Joanna Hassa\" \/>\n\t<meta name=\"twitter:label2\" content=\"Gesch\u00e4tzte Lesezeit\" \/>\n\t<meta name=\"twitter:data2\" content=\"2\u00a0Minuten\" \/>\n<script type=\"application\/ld+json\" class=\"yoast-schema-graph\">{\"@context\":\"https:\/\/schema.org\",\"@graph\":[{\"@type\":\"WebSite\",\"@id\":\"https:\/\/skgd.pl\/#website\",\"url\":\"https:\/\/skgd.pl\/\",\"name\":\"Deutsche Minderheit, Sozial-Kulturelle Gesellschaft der Deutschen im Oppelner Schlesien\",\"description\":\"Deutsche Minderheit in Polen\",\"potentialAction\":[{\"@type\":\"SearchAction\",\"target\":{\"@type\":\"EntryPoint\",\"urlTemplate\":\"https:\/\/skgd.pl\/?s={search_term_string}\"},\"query-input\":\"required name=search_term_string\"}],\"inLanguage\":\"de\"},{\"@type\":\"ImageObject\",\"inLanguage\":\"de\",\"@id\":\"https:\/\/skgd.pl\/zebrania-powiatowe-struktur-tskn\/#primaryimage\",\"url\":\"https:\/\/skgd.pl\/wp-content\/uploads\/2019\/11\/DSC_0270-scaled.jpg\",\"contentUrl\":\"https:\/\/skgd.pl\/wp-content\/uploads\/2019\/11\/DSC_0270-scaled.jpg\",\"width\":2560,\"height\":1696},{\"@type\":\"WebPage\",\"@id\":\"https:\/\/skgd.pl\/zebrania-powiatowe-struktur-tskn\/#webpage\",\"url\":\"https:\/\/skgd.pl\/zebrania-powiatowe-struktur-tskn\/\",\"name\":\"Kreisversammlungen der SKGD - Deutsche Minderheit, Sozial-Kulturelle Gesellschaft der Deutschen im Oppelner Schlesien\",\"isPartOf\":{\"@id\":\"https:\/\/skgd.pl\/#website\"},\"primaryImageOfPage\":{\"@id\":\"https:\/\/skgd.pl\/zebrania-powiatowe-struktur-tskn\/#primaryimage\"},\"datePublished\":\"2019-11-12T18:32:56+00:00\",\"dateModified\":\"2019-11-13T08:13:33+00:00\",\"author\":{\"@id\":\"https:\/\/skgd.pl\/#\/schema\/person\/0620fbcc0ddc3adae2d5dd9fdc163f03\"},\"breadcrumb\":{\"@id\":\"https:\/\/skgd.pl\/zebrania-powiatowe-struktur-tskn\/#breadcrumb\"},\"inLanguage\":\"de\",\"potentialAction\":[{\"@type\":\"ReadAction\",\"target\":[\"https:\/\/skgd.pl\/zebrania-powiatowe-struktur-tskn\/\"]}]},{\"@type\":\"BreadcrumbList\",\"@id\":\"https:\/\/skgd.pl\/zebrania-powiatowe-struktur-tskn\/#breadcrumb\",\"itemListElement\":[{\"@type\":\"ListItem\",\"position\":1,\"name\":\"Strona g\u0142\u00f3wna\",\"item\":\"https:\/\/skgd.pl\/\"},{\"@type\":\"ListItem\",\"position\":2,\"name\":\"Zebrania powiatowe struktur TSKN\"}]},{\"@type\":\"Person\",\"@id\":\"https:\/\/skgd.pl\/#\/schema\/person\/0620fbcc0ddc3adae2d5dd9fdc163f03\",\"name\":\"Joanna Hassa\",\"image\":{\"@type\":\"ImageObject\",\"inLanguage\":\"de\",\"@id\":\"https:\/\/skgd.pl\/#\/schema\/person\/image\/\",\"url\":\"https:\/\/secure.gravatar.com\/avatar\/e91991b37fe2db6d44fd302c843edfdc?s=96&d=mm&r=g\",\"contentUrl\":\"https:\/\/secure.gravatar.com\/avatar\/e91991b37fe2db6d44fd302c843edfdc?s=96&d=mm&r=g\",\"caption\":\"Joanna Hassa\"},\"url\":\"https:\/\/skgd.pl\/de\/author\/asia\/\"}]}<\/script>\n<!-- \/ Yoast SEO plugin. -->","yoast_head_json":{"title":"Kreisversammlungen der SKGD - Deutsche Minderheit, Sozial-Kulturelle Gesellschaft der Deutschen im Oppelner Schlesien","robots":{"index":"index","follow":"follow","max-snippet":"max-snippet:-1","max-image-preview":"max-image-preview:large","max-video-preview":"max-video-preview:-1"},"canonical":"https:\/\/skgd.pl\/zebrania-powiatowe-struktur-tskn\/","og_locale":"de_DE","og_type":"article","og_title":"Kreisversammlungen der SKGD - Deutsche Minderheit, Sozial-Kulturelle Gesellschaft der Deutschen im Oppelner Schlesien","og_description":"Sehr geehrte Damen und Herren, vom 19.11. bis zum &nbsp;29.11.2019 &nbsp;finden Kreisversammlungen statt, wo wir \u00fcber folgende Themen sprechen werden: 1. Parlamentswahlen 2019 2. Zuwendungen der Selbstverwaltungen 3. 30 Jahre der SKGD + Kulturkalender 4. Laufende Themen ( Begegnungsst\u00e4ttenarbeit 2019, &nbsp;Minderheitensprache in der Schule) Hier finden Sie die Termine der Sitzungen: Kreis Termin Uhrzeit Ort [&hellip;]","og_url":"https:\/\/skgd.pl\/zebrania-powiatowe-struktur-tskn\/","og_site_name":"Deutsche Minderheit, Sozial-Kulturelle Gesellschaft der Deutschen im Oppelner Schlesien","article_published_time":"2019-11-12T18:32:56+00:00","article_modified_time":"2019-11-13T08:13:33+00:00","og_image":[{"width":2560,"height":1696,"url":"https:\/\/skgd.pl\/wp-content\/uploads\/2019\/11\/DSC_0270-scaled.jpg","type":"image\/jpeg"}],"twitter_card":"summary_large_image","twitter_misc":{"Verfasst von":"Joanna Hassa","Gesch\u00e4tzte Lesezeit":"2\u00a0Minuten"},"schema":{"@context":"https:\/\/schema.org","@graph":[{"@type":"WebSite","@id":"https:\/\/skgd.pl\/#website","url":"https:\/\/skgd.pl\/","name":"Deutsche Minderheit, Sozial-Kulturelle Gesellschaft der Deutschen im Oppelner Schlesien","description":"Deutsche Minderheit in Polen","potentialAction":[{"@type":"SearchAction","target":{"@type":"EntryPoint","urlTemplate":"https:\/\/skgd.pl\/?s={search_term_string}"},"query-input":"required name=search_term_string"}],"inLanguage":"de"},{"@type":"ImageObject","inLanguage":"de","@id":"https:\/\/skgd.pl\/zebrania-powiatowe-struktur-tskn\/#primaryimage","url":"https:\/\/skgd.pl\/wp-content\/uploads\/2019\/11\/DSC_0270-scaled.jpg","contentUrl":"https:\/\/skgd.pl\/wp-content\/uploads\/2019\/11\/DSC_0270-scaled.jpg","width":2560,"height":1696},{"@type":"WebPage","@id":"https:\/\/skgd.pl\/zebrania-powiatowe-struktur-tskn\/#webpage","url":"https:\/\/skgd.pl\/zebrania-powiatowe-struktur-tskn\/","name":"Kreisversammlungen der SKGD - Deutsche Minderheit, Sozial-Kulturelle Gesellschaft der Deutschen im Oppelner Schlesien","isPartOf":{"@id":"https:\/\/skgd.pl\/#website"},"primaryImageOfPage":{"@id":"https:\/\/skgd.pl\/zebrania-powiatowe-struktur-tskn\/#primaryimage"},"datePublished":"2019-11-12T18:32:56+00:00","dateModified":"2019-11-13T08:13:33+00:00","author":{"@id":"https:\/\/skgd.pl\/#\/schema\/person\/0620fbcc0ddc3adae2d5dd9fdc163f03"},"breadcrumb":{"@id":"https:\/\/skgd.pl\/zebrania-powiatowe-struktur-tskn\/#breadcrumb"},"inLanguage":"de","potentialAction":[{"@type":"ReadAction","target":["https:\/\/skgd.pl\/zebrania-powiatowe-struktur-tskn\/"]}]},{"@type":"BreadcrumbList","@id":"https:\/\/skgd.pl\/zebrania-powiatowe-struktur-tskn\/#breadcrumb","itemListElement":[{"@type":"ListItem","position":1,"name":"Strona g\u0142\u00f3wna","item":"https:\/\/skgd.pl\/"},{"@type":"ListItem","position":2,"name":"Zebrania powiatowe struktur TSKN"}]},{"@type":"Person","@id":"https:\/\/skgd.pl\/#\/schema\/person\/0620fbcc0ddc3adae2d5dd9fdc163f03","name":"Joanna Hassa","image":{"@type":"ImageObject","inLanguage":"de","@id":"https:\/\/skgd.pl\/#\/schema\/person\/image\/","url":"https:\/\/secure.gravatar.com\/avatar\/e91991b37fe2db6d44fd302c843edfdc?s=96&d=mm&r=g","contentUrl":"https:\/\/secure.gravatar.com\/avatar\/e91991b37fe2db6d44fd302c843edfdc?s=96&d=mm&r=g","caption":"Joanna Hassa"},"url":"https:\/\/skgd.pl\/de\/author\/asia\/"}]}},"_links":{"self":[{"href":"https:\/\/skgd.pl\/de\/wp-json\/wp\/v2\/posts\/22226","targetHints":{"allow":["GET"]}}],"collection":[{"href":"https:\/\/skgd.pl\/de\/wp-json\/wp\/v2\/posts"}],"about":[{"href":"https:\/\/skgd.pl\/de\/wp-json\/wp\/v2\/types\/post"}],"author":[{"embeddable":true,"href":"https:\/\/skgd.pl\/de\/wp-json\/wp\/v2\/users\/2"}],"replies":[{"embeddable":true,"href":"https:\/\/skgd.pl\/de\/wp-json\/wp\/v2\/comments?post=22226"}],"version-history":[{"count":6,"href":"https:\/\/skgd.pl\/de\/wp-json\/wp\/v2\/posts\/22226\/revisions"}],"predecessor-version":[{"id":22255,"href":"https:\/\/skgd.pl\/de\/wp-json\/wp\/v2\/posts\/22226\/revisions\/22255"}],"wp:featuredmedia":[{"embeddable":true,"href":"https:\/\/skgd.pl\/de\/wp-json\/wp\/v2\/media\/22227"}],"wp:attachment":[{"href":"https:\/\/skgd.pl\/de\/wp-json\/wp\/v2\/media?parent=22226"}],"wp:term":[{"taxonomy":"category","embeddable":true,"href":"https:\/\/skgd.pl\/de\/wp-json\/wp\/v2\/categories?post=22226"},{"taxonomy":"post_tag","embeddable":true,"href":"https:\/\/skgd.pl\/de\/wp-json\/wp\/v2\/tags?post=22226"}],"curies":[{"name":"wp","href":"https:\/\/api.w.org\/{rel}","templated":true}]}}