{"id":22214,"date":"2019-11-06T09:00:13","date_gmt":"2019-11-06T08:00:13","guid":{"rendered":"http:\/\/skgd.pl\/?p=22214"},"modified":"2019-11-05T13:38:25","modified_gmt":"2019-11-05T12:38:25","slug":"niemcy-w-polsce-warsztaty-dla-nauczycieli","status":"publish","type":"post","link":"https:\/\/skgd.pl\/de\/niemcy-w-polsce-warsztaty-dla-nauczycieli\/","title":{"rendered":"&#8221;Die Deutschen in Polen&#8221; &#8211; Workshop f\u00fcr Lehrer"},"content":{"rendered":"<p><\/p>\n<p style=\"text-align: justify;\">Sehr geehrte Lehrer,<\/p>\n<p style=\"text-align: justify;\">Iwona Bregu\u0142a-Hanysek und Ma\u0142gorzata Paszkowiak laden herzlich alle Lehrer zu Workshops <strong>&#8220;Die Deutschen in Polen&#8221;, also die Geschichte der Deutschen Minderheit<\/strong>, ein.&nbsp;<\/p>\n<p style=\"text-align: justify;\">Wann?&nbsp; &#8211; <strong>23.11.2019<\/strong><\/p>\n<p style=\"text-align: justify;\">Wo?&nbsp; &#8211;<strong> O\u015brodek Szkoleniowy in Niwki<\/strong><\/p>\n<p style=\"text-align: justify;\">Warum es sich lohnt? &#8211; Nur dort kann mal alle didaktischen Materialien bekommen, die man im Rahmen des Unterrichts: Geschichte und Kultur, sowie Deutsch, als Minderheitensprache nuten kann, man bekommt aber auch zus\u00e4tzlich Anweisungen und Vorgehensweisen zu den erstellten Materialien. Alle Arbeitsbl\u00e4tter und Methoden wurden an verschiedene Altersgruppen vorbereitet. Die Workshops werden kreativ und interaktiv durchgef\u00fchrt sowie mit einfachem Wissen f\u00fcr die Sch\u00fcler erf\u00fcllt sein!&nbsp;<\/p>\n<p style=\"text-align: justify;\">&nbsp;<\/p>\n<p style=\"text-align: justify;\"><strong>Anmeldungen laufen online:&nbsp;<\/strong><\/p>\n<p style=\"text-align: justify;\"><a href=\"https:\/\/kursy.rcre.opolskie.pl\/katalog\/forma\/1909?fbclid=IwAR1jinYdBLswMm5WvjYiIePIEBuTkYCVtng66GNoWW9rg1tVPWorAJGOf6A\">https:\/\/kursy.rcre.opolskie.pl\/katalog\/forma\/1909?fbclid=IwAR1jinYdBLswMm5WvjYiIePIEBuTkYCVtng66GNoWW9rg1tVPWorAJGOf6A<\/a><\/p>\n<p style=\"text-align: justify;\">Wir laden herzlich ein!&nbsp;<\/p>\n<p style=\"text-align: justify;\"><span>&nbsp;<\/span><\/p>\n<p><\/p>","protected":false},"excerpt":{"rendered":"<p>Sehr geehrte Lehrer, Iwona Bregu\u0142a-Hanysek und Ma\u0142gorzata Paszkowiak laden herzlich alle Lehrer zu Workshops &#8220;Die Deutschen in Polen&#8221;, also die Geschichte der Deutschen Minderheit, ein.&nbsp; Wann?&nbsp; &#8211; 23.11.2019 Wo?&nbsp; &#8211; O\u015brodek Szkoleniowy in Niwki Warum es sich lohnt? &#8211; Nur dort kann mal alle didaktischen Materialien bekommen, die man im Rahmen des Unterrichts: Geschichte und [&hellip;]<\/p>\n","protected":false},"author":7,"featured_media":22215,"comment_status":"closed","ping_status":"open","sticky":false,"template":"","format":"standard","meta":{"footnotes":""},"categories":[1],"tags":[],"class_list":["post-22214","post","type-post","status-publish","format-standard","has-post-thumbnail","hentry","category-aktualnosci"],"yoast_head":"<!-- This site is optimized with the Yoast SEO plugin v18.9 - https:\/\/yoast.com\/wordpress\/plugins\/seo\/ -->\n<title>&quot;Die Deutschen in Polen&quot; - Workshop f\u00fcr Lehrer - Deutsche Minderheit, Sozial-Kulturelle Gesellschaft der Deutschen im Oppelner Schlesien<\/title>\n<meta name=\"robots\" content=\"index, follow, max-snippet:-1, max-image-preview:large, max-video-preview:-1\" \/>\n<link rel=\"canonical\" href=\"https:\/\/skgd.pl\/niemcy-w-polsce-warsztaty-dla-nauczycieli\/\" \/>\n<meta property=\"og:locale\" content=\"de_DE\" \/>\n<meta property=\"og:type\" content=\"article\" \/>\n<meta property=\"og:title\" content=\"&quot;Die Deutschen in Polen&quot; - Workshop f\u00fcr Lehrer - Deutsche Minderheit, Sozial-Kulturelle Gesellschaft der Deutschen im Oppelner Schlesien\" \/>\n<meta property=\"og:description\" content=\"Sehr geehrte Lehrer, Iwona Bregu\u0142a-Hanysek und Ma\u0142gorzata Paszkowiak laden herzlich alle Lehrer zu Workshops &#8220;Die Deutschen in Polen&#8221;, also die Geschichte der Deutschen Minderheit, ein.&nbsp; Wann?&nbsp; &#8211; 23.11.2019 Wo?&nbsp; &#8211; O\u015brodek Szkoleniowy in Niwki Warum es sich lohnt? &#8211; Nur dort kann mal alle didaktischen Materialien bekommen, die man im Rahmen des Unterrichts: Geschichte und [&hellip;]\" \/>\n<meta property=\"og:url\" content=\"https:\/\/skgd.pl\/niemcy-w-polsce-warsztaty-dla-nauczycieli\/\" \/>\n<meta property=\"og:site_name\" content=\"Deutsche Minderheit, Sozial-Kulturelle Gesellschaft der Deutschen im Oppelner Schlesien\" \/>\n<meta property=\"article:published_time\" content=\"2019-11-06T08:00:13+00:00\" \/>\n<meta property=\"article:modified_time\" content=\"2019-11-05T12:38:25+00:00\" \/>\n<meta property=\"og:image\" content=\"https:\/\/skgd.pl\/wp-content\/uploads\/2019\/11\/WORKSHOPS-_-WARSZTATY-_Die-Deutschen-in-Polen_-also-die-Geschichte-der-Deutschen-Minderheit-_Niemcy-w-Polsce_-czyli-Historia-Mniejszo\u015bci-Niemieckiej-4-STOCK-_-PI\u0118TRO-4-KONFERENZSAAL-_-SALA-KONFERENCYJNA.jpg\" \/>\n\t<meta property=\"og:image:width\" content=\"2000\" \/>\n\t<meta property=\"og:image:height\" content=\"1414\" \/>\n\t<meta property=\"og:image:type\" content=\"image\/jpeg\" \/>\n<meta name=\"twitter:card\" content=\"summary_large_image\" \/>\n<meta name=\"twitter:label1\" content=\"Verfasst von\" \/>\n\t<meta name=\"twitter:data1\" content=\"Zuzanna Herud\" \/>\n\t<meta name=\"twitter:label2\" content=\"Gesch\u00e4tzte Lesezeit\" \/>\n\t<meta name=\"twitter:data2\" content=\"1\u00a0Minute\" \/>\n<script type=\"application\/ld+json\" class=\"yoast-schema-graph\">{\"@context\":\"https:\/\/schema.org\",\"@graph\":[{\"@type\":\"WebSite\",\"@id\":\"https:\/\/skgd.pl\/#website\",\"url\":\"https:\/\/skgd.pl\/\",\"name\":\"Deutsche Minderheit, Sozial-Kulturelle Gesellschaft der Deutschen im Oppelner Schlesien\",\"description\":\"Deutsche Minderheit in Polen\",\"potentialAction\":[{\"@type\":\"SearchAction\",\"target\":{\"@type\":\"EntryPoint\",\"urlTemplate\":\"https:\/\/skgd.pl\/?s={search_term_string}\"},\"query-input\":\"required name=search_term_string\"}],\"inLanguage\":\"de\"},{\"@type\":\"ImageObject\",\"inLanguage\":\"de\",\"@id\":\"https:\/\/skgd.pl\/niemcy-w-polsce-warsztaty-dla-nauczycieli\/#primaryimage\",\"url\":\"https:\/\/skgd.pl\/wp-content\/uploads\/2019\/11\/WORKSHOPS-_-WARSZTATY-_Die-Deutschen-in-Polen_-also-die-Geschichte-der-Deutschen-Minderheit-_Niemcy-w-Polsce_-czyli-Historia-Mniejszo\u015bci-Niemieckiej-4-STOCK-_-PI\u0118TRO-4-KONFERENZSAAL-_-SALA-KONFERENCYJNA.jpg\",\"contentUrl\":\"https:\/\/skgd.pl\/wp-content\/uploads\/2019\/11\/WORKSHOPS-_-WARSZTATY-_Die-Deutschen-in-Polen_-also-die-Geschichte-der-Deutschen-Minderheit-_Niemcy-w-Polsce_-czyli-Historia-Mniejszo\u015bci-Niemieckiej-4-STOCK-_-PI\u0118TRO-4-KONFERENZSAAL-_-SALA-KONFERENCYJNA.jpg\",\"width\":2000,\"height\":1414},{\"@type\":\"WebPage\",\"@id\":\"https:\/\/skgd.pl\/niemcy-w-polsce-warsztaty-dla-nauczycieli\/#webpage\",\"url\":\"https:\/\/skgd.pl\/niemcy-w-polsce-warsztaty-dla-nauczycieli\/\",\"name\":\"\\\"Die Deutschen in Polen\\\" - Workshop f\u00fcr Lehrer - Deutsche Minderheit, Sozial-Kulturelle Gesellschaft der Deutschen im Oppelner Schlesien\",\"isPartOf\":{\"@id\":\"https:\/\/skgd.pl\/#website\"},\"primaryImageOfPage\":{\"@id\":\"https:\/\/skgd.pl\/niemcy-w-polsce-warsztaty-dla-nauczycieli\/#primaryimage\"},\"datePublished\":\"2019-11-06T08:00:13+00:00\",\"dateModified\":\"2019-11-05T12:38:25+00:00\",\"author\":{\"@id\":\"https:\/\/skgd.pl\/#\/schema\/person\/dcdd6dd89280fa49735a207f6d6dccd2\"},\"breadcrumb\":{\"@id\":\"https:\/\/skgd.pl\/niemcy-w-polsce-warsztaty-dla-nauczycieli\/#breadcrumb\"},\"inLanguage\":\"de\",\"potentialAction\":[{\"@type\":\"ReadAction\",\"target\":[\"https:\/\/skgd.pl\/niemcy-w-polsce-warsztaty-dla-nauczycieli\/\"]}]},{\"@type\":\"BreadcrumbList\",\"@id\":\"https:\/\/skgd.pl\/niemcy-w-polsce-warsztaty-dla-nauczycieli\/#breadcrumb\",\"itemListElement\":[{\"@type\":\"ListItem\",\"position\":1,\"name\":\"Strona g\u0142\u00f3wna\",\"item\":\"https:\/\/skgd.pl\/\"},{\"@type\":\"ListItem\",\"position\":2,\"name\":\"&#8221;Niemcy w Polsce&#8221; &#8211; Warsztaty dla nauczycieli\"}]},{\"@type\":\"Person\",\"@id\":\"https:\/\/skgd.pl\/#\/schema\/person\/dcdd6dd89280fa49735a207f6d6dccd2\",\"name\":\"Zuzanna Herud\",\"image\":{\"@type\":\"ImageObject\",\"inLanguage\":\"de\",\"@id\":\"https:\/\/skgd.pl\/#\/schema\/person\/image\/\",\"url\":\"https:\/\/secure.gravatar.com\/avatar\/a01f92cb4421a03a6fa61cc64f8d96dc?s=96&d=mm&r=g\",\"contentUrl\":\"https:\/\/secure.gravatar.com\/avatar\/a01f92cb4421a03a6fa61cc64f8d96dc?s=96&d=mm&r=g\",\"caption\":\"Zuzanna Herud\"},\"url\":\"https:\/\/skgd.pl\/de\/author\/zuzanna\/\"}]}<\/script>\n<!-- \/ Yoast SEO plugin. -->","yoast_head_json":{"title":"\"Die Deutschen in Polen\" - Workshop f\u00fcr Lehrer - Deutsche Minderheit, Sozial-Kulturelle Gesellschaft der Deutschen im Oppelner Schlesien","robots":{"index":"index","follow":"follow","max-snippet":"max-snippet:-1","max-image-preview":"max-image-preview:large","max-video-preview":"max-video-preview:-1"},"canonical":"https:\/\/skgd.pl\/niemcy-w-polsce-warsztaty-dla-nauczycieli\/","og_locale":"de_DE","og_type":"article","og_title":"\"Die Deutschen in Polen\" - Workshop f\u00fcr Lehrer - Deutsche Minderheit, Sozial-Kulturelle Gesellschaft der Deutschen im Oppelner Schlesien","og_description":"Sehr geehrte Lehrer, Iwona Bregu\u0142a-Hanysek und Ma\u0142gorzata Paszkowiak laden herzlich alle Lehrer zu Workshops &#8220;Die Deutschen in Polen&#8221;, also die Geschichte der Deutschen Minderheit, ein.&nbsp; Wann?&nbsp; &#8211; 23.11.2019 Wo?&nbsp; &#8211; O\u015brodek Szkoleniowy in Niwki Warum es sich lohnt? &#8211; Nur dort kann mal alle didaktischen Materialien bekommen, die man im Rahmen des Unterrichts: Geschichte und [&hellip;]","og_url":"https:\/\/skgd.pl\/niemcy-w-polsce-warsztaty-dla-nauczycieli\/","og_site_name":"Deutsche Minderheit, Sozial-Kulturelle Gesellschaft der Deutschen im Oppelner Schlesien","article_published_time":"2019-11-06T08:00:13+00:00","article_modified_time":"2019-11-05T12:38:25+00:00","og_image":[{"width":2000,"height":1414,"url":"https:\/\/skgd.pl\/wp-content\/uploads\/2019\/11\/WORKSHOPS-_-WARSZTATY-_Die-Deutschen-in-Polen_-also-die-Geschichte-der-Deutschen-Minderheit-_Niemcy-w-Polsce_-czyli-Historia-Mniejszo\u015bci-Niemieckiej-4-STOCK-_-PI\u0118TRO-4-KONFERENZSAAL-_-SALA-KONFERENCYJNA.jpg","type":"image\/jpeg"}],"twitter_card":"summary_large_image","twitter_misc":{"Verfasst von":"Zuzanna Herud","Gesch\u00e4tzte Lesezeit":"1\u00a0Minute"},"schema":{"@context":"https:\/\/schema.org","@graph":[{"@type":"WebSite","@id":"https:\/\/skgd.pl\/#website","url":"https:\/\/skgd.pl\/","name":"Deutsche Minderheit, Sozial-Kulturelle Gesellschaft der Deutschen im Oppelner Schlesien","description":"Deutsche Minderheit in Polen","potentialAction":[{"@type":"SearchAction","target":{"@type":"EntryPoint","urlTemplate":"https:\/\/skgd.pl\/?s={search_term_string}"},"query-input":"required name=search_term_string"}],"inLanguage":"de"},{"@type":"ImageObject","inLanguage":"de","@id":"https:\/\/skgd.pl\/niemcy-w-polsce-warsztaty-dla-nauczycieli\/#primaryimage","url":"https:\/\/skgd.pl\/wp-content\/uploads\/2019\/11\/WORKSHOPS-_-WARSZTATY-_Die-Deutschen-in-Polen_-also-die-Geschichte-der-Deutschen-Minderheit-_Niemcy-w-Polsce_-czyli-Historia-Mniejszo\u015bci-Niemieckiej-4-STOCK-_-PI\u0118TRO-4-KONFERENZSAAL-_-SALA-KONFERENCYJNA.jpg","contentUrl":"https:\/\/skgd.pl\/wp-content\/uploads\/2019\/11\/WORKSHOPS-_-WARSZTATY-_Die-Deutschen-in-Polen_-also-die-Geschichte-der-Deutschen-Minderheit-_Niemcy-w-Polsce_-czyli-Historia-Mniejszo\u015bci-Niemieckiej-4-STOCK-_-PI\u0118TRO-4-KONFERENZSAAL-_-SALA-KONFERENCYJNA.jpg","width":2000,"height":1414},{"@type":"WebPage","@id":"https:\/\/skgd.pl\/niemcy-w-polsce-warsztaty-dla-nauczycieli\/#webpage","url":"https:\/\/skgd.pl\/niemcy-w-polsce-warsztaty-dla-nauczycieli\/","name":"\"Die Deutschen in Polen\" - Workshop f\u00fcr Lehrer - Deutsche Minderheit, Sozial-Kulturelle Gesellschaft der Deutschen im Oppelner Schlesien","isPartOf":{"@id":"https:\/\/skgd.pl\/#website"},"primaryImageOfPage":{"@id":"https:\/\/skgd.pl\/niemcy-w-polsce-warsztaty-dla-nauczycieli\/#primaryimage"},"datePublished":"2019-11-06T08:00:13+00:00","dateModified":"2019-11-05T12:38:25+00:00","author":{"@id":"https:\/\/skgd.pl\/#\/schema\/person\/dcdd6dd89280fa49735a207f6d6dccd2"},"breadcrumb":{"@id":"https:\/\/skgd.pl\/niemcy-w-polsce-warsztaty-dla-nauczycieli\/#breadcrumb"},"inLanguage":"de","potentialAction":[{"@type":"ReadAction","target":["https:\/\/skgd.pl\/niemcy-w-polsce-warsztaty-dla-nauczycieli\/"]}]},{"@type":"BreadcrumbList","@id":"https:\/\/skgd.pl\/niemcy-w-polsce-warsztaty-dla-nauczycieli\/#breadcrumb","itemListElement":[{"@type":"ListItem","position":1,"name":"Strona g\u0142\u00f3wna","item":"https:\/\/skgd.pl\/"},{"@type":"ListItem","position":2,"name":"&#8221;Niemcy w Polsce&#8221; &#8211; Warsztaty dla nauczycieli"}]},{"@type":"Person","@id":"https:\/\/skgd.pl\/#\/schema\/person\/dcdd6dd89280fa49735a207f6d6dccd2","name":"Zuzanna Herud","image":{"@type":"ImageObject","inLanguage":"de","@id":"https:\/\/skgd.pl\/#\/schema\/person\/image\/","url":"https:\/\/secure.gravatar.com\/avatar\/a01f92cb4421a03a6fa61cc64f8d96dc?s=96&d=mm&r=g","contentUrl":"https:\/\/secure.gravatar.com\/avatar\/a01f92cb4421a03a6fa61cc64f8d96dc?s=96&d=mm&r=g","caption":"Zuzanna Herud"},"url":"https:\/\/skgd.pl\/de\/author\/zuzanna\/"}]}},"_links":{"self":[{"href":"https:\/\/skgd.pl\/de\/wp-json\/wp\/v2\/posts\/22214","targetHints":{"allow":["GET"]}}],"collection":[{"href":"https:\/\/skgd.pl\/de\/wp-json\/wp\/v2\/posts"}],"about":[{"href":"https:\/\/skgd.pl\/de\/wp-json\/wp\/v2\/types\/post"}],"author":[{"embeddable":true,"href":"https:\/\/skgd.pl\/de\/wp-json\/wp\/v2\/users\/7"}],"replies":[{"embeddable":true,"href":"https:\/\/skgd.pl\/de\/wp-json\/wp\/v2\/comments?post=22214"}],"version-history":[{"count":6,"href":"https:\/\/skgd.pl\/de\/wp-json\/wp\/v2\/posts\/22214\/revisions"}],"predecessor-version":[{"id":22219,"href":"https:\/\/skgd.pl\/de\/wp-json\/wp\/v2\/posts\/22214\/revisions\/22219"}],"wp:featuredmedia":[{"embeddable":true,"href":"https:\/\/skgd.pl\/de\/wp-json\/wp\/v2\/media\/22215"}],"wp:attachment":[{"href":"https:\/\/skgd.pl\/de\/wp-json\/wp\/v2\/media?parent=22214"}],"wp:term":[{"taxonomy":"category","embeddable":true,"href":"https:\/\/skgd.pl\/de\/wp-json\/wp\/v2\/categories?post=22214"},{"taxonomy":"post_tag","embeddable":true,"href":"https:\/\/skgd.pl\/de\/wp-json\/wp\/v2\/tags?post=22214"}],"curies":[{"name":"wp","href":"https:\/\/api.w.org\/{rel}","templated":true}]}}