{"id":22200,"date":"2019-11-05T12:17:05","date_gmt":"2019-11-05T11:17:05","guid":{"rendered":"http:\/\/skgd.pl\/?p=22200"},"modified":"2019-11-05T14:15:19","modified_gmt":"2019-11-05T13:15:19","slug":"niemcy-w-polsce-czyli-historia-mniejszosci-niemickiej","status":"publish","type":"post","link":"https:\/\/skgd.pl\/de\/niemcy-w-polsce-czyli-historia-mniejszosci-niemickiej\/","title":{"rendered":"&#8221;Die Deutschen in Polen&#8221;, also die Geschichte der Deutschen Minderheit"},"content":{"rendered":"<p><\/p>\n<p style=\"text-align: justify;\"><span>Letzte Woche hatten wir besonderen Besuch bei uns, im Geb\u00e4ude der SKGD in Oppeln. Wir haben am 30 und 31 Oktober Workshops f\u00fcr Kinder und Jugendliche aus den Grundschulen veranstaltet. <\/span><\/p>\n<p style=\"text-align: justify;\"><span>Zusammen konnten wir 6 Gruppen in den 2 Tagen und insgesamt \u00fcber 120 Kinder zu Gast bei uns wilkommen hei\u00dfen. Es war uns eine Freude \u00fcber die Rechte, die Geschichte und die heutige Situation der Deutschen Minderheit den Jugendlichen zu berichten und wir hoffen, dass wir weitere Workshops in der Zukunft veranstalten werden k\u00f6nnen. &nbsp;Die Workshops basierten auf den Kurzfilm: \u201eDie Deutschen in Polen\u201c. Der Link dazu und ein weiterer Kurzfilm, der die Ver\u00e4nderung der Grenzen Deutschlands zeigt sind unten eingeblendet. <\/span><\/p>\n<p style=\"text-align: justify;\"><span>F\u00fcr alle Lehrer haben wir rechts die Unterlagen im PDF Format vorbereitet. Man kann sie runterladen, ausdrucken und selber in der Klasse Mini-Workshops durchf\u00fchren. <\/span><\/p>\n<p style=\"text-align: justify;\"><span>Wir w\u00fcnschen damit viel Spa\u00df!<\/span><\/p>\n<p style=\"text-align: justify;\">&nbsp;<\/p>\n<p style=\"text-align: justify;\"><span>Die Deutschen in Polen: <a href=\"https:\/\/www.youtube.com\/watch?v=ydwP9j0h5o4\">https:\/\/www.youtube.com\/watch?v=ydwP9j0h5o4<\/a><\/span><\/p>\n<p>Niemcy w Polsce: https:\/\/www.youtube.com\/watch?v=6aA-oz9wPLo<\/p>\n<p style=\"text-align: justify;\"><span>Geschichte Deutschlands: <a href=\"https:\/\/www.youtube.com\/watch?v=aLSVlYZhAAU&amp;t=181s\">https:\/\/www.youtube.com\/watch?v=aLSVlYZhAAU&amp;t=181s<\/a><\/span><\/p>\n<p style=\"text-align: justify;\">&nbsp;<\/p>\n<p style=\"text-align: justify;\">[envira-gallery id=&#8221;22177&#8243;]<\/p>\n<p><\/p>","protected":false},"excerpt":{"rendered":"<p>Letzte Woche hatten wir besonderen Besuch bei uns, im Geb\u00e4ude der SKGD in Oppeln. Wir haben am 30 und 31 Oktober Workshops f\u00fcr Kinder und Jugendliche aus den Grundschulen veranstaltet. Zusammen konnten wir 6 Gruppen in den 2 Tagen und insgesamt \u00fcber 120 Kinder zu Gast bei uns wilkommen hei\u00dfen. Es war uns eine Freude [&hellip;]<\/p>\n","protected":false},"author":7,"featured_media":22196,"comment_status":"closed","ping_status":"open","sticky":false,"template":"","format":"standard","meta":{"footnotes":""},"categories":[1],"tags":[],"class_list":["post-22200","post","type-post","status-publish","format-standard","has-post-thumbnail","hentry","category-aktualnosci"],"yoast_head":"<!-- This site is optimized with the Yoast SEO plugin v18.9 - https:\/\/yoast.com\/wordpress\/plugins\/seo\/ -->\n<title>&quot;Die Deutschen in Polen&quot;, also die Geschichte der Deutschen Minderheit - Deutsche Minderheit, Sozial-Kulturelle Gesellschaft der Deutschen im Oppelner Schlesien<\/title>\n<meta name=\"robots\" content=\"index, follow, max-snippet:-1, max-image-preview:large, max-video-preview:-1\" \/>\n<link rel=\"canonical\" href=\"https:\/\/skgd.pl\/niemcy-w-polsce-czyli-historia-mniejszosci-niemickiej\/\" \/>\n<meta property=\"og:locale\" content=\"de_DE\" \/>\n<meta property=\"og:type\" content=\"article\" \/>\n<meta property=\"og:title\" content=\"&quot;Die Deutschen in Polen&quot;, also die Geschichte der Deutschen Minderheit - Deutsche Minderheit, Sozial-Kulturelle Gesellschaft der Deutschen im Oppelner Schlesien\" \/>\n<meta property=\"og:description\" content=\"Letzte Woche hatten wir besonderen Besuch bei uns, im Geb\u00e4ude der SKGD in Oppeln. Wir haben am 30 und 31 Oktober Workshops f\u00fcr Kinder und Jugendliche aus den Grundschulen veranstaltet. Zusammen konnten wir 6 Gruppen in den 2 Tagen und insgesamt \u00fcber 120 Kinder zu Gast bei uns wilkommen hei\u00dfen. Es war uns eine Freude [&hellip;]\" \/>\n<meta property=\"og:url\" content=\"https:\/\/skgd.pl\/niemcy-w-polsce-czyli-historia-mniejszosci-niemickiej\/\" \/>\n<meta property=\"og:site_name\" content=\"Deutsche Minderheit, Sozial-Kulturelle Gesellschaft der Deutschen im Oppelner Schlesien\" \/>\n<meta property=\"article:published_time\" content=\"2019-11-05T11:17:05+00:00\" \/>\n<meta property=\"article:modified_time\" content=\"2019-11-05T13:15:19+00:00\" \/>\n<meta property=\"og:image\" content=\"https:\/\/skgd.pl\/wp-content\/uploads\/2019\/11\/DSC_0001-1-scaled.jpg\" \/>\n\t<meta property=\"og:image:width\" content=\"2560\" \/>\n\t<meta property=\"og:image:height\" content=\"1707\" \/>\n\t<meta property=\"og:image:type\" content=\"image\/jpeg\" \/>\n<meta name=\"twitter:card\" content=\"summary_large_image\" \/>\n<meta name=\"twitter:label1\" content=\"Verfasst von\" \/>\n\t<meta name=\"twitter:data1\" content=\"Zuzanna Herud\" \/>\n\t<meta name=\"twitter:label2\" content=\"Gesch\u00e4tzte Lesezeit\" \/>\n\t<meta name=\"twitter:data2\" content=\"2\u00a0Minuten\" \/>\n<script type=\"application\/ld+json\" class=\"yoast-schema-graph\">{\"@context\":\"https:\/\/schema.org\",\"@graph\":[{\"@type\":\"WebSite\",\"@id\":\"https:\/\/skgd.pl\/#website\",\"url\":\"https:\/\/skgd.pl\/\",\"name\":\"Deutsche Minderheit, Sozial-Kulturelle Gesellschaft der Deutschen im Oppelner Schlesien\",\"description\":\"Deutsche Minderheit in Polen\",\"potentialAction\":[{\"@type\":\"SearchAction\",\"target\":{\"@type\":\"EntryPoint\",\"urlTemplate\":\"https:\/\/skgd.pl\/?s={search_term_string}\"},\"query-input\":\"required name=search_term_string\"}],\"inLanguage\":\"de\"},{\"@type\":\"ImageObject\",\"inLanguage\":\"de\",\"@id\":\"https:\/\/skgd.pl\/niemcy-w-polsce-czyli-historia-mniejszosci-niemickiej\/#primaryimage\",\"url\":\"https:\/\/skgd.pl\/wp-content\/uploads\/2019\/11\/DSC_0001-1-scaled.jpg\",\"contentUrl\":\"https:\/\/skgd.pl\/wp-content\/uploads\/2019\/11\/DSC_0001-1-scaled.jpg\",\"width\":2560,\"height\":1707},{\"@type\":\"WebPage\",\"@id\":\"https:\/\/skgd.pl\/niemcy-w-polsce-czyli-historia-mniejszosci-niemickiej\/#webpage\",\"url\":\"https:\/\/skgd.pl\/niemcy-w-polsce-czyli-historia-mniejszosci-niemickiej\/\",\"name\":\"\\\"Die Deutschen in Polen\\\", also die Geschichte der Deutschen Minderheit - Deutsche Minderheit, Sozial-Kulturelle Gesellschaft der Deutschen im Oppelner Schlesien\",\"isPartOf\":{\"@id\":\"https:\/\/skgd.pl\/#website\"},\"primaryImageOfPage\":{\"@id\":\"https:\/\/skgd.pl\/niemcy-w-polsce-czyli-historia-mniejszosci-niemickiej\/#primaryimage\"},\"datePublished\":\"2019-11-05T11:17:05+00:00\",\"dateModified\":\"2019-11-05T13:15:19+00:00\",\"author\":{\"@id\":\"https:\/\/skgd.pl\/#\/schema\/person\/dcdd6dd89280fa49735a207f6d6dccd2\"},\"breadcrumb\":{\"@id\":\"https:\/\/skgd.pl\/niemcy-w-polsce-czyli-historia-mniejszosci-niemickiej\/#breadcrumb\"},\"inLanguage\":\"de\",\"potentialAction\":[{\"@type\":\"ReadAction\",\"target\":[\"https:\/\/skgd.pl\/niemcy-w-polsce-czyli-historia-mniejszosci-niemickiej\/\"]}]},{\"@type\":\"BreadcrumbList\",\"@id\":\"https:\/\/skgd.pl\/niemcy-w-polsce-czyli-historia-mniejszosci-niemickiej\/#breadcrumb\",\"itemListElement\":[{\"@type\":\"ListItem\",\"position\":1,\"name\":\"Strona g\u0142\u00f3wna\",\"item\":\"https:\/\/skgd.pl\/\"},{\"@type\":\"ListItem\",\"position\":2,\"name\":\"&#8221;Niemcy w Polsce&#8221;, czyli historia Mniejszo\u015bci Niemieckiej\"}]},{\"@type\":\"Person\",\"@id\":\"https:\/\/skgd.pl\/#\/schema\/person\/dcdd6dd89280fa49735a207f6d6dccd2\",\"name\":\"Zuzanna Herud\",\"image\":{\"@type\":\"ImageObject\",\"inLanguage\":\"de\",\"@id\":\"https:\/\/skgd.pl\/#\/schema\/person\/image\/\",\"url\":\"https:\/\/secure.gravatar.com\/avatar\/a01f92cb4421a03a6fa61cc64f8d96dc?s=96&d=mm&r=g\",\"contentUrl\":\"https:\/\/secure.gravatar.com\/avatar\/a01f92cb4421a03a6fa61cc64f8d96dc?s=96&d=mm&r=g\",\"caption\":\"Zuzanna Herud\"},\"url\":\"https:\/\/skgd.pl\/de\/author\/zuzanna\/\"}]}<\/script>\n<!-- \/ Yoast SEO plugin. -->","yoast_head_json":{"title":"\"Die Deutschen in Polen\", also die Geschichte der Deutschen Minderheit - Deutsche Minderheit, Sozial-Kulturelle Gesellschaft der Deutschen im Oppelner Schlesien","robots":{"index":"index","follow":"follow","max-snippet":"max-snippet:-1","max-image-preview":"max-image-preview:large","max-video-preview":"max-video-preview:-1"},"canonical":"https:\/\/skgd.pl\/niemcy-w-polsce-czyli-historia-mniejszosci-niemickiej\/","og_locale":"de_DE","og_type":"article","og_title":"\"Die Deutschen in Polen\", also die Geschichte der Deutschen Minderheit - Deutsche Minderheit, Sozial-Kulturelle Gesellschaft der Deutschen im Oppelner Schlesien","og_description":"Letzte Woche hatten wir besonderen Besuch bei uns, im Geb\u00e4ude der SKGD in Oppeln. Wir haben am 30 und 31 Oktober Workshops f\u00fcr Kinder und Jugendliche aus den Grundschulen veranstaltet. Zusammen konnten wir 6 Gruppen in den 2 Tagen und insgesamt \u00fcber 120 Kinder zu Gast bei uns wilkommen hei\u00dfen. Es war uns eine Freude [&hellip;]","og_url":"https:\/\/skgd.pl\/niemcy-w-polsce-czyli-historia-mniejszosci-niemickiej\/","og_site_name":"Deutsche Minderheit, Sozial-Kulturelle Gesellschaft der Deutschen im Oppelner Schlesien","article_published_time":"2019-11-05T11:17:05+00:00","article_modified_time":"2019-11-05T13:15:19+00:00","og_image":[{"width":2560,"height":1707,"url":"https:\/\/skgd.pl\/wp-content\/uploads\/2019\/11\/DSC_0001-1-scaled.jpg","type":"image\/jpeg"}],"twitter_card":"summary_large_image","twitter_misc":{"Verfasst von":"Zuzanna Herud","Gesch\u00e4tzte Lesezeit":"2\u00a0Minuten"},"schema":{"@context":"https:\/\/schema.org","@graph":[{"@type":"WebSite","@id":"https:\/\/skgd.pl\/#website","url":"https:\/\/skgd.pl\/","name":"Deutsche Minderheit, Sozial-Kulturelle Gesellschaft der Deutschen im Oppelner Schlesien","description":"Deutsche Minderheit in Polen","potentialAction":[{"@type":"SearchAction","target":{"@type":"EntryPoint","urlTemplate":"https:\/\/skgd.pl\/?s={search_term_string}"},"query-input":"required name=search_term_string"}],"inLanguage":"de"},{"@type":"ImageObject","inLanguage":"de","@id":"https:\/\/skgd.pl\/niemcy-w-polsce-czyli-historia-mniejszosci-niemickiej\/#primaryimage","url":"https:\/\/skgd.pl\/wp-content\/uploads\/2019\/11\/DSC_0001-1-scaled.jpg","contentUrl":"https:\/\/skgd.pl\/wp-content\/uploads\/2019\/11\/DSC_0001-1-scaled.jpg","width":2560,"height":1707},{"@type":"WebPage","@id":"https:\/\/skgd.pl\/niemcy-w-polsce-czyli-historia-mniejszosci-niemickiej\/#webpage","url":"https:\/\/skgd.pl\/niemcy-w-polsce-czyli-historia-mniejszosci-niemickiej\/","name":"\"Die Deutschen in Polen\", also die Geschichte der Deutschen Minderheit - Deutsche Minderheit, Sozial-Kulturelle Gesellschaft der Deutschen im Oppelner Schlesien","isPartOf":{"@id":"https:\/\/skgd.pl\/#website"},"primaryImageOfPage":{"@id":"https:\/\/skgd.pl\/niemcy-w-polsce-czyli-historia-mniejszosci-niemickiej\/#primaryimage"},"datePublished":"2019-11-05T11:17:05+00:00","dateModified":"2019-11-05T13:15:19+00:00","author":{"@id":"https:\/\/skgd.pl\/#\/schema\/person\/dcdd6dd89280fa49735a207f6d6dccd2"},"breadcrumb":{"@id":"https:\/\/skgd.pl\/niemcy-w-polsce-czyli-historia-mniejszosci-niemickiej\/#breadcrumb"},"inLanguage":"de","potentialAction":[{"@type":"ReadAction","target":["https:\/\/skgd.pl\/niemcy-w-polsce-czyli-historia-mniejszosci-niemickiej\/"]}]},{"@type":"BreadcrumbList","@id":"https:\/\/skgd.pl\/niemcy-w-polsce-czyli-historia-mniejszosci-niemickiej\/#breadcrumb","itemListElement":[{"@type":"ListItem","position":1,"name":"Strona g\u0142\u00f3wna","item":"https:\/\/skgd.pl\/"},{"@type":"ListItem","position":2,"name":"&#8221;Niemcy w Polsce&#8221;, czyli historia Mniejszo\u015bci Niemieckiej"}]},{"@type":"Person","@id":"https:\/\/skgd.pl\/#\/schema\/person\/dcdd6dd89280fa49735a207f6d6dccd2","name":"Zuzanna Herud","image":{"@type":"ImageObject","inLanguage":"de","@id":"https:\/\/skgd.pl\/#\/schema\/person\/image\/","url":"https:\/\/secure.gravatar.com\/avatar\/a01f92cb4421a03a6fa61cc64f8d96dc?s=96&d=mm&r=g","contentUrl":"https:\/\/secure.gravatar.com\/avatar\/a01f92cb4421a03a6fa61cc64f8d96dc?s=96&d=mm&r=g","caption":"Zuzanna Herud"},"url":"https:\/\/skgd.pl\/de\/author\/zuzanna\/"}]}},"_links":{"self":[{"href":"https:\/\/skgd.pl\/de\/wp-json\/wp\/v2\/posts\/22200","targetHints":{"allow":["GET"]}}],"collection":[{"href":"https:\/\/skgd.pl\/de\/wp-json\/wp\/v2\/posts"}],"about":[{"href":"https:\/\/skgd.pl\/de\/wp-json\/wp\/v2\/types\/post"}],"author":[{"embeddable":true,"href":"https:\/\/skgd.pl\/de\/wp-json\/wp\/v2\/users\/7"}],"replies":[{"embeddable":true,"href":"https:\/\/skgd.pl\/de\/wp-json\/wp\/v2\/comments?post=22200"}],"version-history":[{"count":8,"href":"https:\/\/skgd.pl\/de\/wp-json\/wp\/v2\/posts\/22200\/revisions"}],"predecessor-version":[{"id":22223,"href":"https:\/\/skgd.pl\/de\/wp-json\/wp\/v2\/posts\/22200\/revisions\/22223"}],"wp:featuredmedia":[{"embeddable":true,"href":"https:\/\/skgd.pl\/de\/wp-json\/wp\/v2\/media\/22196"}],"wp:attachment":[{"href":"https:\/\/skgd.pl\/de\/wp-json\/wp\/v2\/media?parent=22200"}],"wp:term":[{"taxonomy":"category","embeddable":true,"href":"https:\/\/skgd.pl\/de\/wp-json\/wp\/v2\/categories?post=22200"},{"taxonomy":"post_tag","embeddable":true,"href":"https:\/\/skgd.pl\/de\/wp-json\/wp\/v2\/tags?post=22200"}],"curies":[{"name":"wp","href":"https:\/\/api.w.org\/{rel}","templated":true}]}}