{"id":22114,"date":"2019-10-17T11:56:44","date_gmt":"2019-10-17T09:56:44","guid":{"rendered":"http:\/\/skgd.pl\/?p=22114"},"modified":"2019-10-17T12:10:15","modified_gmt":"2019-10-17T10:10:15","slug":"koncert-wielbij-duszo-moja-pana","status":"publish","type":"post","link":"https:\/\/skgd.pl\/de\/koncert-wielbij-duszo-moja-pana\/","title":{"rendered":"Konzert &#8211; &#8220;Lobe den Herren meine Seele&#8221;"},"content":{"rendered":"<p><\/p>\n<p class=\"_2bZs5FGitKbReTGm_P5_bY direction-ltr align-center para-style-body\" style=\"text-align: justify;\"><span>Der Vorsitzende<\/span><span class=\"white-space-prewrap\"> <\/span><span>der Sozial-Kulturellen Gesellschaft<\/span><span class=\"white-space-prewrap\"> <\/span><span>der Deutschen im Oppelner Schlesien<\/span><span class=\"white-space-prewrap\"> Herr <\/span><strong>Rafa\u0142 Bartek <\/strong><span>und der Pfarrer der Mari\u00e4-Heimsuchung-Pfahrrei<\/span><span class=\"white-space-prewrap\"> <\/span><span>in Komornik, sowie der Hl. Johannes den T\u00e4ufer Pfarrei<\/span><span class=\"white-space-prewrap\"> <\/span><span>in Dobrau <\/span><strong>Pfr. Andrzej Klimek <\/strong><span>geben sich die Ehre, Sie <\/span><span>zum Konzert<\/span><span class=\"white-space-prewrap\"> &#8220;Lobe den Herren meine Seele&#8221;, am <\/span><strong>26.10.2019 &#8211; <\/strong>Samstag, <strong>um 16.00<\/strong> Uhr in die <strong>Mari\u00e4-Heimsuchung-Kirche in Komornik (ul. Ko\u015bcielna 4, 47-364 Komorniki) <\/strong>einzuladen.<\/p>\n<p style=\"text-align: justify;\">&nbsp;<\/p>\n<p style=\"text-align: justify;\">K\u00fcnstler:&nbsp;<\/p>\n<p class=\"_2bZs5FGitKbReTGm_P5_bY direction-ltr align-start para-style-body\" style=\"text-align: justify;\"><strong>Pawe\u0142 Hadaschik &#8211; <\/strong><span>Orgel<\/span><\/p>\n<p class=\"_2bZs5FGitKbReTGm_P5_bY direction-ltr align-start para-style-body\" style=\"text-align: justify;\"><strong>BSA Brass Opole:<\/strong><\/p>\n<p class=\"_2bZs5FGitKbReTGm_P5_bY direction-ltr align-start para-style-body\" style=\"text-align: justify;\"><strong>Rafa\u0142 Poremba &#8211; <\/strong><span>Trompete<\/span><span>&nbsp;<\/span><\/p>\n<p class=\"_2bZs5FGitKbReTGm_P5_bY direction-ltr align-start para-style-body\" style=\"text-align: justify;\"><strong>Fabian Kurpiela &#8211; <\/strong><span>Trompete<\/span><\/p>\n<p class=\"_2bZs5FGitKbReTGm_P5_bY direction-ltr align-start para-style-body\" style=\"text-align: justify;\"><span>&nbsp;<\/span><strong>\u0141ukasz Ogaza &#8211; <\/strong><span>Waldhorn<\/span><\/p>\n<p class=\"_2bZs5FGitKbReTGm_P5_bY direction-ltr align-start para-style-body\" style=\"text-align: justify;\"><span>&nbsp;<\/span><strong>Szymon Klima\u0144ski &#8211; <\/strong><span>Pusaune<\/span><\/p>\n<p class=\"_2bZs5FGitKbReTGm_P5_bY direction-ltr align-start para-style-body\" style=\"text-align: justify;\"><span>&nbsp;<\/span><strong>Sebastian Beier &#8211; <\/strong><span>Tube<\/span><\/p>\n<p style=\"text-align: justify;\">&nbsp;<\/p>\n<p style=\"text-align: justify;\">Im Programm:&nbsp;<\/p>\n<p class=\"_2bZs5FGitKbReTGm_P5_bY direction-ltr align-start para-style-body\" style=\"text-align: justify;\"><strong>Hans-Andr\u00e9 Stamm &#8211;<\/strong><span> <\/span><em>Fanfare<\/em><\/p>\n<p class=\"_2bZs5FGitKbReTGm_P5_bY direction-ltr align-start para-style-body\" style=\"text-align: justify;\"><strong>Moritz Brosig &#8211; <\/strong><em>Pr\u00e4ludium G-dur Op. 12, Nr. 1<\/em><\/p>\n<p class=\"_2bZs5FGitKbReTGm_P5_bY direction-ltr align-start para-style-body\" style=\"text-align: justify;\"><strong>Vincent L\u00fcbeck &#8211;<\/strong><span> <\/span><em>Pr\u00e4ludium und Fuge E-dur<\/em><\/p>\n<p class=\"_2bZs5FGitKbReTGm_P5_bY direction-ltr align-start para-style-body\" style=\"text-align: justify;\"><strong>Anton Bruckner &#8211;<\/strong><span> <\/span><em>Locus iste WAB 23<\/em><\/p>\n<p class=\"_2bZs5FGitKbReTGm_P5_bY direction-ltr align-start para-style-body\" style=\"text-align: justify;\"><strong>Oskar B\u00f6hme &#8211;<\/strong><span> <\/span><em>Trompeten-Sextett&nbsp; es-moll, Op. 30, Teil 1<\/em><\/p>\n<p class=\"_2bZs5FGitKbReTGm_P5_bY direction-ltr align-start para-style-body\" style=\"text-align: justify;\"><strong>Edward Elgar &#8211;<\/strong><span> <\/span><em>Suite<\/em><\/p>\n<p class=\"_2bZs5FGitKbReTGm_P5_bY direction-ltr align-start para-style-body\" style=\"text-align: justify;\"><strong>Max Reger &#8211;<\/strong><span> <\/span><em>52 Choralvorspiele, Op. 67, Nr. 24 &#8211; Lobe den Herren<\/em><\/p>\n<p class=\"_2bZs5FGitKbReTGm_P5_bY direction-ltr align-start para-style-body\" style=\"text-align: justify;\"><strong>Robin Dinda &#8211; <\/strong><em>Nocturne for Brass Quintet and Organ<\/em><\/p>\n<p class=\"_2bZs5FGitKbReTGm_P5_bY direction-ltr align-start para-style-body\" style=\"text-align: justify;\"><strong>Johann Krieger &#8211; <\/strong><em>Toccata Es-dur<\/em><\/p>\n<p class=\"_2bZs5FGitKbReTGm_P5_bY direction-ltr align-start para-style-body\" style=\"text-align: justify;\"><strong>Moritz Brosig &#8211; <\/strong><em>Fantasia Es-dur<\/em><\/p>\n<p class=\"_2bZs5FGitKbReTGm_P5_bY direction-ltr align-start para-style-body\" style=\"text-align: justify;\"><strong>Anton Bruckner &#8211; <\/strong><em>Ave Maria WAB 6<\/em><\/p>\n<p class=\"_2bZs5FGitKbReTGm_P5_bY direction-ltr align-start para-style-body\" style=\"text-align: justify;\"><strong>Sigfrid Karg-Elert &#8211; <\/strong><em>Lobet den Herren mit Pauken und<\/em> <em>Zimbeln sch\u00f6n, Op. 101<\/em><\/p>\n<p style=\"text-align: justify;\"><img loading=\"lazy\" decoding=\"async\" class=\"alignnone wp-image-22117 size-large\" src=\"https:\/\/skgd.pl\/wp-content\/uploads\/2019\/10\/4-483x1024.jpg\" alt=\"\" width=\"483\" height=\"1024\" srcset=\"https:\/\/skgd.pl\/wp-content\/uploads\/2019\/10\/4-483x1024.jpg 483w, https:\/\/skgd.pl\/wp-content\/uploads\/2019\/10\/4-600x1273.jpg 600w, https:\/\/skgd.pl\/wp-content\/uploads\/2019\/10\/4-141x300.jpg 141w, https:\/\/skgd.pl\/wp-content\/uploads\/2019\/10\/4-768x1629.jpg 768w, https:\/\/skgd.pl\/wp-content\/uploads\/2019\/10\/4-800x1697.jpg 800w, https:\/\/skgd.pl\/wp-content\/uploads\/2019\/10\/4.jpg 1169w\" sizes=\"auto, (max-width: 483px) 100vw, 483px\" \/><\/p>\n<p><\/p>","protected":false},"excerpt":{"rendered":"<p>Der Vorsitzende der Sozial-Kulturellen Gesellschaft der Deutschen im Oppelner Schlesien Herr Rafa\u0142 Bartek und der Pfarrer der Mari\u00e4-Heimsuchung-Pfahrrei in Komornik, sowie der Hl. Johannes den T\u00e4ufer Pfarrei in Dobrau Pfr. Andrzej Klimek geben sich die Ehre, Sie zum Konzert &#8220;Lobe den Herren meine Seele&#8221;, am 26.10.2019 &#8211; Samstag, um 16.00 Uhr in die Mari\u00e4-Heimsuchung-Kirche in [&hellip;]<\/p>\n","protected":false},"author":7,"featured_media":22116,"comment_status":"closed","ping_status":"open","sticky":false,"template":"","format":"standard","meta":{"footnotes":""},"categories":[1],"tags":[],"class_list":["post-22114","post","type-post","status-publish","format-standard","has-post-thumbnail","hentry","category-aktualnosci"],"yoast_head":"<!-- This site is optimized with the Yoast SEO plugin v18.9 - https:\/\/yoast.com\/wordpress\/plugins\/seo\/ -->\n<title>Konzert - &quot;Lobe den Herren meine Seele&quot; - Deutsche Minderheit, Sozial-Kulturelle Gesellschaft der Deutschen im Oppelner Schlesien<\/title>\n<meta name=\"robots\" content=\"index, follow, max-snippet:-1, max-image-preview:large, max-video-preview:-1\" \/>\n<link rel=\"canonical\" href=\"https:\/\/skgd.pl\/en\/koncert-wielbij-duszo-moja-pana\/\" \/>\n<meta property=\"og:locale\" content=\"de_DE\" \/>\n<meta property=\"og:type\" content=\"article\" \/>\n<meta property=\"og:title\" content=\"Konzert - &quot;Lobe den Herren meine Seele&quot; - Deutsche Minderheit, Sozial-Kulturelle Gesellschaft der Deutschen im Oppelner Schlesien\" \/>\n<meta property=\"og:description\" content=\"Der Vorsitzende der Sozial-Kulturellen Gesellschaft der Deutschen im Oppelner Schlesien Herr Rafa\u0142 Bartek und der Pfarrer der Mari\u00e4-Heimsuchung-Pfahrrei in Komornik, sowie der Hl. Johannes den T\u00e4ufer Pfarrei in Dobrau Pfr. Andrzej Klimek geben sich die Ehre, Sie zum Konzert &#8220;Lobe den Herren meine Seele&#8221;, am 26.10.2019 &#8211; Samstag, um 16.00 Uhr in die Mari\u00e4-Heimsuchung-Kirche in [&hellip;]\" \/>\n<meta property=\"og:url\" content=\"https:\/\/skgd.pl\/en\/koncert-wielbij-duszo-moja-pana\/\" \/>\n<meta property=\"og:site_name\" content=\"Deutsche Minderheit, Sozial-Kulturelle Gesellschaft der Deutschen im Oppelner Schlesien\" \/>\n<meta property=\"article:published_time\" content=\"2019-10-17T09:56:44+00:00\" \/>\n<meta property=\"article:modified_time\" content=\"2019-10-17T10:10:15+00:00\" \/>\n<meta property=\"og:image\" content=\"https:\/\/skgd.pl\/wp-content\/uploads\/2019\/10\/Dodaj-nag\u0142\u00f3wek-1.png\" \/>\n\t<meta property=\"og:image:width\" content=\"1587\" \/>\n\t<meta property=\"og:image:height\" content=\"2245\" \/>\n\t<meta property=\"og:image:type\" content=\"image\/png\" \/>\n<meta name=\"twitter:card\" content=\"summary_large_image\" \/>\n<meta name=\"twitter:label1\" content=\"Verfasst von\" \/>\n\t<meta name=\"twitter:data1\" content=\"Zuzanna Herud\" \/>\n\t<meta name=\"twitter:label2\" content=\"Gesch\u00e4tzte Lesezeit\" \/>\n\t<meta name=\"twitter:data2\" content=\"2\u00a0Minuten\" \/>\n<script type=\"application\/ld+json\" class=\"yoast-schema-graph\">{\"@context\":\"https:\/\/schema.org\",\"@graph\":[{\"@type\":\"WebSite\",\"@id\":\"https:\/\/skgd.pl\/#website\",\"url\":\"https:\/\/skgd.pl\/\",\"name\":\"Deutsche Minderheit, Sozial-Kulturelle Gesellschaft der Deutschen im Oppelner Schlesien\",\"description\":\"Deutsche Minderheit in Polen\",\"potentialAction\":[{\"@type\":\"SearchAction\",\"target\":{\"@type\":\"EntryPoint\",\"urlTemplate\":\"https:\/\/skgd.pl\/?s={search_term_string}\"},\"query-input\":\"required name=search_term_string\"}],\"inLanguage\":\"de\"},{\"@type\":\"ImageObject\",\"inLanguage\":\"de\",\"@id\":\"https:\/\/skgd.pl\/en\/koncert-wielbij-duszo-moja-pana\/#primaryimage\",\"url\":\"https:\/\/skgd.pl\/wp-content\/uploads\/2019\/10\/Dodaj-nag\u0142\u00f3wek-1.png\",\"contentUrl\":\"https:\/\/skgd.pl\/wp-content\/uploads\/2019\/10\/Dodaj-nag\u0142\u00f3wek-1.png\",\"width\":1587,\"height\":2245},{\"@type\":\"WebPage\",\"@id\":\"https:\/\/skgd.pl\/en\/koncert-wielbij-duszo-moja-pana\/#webpage\",\"url\":\"https:\/\/skgd.pl\/en\/koncert-wielbij-duszo-moja-pana\/\",\"name\":\"Konzert - \\\"Lobe den Herren meine Seele\\\" - Deutsche Minderheit, Sozial-Kulturelle Gesellschaft der Deutschen im Oppelner Schlesien\",\"isPartOf\":{\"@id\":\"https:\/\/skgd.pl\/#website\"},\"primaryImageOfPage\":{\"@id\":\"https:\/\/skgd.pl\/en\/koncert-wielbij-duszo-moja-pana\/#primaryimage\"},\"datePublished\":\"2019-10-17T09:56:44+00:00\",\"dateModified\":\"2019-10-17T10:10:15+00:00\",\"author\":{\"@id\":\"https:\/\/skgd.pl\/#\/schema\/person\/dcdd6dd89280fa49735a207f6d6dccd2\"},\"breadcrumb\":{\"@id\":\"https:\/\/skgd.pl\/en\/koncert-wielbij-duszo-moja-pana\/#breadcrumb\"},\"inLanguage\":\"de\",\"potentialAction\":[{\"@type\":\"ReadAction\",\"target\":[\"https:\/\/skgd.pl\/en\/koncert-wielbij-duszo-moja-pana\/\"]}]},{\"@type\":\"BreadcrumbList\",\"@id\":\"https:\/\/skgd.pl\/en\/koncert-wielbij-duszo-moja-pana\/#breadcrumb\",\"itemListElement\":[{\"@type\":\"ListItem\",\"position\":1,\"name\":\"Strona g\u0142\u00f3wna\",\"item\":\"https:\/\/skgd.pl\/\"},{\"@type\":\"ListItem\",\"position\":2,\"name\":\"(Polski) Koncert &#8211; &#8220;Wielbij duszo moja Pana&#8221;\"}]},{\"@type\":\"Person\",\"@id\":\"https:\/\/skgd.pl\/#\/schema\/person\/dcdd6dd89280fa49735a207f6d6dccd2\",\"name\":\"Zuzanna Herud\",\"image\":{\"@type\":\"ImageObject\",\"inLanguage\":\"de\",\"@id\":\"https:\/\/skgd.pl\/#\/schema\/person\/image\/\",\"url\":\"https:\/\/secure.gravatar.com\/avatar\/a01f92cb4421a03a6fa61cc64f8d96dc?s=96&d=mm&r=g\",\"contentUrl\":\"https:\/\/secure.gravatar.com\/avatar\/a01f92cb4421a03a6fa61cc64f8d96dc?s=96&d=mm&r=g\",\"caption\":\"Zuzanna Herud\"},\"url\":\"https:\/\/skgd.pl\/de\/author\/zuzanna\/\"}]}<\/script>\n<!-- \/ Yoast SEO plugin. -->","yoast_head_json":{"title":"Konzert - \"Lobe den Herren meine Seele\" - Deutsche Minderheit, Sozial-Kulturelle Gesellschaft der Deutschen im Oppelner Schlesien","robots":{"index":"index","follow":"follow","max-snippet":"max-snippet:-1","max-image-preview":"max-image-preview:large","max-video-preview":"max-video-preview:-1"},"canonical":"https:\/\/skgd.pl\/en\/koncert-wielbij-duszo-moja-pana\/","og_locale":"de_DE","og_type":"article","og_title":"Konzert - \"Lobe den Herren meine Seele\" - Deutsche Minderheit, Sozial-Kulturelle Gesellschaft der Deutschen im Oppelner Schlesien","og_description":"Der Vorsitzende der Sozial-Kulturellen Gesellschaft der Deutschen im Oppelner Schlesien Herr Rafa\u0142 Bartek und der Pfarrer der Mari\u00e4-Heimsuchung-Pfahrrei in Komornik, sowie der Hl. Johannes den T\u00e4ufer Pfarrei in Dobrau Pfr. Andrzej Klimek geben sich die Ehre, Sie zum Konzert &#8220;Lobe den Herren meine Seele&#8221;, am 26.10.2019 &#8211; Samstag, um 16.00 Uhr in die Mari\u00e4-Heimsuchung-Kirche in [&hellip;]","og_url":"https:\/\/skgd.pl\/en\/koncert-wielbij-duszo-moja-pana\/","og_site_name":"Deutsche Minderheit, Sozial-Kulturelle Gesellschaft der Deutschen im Oppelner Schlesien","article_published_time":"2019-10-17T09:56:44+00:00","article_modified_time":"2019-10-17T10:10:15+00:00","og_image":[{"width":1587,"height":2245,"url":"https:\/\/skgd.pl\/wp-content\/uploads\/2019\/10\/Dodaj-nag\u0142\u00f3wek-1.png","type":"image\/png"}],"twitter_card":"summary_large_image","twitter_misc":{"Verfasst von":"Zuzanna Herud","Gesch\u00e4tzte Lesezeit":"2\u00a0Minuten"},"schema":{"@context":"https:\/\/schema.org","@graph":[{"@type":"WebSite","@id":"https:\/\/skgd.pl\/#website","url":"https:\/\/skgd.pl\/","name":"Deutsche Minderheit, Sozial-Kulturelle Gesellschaft der Deutschen im Oppelner Schlesien","description":"Deutsche Minderheit in Polen","potentialAction":[{"@type":"SearchAction","target":{"@type":"EntryPoint","urlTemplate":"https:\/\/skgd.pl\/?s={search_term_string}"},"query-input":"required name=search_term_string"}],"inLanguage":"de"},{"@type":"ImageObject","inLanguage":"de","@id":"https:\/\/skgd.pl\/en\/koncert-wielbij-duszo-moja-pana\/#primaryimage","url":"https:\/\/skgd.pl\/wp-content\/uploads\/2019\/10\/Dodaj-nag\u0142\u00f3wek-1.png","contentUrl":"https:\/\/skgd.pl\/wp-content\/uploads\/2019\/10\/Dodaj-nag\u0142\u00f3wek-1.png","width":1587,"height":2245},{"@type":"WebPage","@id":"https:\/\/skgd.pl\/en\/koncert-wielbij-duszo-moja-pana\/#webpage","url":"https:\/\/skgd.pl\/en\/koncert-wielbij-duszo-moja-pana\/","name":"Konzert - \"Lobe den Herren meine Seele\" - Deutsche Minderheit, Sozial-Kulturelle Gesellschaft der Deutschen im Oppelner Schlesien","isPartOf":{"@id":"https:\/\/skgd.pl\/#website"},"primaryImageOfPage":{"@id":"https:\/\/skgd.pl\/en\/koncert-wielbij-duszo-moja-pana\/#primaryimage"},"datePublished":"2019-10-17T09:56:44+00:00","dateModified":"2019-10-17T10:10:15+00:00","author":{"@id":"https:\/\/skgd.pl\/#\/schema\/person\/dcdd6dd89280fa49735a207f6d6dccd2"},"breadcrumb":{"@id":"https:\/\/skgd.pl\/en\/koncert-wielbij-duszo-moja-pana\/#breadcrumb"},"inLanguage":"de","potentialAction":[{"@type":"ReadAction","target":["https:\/\/skgd.pl\/en\/koncert-wielbij-duszo-moja-pana\/"]}]},{"@type":"BreadcrumbList","@id":"https:\/\/skgd.pl\/en\/koncert-wielbij-duszo-moja-pana\/#breadcrumb","itemListElement":[{"@type":"ListItem","position":1,"name":"Strona g\u0142\u00f3wna","item":"https:\/\/skgd.pl\/"},{"@type":"ListItem","position":2,"name":"(Polski) Koncert &#8211; &#8220;Wielbij duszo moja Pana&#8221;"}]},{"@type":"Person","@id":"https:\/\/skgd.pl\/#\/schema\/person\/dcdd6dd89280fa49735a207f6d6dccd2","name":"Zuzanna Herud","image":{"@type":"ImageObject","inLanguage":"de","@id":"https:\/\/skgd.pl\/#\/schema\/person\/image\/","url":"https:\/\/secure.gravatar.com\/avatar\/a01f92cb4421a03a6fa61cc64f8d96dc?s=96&d=mm&r=g","contentUrl":"https:\/\/secure.gravatar.com\/avatar\/a01f92cb4421a03a6fa61cc64f8d96dc?s=96&d=mm&r=g","caption":"Zuzanna Herud"},"url":"https:\/\/skgd.pl\/de\/author\/zuzanna\/"}]}},"_links":{"self":[{"href":"https:\/\/skgd.pl\/de\/wp-json\/wp\/v2\/posts\/22114","targetHints":{"allow":["GET"]}}],"collection":[{"href":"https:\/\/skgd.pl\/de\/wp-json\/wp\/v2\/posts"}],"about":[{"href":"https:\/\/skgd.pl\/de\/wp-json\/wp\/v2\/types\/post"}],"author":[{"embeddable":true,"href":"https:\/\/skgd.pl\/de\/wp-json\/wp\/v2\/users\/7"}],"replies":[{"embeddable":true,"href":"https:\/\/skgd.pl\/de\/wp-json\/wp\/v2\/comments?post=22114"}],"version-history":[{"count":2,"href":"https:\/\/skgd.pl\/de\/wp-json\/wp\/v2\/posts\/22114\/revisions"}],"predecessor-version":[{"id":22120,"href":"https:\/\/skgd.pl\/de\/wp-json\/wp\/v2\/posts\/22114\/revisions\/22120"}],"wp:featuredmedia":[{"embeddable":true,"href":"https:\/\/skgd.pl\/de\/wp-json\/wp\/v2\/media\/22116"}],"wp:attachment":[{"href":"https:\/\/skgd.pl\/de\/wp-json\/wp\/v2\/media?parent=22114"}],"wp:term":[{"taxonomy":"category","embeddable":true,"href":"https:\/\/skgd.pl\/de\/wp-json\/wp\/v2\/categories?post=22114"},{"taxonomy":"post_tag","embeddable":true,"href":"https:\/\/skgd.pl\/de\/wp-json\/wp\/v2\/tags?post=22114"}],"curies":[{"name":"wp","href":"https:\/\/api.w.org\/{rel}","templated":true}]}}