{"id":22105,"date":"2019-10-16T09:17:22","date_gmt":"2019-10-16T07:17:22","guid":{"rendered":"http:\/\/skgd.pl\/?p=22105"},"modified":"2019-10-15T13:38:57","modified_gmt":"2019-10-15T11:38:57","slug":"koncert-finalowy-konkursu-superstar","status":"publish","type":"post","link":"https:\/\/skgd.pl\/de\/koncert-finalowy-konkursu-superstar\/","title":{"rendered":"Preistr\u00e4gerkonzert des Deutschen Liederwettbewerbs SUPERSTAR"},"content":{"rendered":"<p><\/p>\n<p style=\"text-align: justify;\">Die Sozial-Kulturelle Gesellschaft der Deutschen im Oppelner Schlesien l\u00e4dt alle zum Abschlusskonzert des Deutschen Gesangswettbewerbs SUPERSTAR ein, der am 19. Oktober 2019 um 17.00 Uhr im St\u00e4dtischen Kulturzentrum in Gogolin stattfindet. W\u00e4hrend des Konzerts treten 15 von der Jury w\u00e4hrend der Ausscheidung ausgew\u00e4hlten Interpreten auf, die ein deutschsprachiges Lied singen. Die Jury bestehend aus Andrea Rischka, Joanna Kostka und Robert Trinczek und vergibt die besten Leistungen. Die von den Teilnehmern ausgew\u00e4hlten Lieder repr\u00e4sentieren eine ganze Reihe musikalischer Genres, von Popmusik bis zu traditionellen deutschen Hits. Au\u00dferdem treten die Gruppe Solaris aus Solarnia und die Tanzgruppe WATAHA aus Leschnitz auf. Der Eintritt zum Abschlusskonzert ist frei. Die Veranstaltung findet im Rahmen der 16. Deutschen Kulturtage in Oppelner Schlesien statt.<\/p>\n<p style=\"text-align: justify;\">Der Deutscher Gesangswettbewerb SUPERSTAR wird mit Unterst\u00fctzung des Polnischen Innen- und Verwaltungsministeriums und des Innenministeriums der Bundesrepublik Deutschland \u00fcber das VDG durchgef\u00fchrt.<\/p>\n<p><\/p>","protected":false},"excerpt":{"rendered":"<p>Die Sozial-Kulturelle Gesellschaft der Deutschen im Oppelner Schlesien l\u00e4dt alle zum Abschlusskonzert des Deutschen Gesangswettbewerbs SUPERSTAR ein, der am 19. Oktober 2019 um 17.00 Uhr im St\u00e4dtischen Kulturzentrum in Gogolin stattfindet. W\u00e4hrend des Konzerts treten 15 von der Jury w\u00e4hrend der Ausscheidung ausgew\u00e4hlten Interpreten auf, die ein deutschsprachiges Lied singen. Die Jury bestehend aus Andrea [&hellip;]<\/p>\n","protected":false},"author":2,"featured_media":22106,"comment_status":"closed","ping_status":"open","sticky":false,"template":"","format":"standard","meta":{"footnotes":""},"categories":[1],"tags":[],"class_list":["post-22105","post","type-post","status-publish","format-standard","has-post-thumbnail","hentry","category-aktualnosci"],"yoast_head":"<!-- This site is optimized with the Yoast SEO plugin v18.9 - https:\/\/yoast.com\/wordpress\/plugins\/seo\/ -->\n<title>Preistr\u00e4gerkonzert des Deutschen Liederwettbewerbs SUPERSTAR - Deutsche Minderheit, Sozial-Kulturelle Gesellschaft der Deutschen im Oppelner Schlesien<\/title>\n<meta name=\"robots\" content=\"index, follow, max-snippet:-1, max-image-preview:large, max-video-preview:-1\" \/>\n<link rel=\"canonical\" href=\"https:\/\/skgd.pl\/koncert-finalowy-konkursu-superstar\/\" \/>\n<meta property=\"og:locale\" content=\"de_DE\" \/>\n<meta property=\"og:type\" content=\"article\" \/>\n<meta property=\"og:title\" content=\"Preistr\u00e4gerkonzert des Deutschen Liederwettbewerbs SUPERSTAR - Deutsche Minderheit, Sozial-Kulturelle Gesellschaft der Deutschen im Oppelner Schlesien\" \/>\n<meta property=\"og:description\" content=\"Die Sozial-Kulturelle Gesellschaft der Deutschen im Oppelner Schlesien l\u00e4dt alle zum Abschlusskonzert des Deutschen Gesangswettbewerbs SUPERSTAR ein, der am 19. Oktober 2019 um 17.00 Uhr im St\u00e4dtischen Kulturzentrum in Gogolin stattfindet. W\u00e4hrend des Konzerts treten 15 von der Jury w\u00e4hrend der Ausscheidung ausgew\u00e4hlten Interpreten auf, die ein deutschsprachiges Lied singen. Die Jury bestehend aus Andrea [&hellip;]\" \/>\n<meta property=\"og:url\" content=\"https:\/\/skgd.pl\/koncert-finalowy-konkursu-superstar\/\" \/>\n<meta property=\"og:site_name\" content=\"Deutsche Minderheit, Sozial-Kulturelle Gesellschaft der Deutschen im Oppelner Schlesien\" \/>\n<meta property=\"article:published_time\" content=\"2019-10-16T07:17:22+00:00\" \/>\n<meta property=\"article:modified_time\" content=\"2019-10-15T11:38:57+00:00\" \/>\n<meta property=\"og:image\" content=\"https:\/\/skgd.pl\/wp-content\/uploads\/2019\/10\/superstar.png\" \/>\n\t<meta property=\"og:image:width\" content=\"909\" \/>\n\t<meta property=\"og:image:height\" content=\"1286\" \/>\n\t<meta property=\"og:image:type\" content=\"image\/png\" \/>\n<meta name=\"twitter:card\" content=\"summary_large_image\" \/>\n<meta name=\"twitter:label1\" content=\"Verfasst von\" \/>\n\t<meta name=\"twitter:data1\" content=\"Joanna Hassa\" \/>\n\t<meta name=\"twitter:label2\" content=\"Gesch\u00e4tzte Lesezeit\" \/>\n\t<meta name=\"twitter:data2\" content=\"2\u00a0Minuten\" \/>\n<script type=\"application\/ld+json\" class=\"yoast-schema-graph\">{\"@context\":\"https:\/\/schema.org\",\"@graph\":[{\"@type\":\"WebSite\",\"@id\":\"https:\/\/skgd.pl\/#website\",\"url\":\"https:\/\/skgd.pl\/\",\"name\":\"Deutsche Minderheit, Sozial-Kulturelle Gesellschaft der Deutschen im Oppelner Schlesien\",\"description\":\"Deutsche Minderheit in Polen\",\"potentialAction\":[{\"@type\":\"SearchAction\",\"target\":{\"@type\":\"EntryPoint\",\"urlTemplate\":\"https:\/\/skgd.pl\/?s={search_term_string}\"},\"query-input\":\"required name=search_term_string\"}],\"inLanguage\":\"de\"},{\"@type\":\"ImageObject\",\"inLanguage\":\"de\",\"@id\":\"https:\/\/skgd.pl\/koncert-finalowy-konkursu-superstar\/#primaryimage\",\"url\":\"https:\/\/skgd.pl\/wp-content\/uploads\/2019\/10\/superstar.png\",\"contentUrl\":\"https:\/\/skgd.pl\/wp-content\/uploads\/2019\/10\/superstar.png\",\"width\":909,\"height\":1286},{\"@type\":\"WebPage\",\"@id\":\"https:\/\/skgd.pl\/koncert-finalowy-konkursu-superstar\/#webpage\",\"url\":\"https:\/\/skgd.pl\/koncert-finalowy-konkursu-superstar\/\",\"name\":\"Preistr\u00e4gerkonzert des Deutschen Liederwettbewerbs SUPERSTAR - Deutsche Minderheit, Sozial-Kulturelle Gesellschaft der Deutschen im Oppelner Schlesien\",\"isPartOf\":{\"@id\":\"https:\/\/skgd.pl\/#website\"},\"primaryImageOfPage\":{\"@id\":\"https:\/\/skgd.pl\/koncert-finalowy-konkursu-superstar\/#primaryimage\"},\"datePublished\":\"2019-10-16T07:17:22+00:00\",\"dateModified\":\"2019-10-15T11:38:57+00:00\",\"author\":{\"@id\":\"https:\/\/skgd.pl\/#\/schema\/person\/0620fbcc0ddc3adae2d5dd9fdc163f03\"},\"breadcrumb\":{\"@id\":\"https:\/\/skgd.pl\/koncert-finalowy-konkursu-superstar\/#breadcrumb\"},\"inLanguage\":\"de\",\"potentialAction\":[{\"@type\":\"ReadAction\",\"target\":[\"https:\/\/skgd.pl\/koncert-finalowy-konkursu-superstar\/\"]}]},{\"@type\":\"BreadcrumbList\",\"@id\":\"https:\/\/skgd.pl\/koncert-finalowy-konkursu-superstar\/#breadcrumb\",\"itemListElement\":[{\"@type\":\"ListItem\",\"position\":1,\"name\":\"Strona g\u0142\u00f3wna\",\"item\":\"https:\/\/skgd.pl\/\"},{\"@type\":\"ListItem\",\"position\":2,\"name\":\"Koncert fina\u0142owy konkursu SUPERSTAR\"}]},{\"@type\":\"Person\",\"@id\":\"https:\/\/skgd.pl\/#\/schema\/person\/0620fbcc0ddc3adae2d5dd9fdc163f03\",\"name\":\"Joanna Hassa\",\"image\":{\"@type\":\"ImageObject\",\"inLanguage\":\"de\",\"@id\":\"https:\/\/skgd.pl\/#\/schema\/person\/image\/\",\"url\":\"https:\/\/secure.gravatar.com\/avatar\/e91991b37fe2db6d44fd302c843edfdc?s=96&d=mm&r=g\",\"contentUrl\":\"https:\/\/secure.gravatar.com\/avatar\/e91991b37fe2db6d44fd302c843edfdc?s=96&d=mm&r=g\",\"caption\":\"Joanna Hassa\"},\"url\":\"https:\/\/skgd.pl\/de\/author\/asia\/\"}]}<\/script>\n<!-- \/ Yoast SEO plugin. -->","yoast_head_json":{"title":"Preistr\u00e4gerkonzert des Deutschen Liederwettbewerbs SUPERSTAR - Deutsche Minderheit, Sozial-Kulturelle Gesellschaft der Deutschen im Oppelner Schlesien","robots":{"index":"index","follow":"follow","max-snippet":"max-snippet:-1","max-image-preview":"max-image-preview:large","max-video-preview":"max-video-preview:-1"},"canonical":"https:\/\/skgd.pl\/koncert-finalowy-konkursu-superstar\/","og_locale":"de_DE","og_type":"article","og_title":"Preistr\u00e4gerkonzert des Deutschen Liederwettbewerbs SUPERSTAR - Deutsche Minderheit, Sozial-Kulturelle Gesellschaft der Deutschen im Oppelner Schlesien","og_description":"Die Sozial-Kulturelle Gesellschaft der Deutschen im Oppelner Schlesien l\u00e4dt alle zum Abschlusskonzert des Deutschen Gesangswettbewerbs SUPERSTAR ein, der am 19. Oktober 2019 um 17.00 Uhr im St\u00e4dtischen Kulturzentrum in Gogolin stattfindet. W\u00e4hrend des Konzerts treten 15 von der Jury w\u00e4hrend der Ausscheidung ausgew\u00e4hlten Interpreten auf, die ein deutschsprachiges Lied singen. Die Jury bestehend aus Andrea [&hellip;]","og_url":"https:\/\/skgd.pl\/koncert-finalowy-konkursu-superstar\/","og_site_name":"Deutsche Minderheit, Sozial-Kulturelle Gesellschaft der Deutschen im Oppelner Schlesien","article_published_time":"2019-10-16T07:17:22+00:00","article_modified_time":"2019-10-15T11:38:57+00:00","og_image":[{"width":909,"height":1286,"url":"https:\/\/skgd.pl\/wp-content\/uploads\/2019\/10\/superstar.png","type":"image\/png"}],"twitter_card":"summary_large_image","twitter_misc":{"Verfasst von":"Joanna Hassa","Gesch\u00e4tzte Lesezeit":"2\u00a0Minuten"},"schema":{"@context":"https:\/\/schema.org","@graph":[{"@type":"WebSite","@id":"https:\/\/skgd.pl\/#website","url":"https:\/\/skgd.pl\/","name":"Deutsche Minderheit, Sozial-Kulturelle Gesellschaft der Deutschen im Oppelner Schlesien","description":"Deutsche Minderheit in Polen","potentialAction":[{"@type":"SearchAction","target":{"@type":"EntryPoint","urlTemplate":"https:\/\/skgd.pl\/?s={search_term_string}"},"query-input":"required name=search_term_string"}],"inLanguage":"de"},{"@type":"ImageObject","inLanguage":"de","@id":"https:\/\/skgd.pl\/koncert-finalowy-konkursu-superstar\/#primaryimage","url":"https:\/\/skgd.pl\/wp-content\/uploads\/2019\/10\/superstar.png","contentUrl":"https:\/\/skgd.pl\/wp-content\/uploads\/2019\/10\/superstar.png","width":909,"height":1286},{"@type":"WebPage","@id":"https:\/\/skgd.pl\/koncert-finalowy-konkursu-superstar\/#webpage","url":"https:\/\/skgd.pl\/koncert-finalowy-konkursu-superstar\/","name":"Preistr\u00e4gerkonzert des Deutschen Liederwettbewerbs SUPERSTAR - Deutsche Minderheit, Sozial-Kulturelle Gesellschaft der Deutschen im Oppelner Schlesien","isPartOf":{"@id":"https:\/\/skgd.pl\/#website"},"primaryImageOfPage":{"@id":"https:\/\/skgd.pl\/koncert-finalowy-konkursu-superstar\/#primaryimage"},"datePublished":"2019-10-16T07:17:22+00:00","dateModified":"2019-10-15T11:38:57+00:00","author":{"@id":"https:\/\/skgd.pl\/#\/schema\/person\/0620fbcc0ddc3adae2d5dd9fdc163f03"},"breadcrumb":{"@id":"https:\/\/skgd.pl\/koncert-finalowy-konkursu-superstar\/#breadcrumb"},"inLanguage":"de","potentialAction":[{"@type":"ReadAction","target":["https:\/\/skgd.pl\/koncert-finalowy-konkursu-superstar\/"]}]},{"@type":"BreadcrumbList","@id":"https:\/\/skgd.pl\/koncert-finalowy-konkursu-superstar\/#breadcrumb","itemListElement":[{"@type":"ListItem","position":1,"name":"Strona g\u0142\u00f3wna","item":"https:\/\/skgd.pl\/"},{"@type":"ListItem","position":2,"name":"Koncert fina\u0142owy konkursu SUPERSTAR"}]},{"@type":"Person","@id":"https:\/\/skgd.pl\/#\/schema\/person\/0620fbcc0ddc3adae2d5dd9fdc163f03","name":"Joanna Hassa","image":{"@type":"ImageObject","inLanguage":"de","@id":"https:\/\/skgd.pl\/#\/schema\/person\/image\/","url":"https:\/\/secure.gravatar.com\/avatar\/e91991b37fe2db6d44fd302c843edfdc?s=96&d=mm&r=g","contentUrl":"https:\/\/secure.gravatar.com\/avatar\/e91991b37fe2db6d44fd302c843edfdc?s=96&d=mm&r=g","caption":"Joanna Hassa"},"url":"https:\/\/skgd.pl\/de\/author\/asia\/"}]}},"_links":{"self":[{"href":"https:\/\/skgd.pl\/de\/wp-json\/wp\/v2\/posts\/22105","targetHints":{"allow":["GET"]}}],"collection":[{"href":"https:\/\/skgd.pl\/de\/wp-json\/wp\/v2\/posts"}],"about":[{"href":"https:\/\/skgd.pl\/de\/wp-json\/wp\/v2\/types\/post"}],"author":[{"embeddable":true,"href":"https:\/\/skgd.pl\/de\/wp-json\/wp\/v2\/users\/2"}],"replies":[{"embeddable":true,"href":"https:\/\/skgd.pl\/de\/wp-json\/wp\/v2\/comments?post=22105"}],"version-history":[{"count":1,"href":"https:\/\/skgd.pl\/de\/wp-json\/wp\/v2\/posts\/22105\/revisions"}],"predecessor-version":[{"id":22107,"href":"https:\/\/skgd.pl\/de\/wp-json\/wp\/v2\/posts\/22105\/revisions\/22107"}],"wp:featuredmedia":[{"embeddable":true,"href":"https:\/\/skgd.pl\/de\/wp-json\/wp\/v2\/media\/22106"}],"wp:attachment":[{"href":"https:\/\/skgd.pl\/de\/wp-json\/wp\/v2\/media?parent=22105"}],"wp:term":[{"taxonomy":"category","embeddable":true,"href":"https:\/\/skgd.pl\/de\/wp-json\/wp\/v2\/categories?post=22105"},{"taxonomy":"post_tag","embeddable":true,"href":"https:\/\/skgd.pl\/de\/wp-json\/wp\/v2\/tags?post=22105"}],"curies":[{"name":"wp","href":"https:\/\/api.w.org\/{rel}","templated":true}]}}