{"id":22102,"date":"2019-10-15T15:03:01","date_gmt":"2019-10-15T13:03:01","guid":{"rendered":"http:\/\/skgd.pl\/?p=22102"},"modified":"2019-10-15T16:20:25","modified_gmt":"2019-10-15T14:20:25","slug":"koncert-maria-daoud-quartett-exchange-i-wystawa-perspektywy","status":"publish","type":"post","link":"https:\/\/skgd.pl\/de\/koncert-maria-daoud-quartett-exchange-i-wystawa-perspektywy\/","title":{"rendered":"Konzert Maria Daoud Quartett &#8220;Exchange&#8221; und Ausstellung Die Perspektiven"},"content":{"rendered":"<p><img loading=\"lazy\" decoding=\"async\" class=\"aligncenter wp-image-22108 size-large\" src=\"https:\/\/skgd.pl\/wp-content\/uploads\/2019\/10\/Koncert-727x1024.png\" alt=\"\" width=\"727\" height=\"1024\" srcset=\"https:\/\/skgd.pl\/wp-content\/uploads\/2019\/10\/Koncert-727x1024.png 727w, https:\/\/skgd.pl\/wp-content\/uploads\/2019\/10\/Koncert-600x846.png 600w, https:\/\/skgd.pl\/wp-content\/uploads\/2019\/10\/Koncert-213x300.png 213w, https:\/\/skgd.pl\/wp-content\/uploads\/2019\/10\/Koncert-768x1082.png 768w, https:\/\/skgd.pl\/wp-content\/uploads\/2019\/10\/Koncert-800x1127.png 800w, https:\/\/skgd.pl\/wp-content\/uploads\/2019\/10\/Koncert.png 909w\" sizes=\"auto, (max-width: 727px) 100vw, 727px\" \/><\/p>\n<p style=\"text-align: justify;\"><span>Das Konzert der jungen Musiker Maria Daoud Quartett &#8220;Exchange\u201d und die Ausstellung &#8220;Die Perspektiven \u2013 Rheinland-Pfalz und die Oppelner Woiwodschaft in den Augen der Jugendlichen der Partner Regionen.&#8221;<\/span><br \/>\n<span>20.10.2019, 17.00 Uhr<\/span><br \/>\n<span>Eintritt frei<\/span><br \/>\n<span>Powiatowe Centrum Kultury w Strzelcach Opolskich<\/span><\/p>\n<p style=\"text-align: justify;\"><span>Das Ereigniss findet im Rahmen der 16. Deutschen Kulturtage statt<\/span><\/p>\n<p style=\"text-align: justify;\"><strong>Organisator:<\/strong><span>&nbsp;<\/span>Sozial-Kulturelle Gesellschaft der Deutschen im Oppelner Schlesien<\/p>\n<p style=\"text-align: justify;\"><strong>Die Partner der 16. Kulturtagen in Oppelner Schlesien:<span>&nbsp;<\/span><\/strong>Wojew\u00f3dzka Biblioteka Publiczna im. E. Smo\u0142ki w Opolu, Muzeum Powiatowe w Nysie, \u00d6sterreich-Bibliothek in Oppeln, Bund der Jugend der Deutschen Minderheit, Haus der Deutsch-Polnischen Zusammenarbeit, Oppelner Philharmonie, Gemeinde Krappitz, Krapkowicki Dom Kultury, Verband Deutscher Sozial-Kulturellen Gesellschaften, Muzeum Diecezjalne w Opolu,&nbsp; Zentral Bibliothek im. J. v. Eichendorffa in Oppeln.<\/p>\n<p style=\"text-align: justify;\"><strong>Finanzierung:<\/strong><span>&nbsp;<\/span>Konsulat der BRD in Oppeln<\/p>\n<p style=\"text-align: justify;\"><strong>Sponsoren:<\/strong><span>&nbsp;<\/span>\u015al\u0105skie Kruszywa Naturalne Sp z o o , Smuda Consulting, Bank Sp\u00f3\u0142dzielczy w Krapkowicach, Paul Schockemohle Logistics Polska, Sp. z o.o. Filplast<\/p>\n<p style=\"text-align: justify;\"><strong>Medien Schirmherrschaft:<\/strong><span>&nbsp;<\/span>Radio Opole, Radio PARK, Nowa Trybuna Opolska, 24opole.pl, Radio DOXA, Wochenblatt.pl,&nbsp; Polen Journal, Tygodnik Ziemii Opolskiej, Tygodnik Krapkowicki<\/p>\n<p><\/p>","protected":false},"excerpt":{"rendered":"<p>Das Konzert der jungen Musiker Maria Daoud Quartett &#8220;Exchange\u201d und die Ausstellung &#8220;Die Perspektiven \u2013 Rheinland-Pfalz und die Oppelner Woiwodschaft in den Augen der Jugendlichen der Partner Regionen.&#8221; 20.10.2019, 17.00 Uhr Eintritt frei Powiatowe Centrum Kultury w Strzelcach Opolskich Das Ereigniss findet im Rahmen der 16. Deutschen Kulturtage statt Organisator:&nbsp;Sozial-Kulturelle Gesellschaft der Deutschen im Oppelner [&hellip;]<\/p>\n","protected":false},"author":2,"featured_media":22103,"comment_status":"closed","ping_status":"open","sticky":false,"template":"","format":"standard","meta":{"footnotes":""},"categories":[1],"tags":[],"class_list":["post-22102","post","type-post","status-publish","format-standard","has-post-thumbnail","hentry","category-aktualnosci"],"yoast_head":"<!-- This site is optimized with the Yoast SEO plugin v18.9 - https:\/\/yoast.com\/wordpress\/plugins\/seo\/ -->\n<title>Konzert Maria Daoud Quartett &quot;Exchange&quot; und Ausstellung Die Perspektiven - Deutsche Minderheit, Sozial-Kulturelle Gesellschaft der Deutschen im Oppelner Schlesien<\/title>\n<meta name=\"robots\" content=\"index, follow, max-snippet:-1, max-image-preview:large, max-video-preview:-1\" \/>\n<link rel=\"canonical\" href=\"https:\/\/skgd.pl\/en\/koncert-maria-daoud-quartett-exchange-i-wystawa-perspektywy\/\" \/>\n<meta property=\"og:locale\" content=\"de_DE\" \/>\n<meta property=\"og:type\" content=\"article\" \/>\n<meta property=\"og:title\" content=\"Konzert Maria Daoud Quartett &quot;Exchange&quot; und Ausstellung Die Perspektiven - Deutsche Minderheit, Sozial-Kulturelle Gesellschaft der Deutschen im Oppelner Schlesien\" \/>\n<meta property=\"og:description\" content=\"Das Konzert der jungen Musiker Maria Daoud Quartett &#8220;Exchange\u201d und die Ausstellung &#8220;Die Perspektiven \u2013 Rheinland-Pfalz und die Oppelner Woiwodschaft in den Augen der Jugendlichen der Partner Regionen.&#8221; 20.10.2019, 17.00 Uhr Eintritt frei Powiatowe Centrum Kultury w Strzelcach Opolskich Das Ereigniss findet im Rahmen der 16. Deutschen Kulturtage statt Organisator:&nbsp;Sozial-Kulturelle Gesellschaft der Deutschen im Oppelner [&hellip;]\" \/>\n<meta property=\"og:url\" content=\"https:\/\/skgd.pl\/en\/koncert-maria-daoud-quartett-exchange-i-wystawa-perspektywy\/\" \/>\n<meta property=\"og:site_name\" content=\"Deutsche Minderheit, Sozial-Kulturelle Gesellschaft der Deutschen im Oppelner Schlesien\" \/>\n<meta property=\"article:published_time\" content=\"2019-10-15T13:03:01+00:00\" \/>\n<meta property=\"article:modified_time\" content=\"2019-10-15T14:20:25+00:00\" \/>\n<meta property=\"og:image\" content=\"https:\/\/skgd.pl\/wp-content\/uploads\/2019\/10\/logo-DNI-768x768.jpg\" \/>\n\t<meta property=\"og:image:width\" content=\"768\" \/>\n\t<meta property=\"og:image:height\" content=\"768\" \/>\n\t<meta property=\"og:image:type\" content=\"image\/jpeg\" \/>\n<meta name=\"twitter:card\" content=\"summary_large_image\" \/>\n<meta name=\"twitter:label1\" content=\"Verfasst von\" \/>\n\t<meta name=\"twitter:data1\" content=\"Joanna Hassa\" \/>\n\t<meta name=\"twitter:label2\" content=\"Gesch\u00e4tzte Lesezeit\" \/>\n\t<meta name=\"twitter:data2\" content=\"2\u00a0Minuten\" \/>\n<script type=\"application\/ld+json\" class=\"yoast-schema-graph\">{\"@context\":\"https:\/\/schema.org\",\"@graph\":[{\"@type\":\"WebSite\",\"@id\":\"https:\/\/skgd.pl\/#website\",\"url\":\"https:\/\/skgd.pl\/\",\"name\":\"Deutsche Minderheit, Sozial-Kulturelle Gesellschaft der Deutschen im Oppelner Schlesien\",\"description\":\"Deutsche Minderheit in Polen\",\"potentialAction\":[{\"@type\":\"SearchAction\",\"target\":{\"@type\":\"EntryPoint\",\"urlTemplate\":\"https:\/\/skgd.pl\/?s={search_term_string}\"},\"query-input\":\"required name=search_term_string\"}],\"inLanguage\":\"de\"},{\"@type\":\"ImageObject\",\"inLanguage\":\"de\",\"@id\":\"https:\/\/skgd.pl\/en\/koncert-maria-daoud-quartett-exchange-i-wystawa-perspektywy\/#primaryimage\",\"url\":\"https:\/\/skgd.pl\/wp-content\/uploads\/2019\/10\/logo-DNI-768x768.jpg\",\"contentUrl\":\"https:\/\/skgd.pl\/wp-content\/uploads\/2019\/10\/logo-DNI-768x768.jpg\",\"width\":768,\"height\":768},{\"@type\":\"WebPage\",\"@id\":\"https:\/\/skgd.pl\/en\/koncert-maria-daoud-quartett-exchange-i-wystawa-perspektywy\/#webpage\",\"url\":\"https:\/\/skgd.pl\/en\/koncert-maria-daoud-quartett-exchange-i-wystawa-perspektywy\/\",\"name\":\"Konzert Maria Daoud Quartett \\\"Exchange\\\" und Ausstellung Die Perspektiven - Deutsche Minderheit, Sozial-Kulturelle Gesellschaft der Deutschen im Oppelner Schlesien\",\"isPartOf\":{\"@id\":\"https:\/\/skgd.pl\/#website\"},\"primaryImageOfPage\":{\"@id\":\"https:\/\/skgd.pl\/en\/koncert-maria-daoud-quartett-exchange-i-wystawa-perspektywy\/#primaryimage\"},\"datePublished\":\"2019-10-15T13:03:01+00:00\",\"dateModified\":\"2019-10-15T14:20:25+00:00\",\"author\":{\"@id\":\"https:\/\/skgd.pl\/#\/schema\/person\/0620fbcc0ddc3adae2d5dd9fdc163f03\"},\"breadcrumb\":{\"@id\":\"https:\/\/skgd.pl\/en\/koncert-maria-daoud-quartett-exchange-i-wystawa-perspektywy\/#breadcrumb\"},\"inLanguage\":\"de\",\"potentialAction\":[{\"@type\":\"ReadAction\",\"target\":[\"https:\/\/skgd.pl\/en\/koncert-maria-daoud-quartett-exchange-i-wystawa-perspektywy\/\"]}]},{\"@type\":\"BreadcrumbList\",\"@id\":\"https:\/\/skgd.pl\/en\/koncert-maria-daoud-quartett-exchange-i-wystawa-perspektywy\/#breadcrumb\",\"itemListElement\":[{\"@type\":\"ListItem\",\"position\":1,\"name\":\"Strona g\u0142\u00f3wna\",\"item\":\"https:\/\/skgd.pl\/\"},{\"@type\":\"ListItem\",\"position\":2,\"name\":\"(Polski) Koncert Maria Daoud Quartett &#8220;Exchange&#8221; i wystawa ,,Perspektywy&#8221;\"}]},{\"@type\":\"Person\",\"@id\":\"https:\/\/skgd.pl\/#\/schema\/person\/0620fbcc0ddc3adae2d5dd9fdc163f03\",\"name\":\"Joanna Hassa\",\"image\":{\"@type\":\"ImageObject\",\"inLanguage\":\"de\",\"@id\":\"https:\/\/skgd.pl\/#\/schema\/person\/image\/\",\"url\":\"https:\/\/secure.gravatar.com\/avatar\/e91991b37fe2db6d44fd302c843edfdc?s=96&d=mm&r=g\",\"contentUrl\":\"https:\/\/secure.gravatar.com\/avatar\/e91991b37fe2db6d44fd302c843edfdc?s=96&d=mm&r=g\",\"caption\":\"Joanna Hassa\"},\"url\":\"https:\/\/skgd.pl\/de\/author\/asia\/\"}]}<\/script>\n<!-- \/ Yoast SEO plugin. -->","yoast_head_json":{"title":"Konzert Maria Daoud Quartett \"Exchange\" und Ausstellung Die Perspektiven - Deutsche Minderheit, Sozial-Kulturelle Gesellschaft der Deutschen im Oppelner Schlesien","robots":{"index":"index","follow":"follow","max-snippet":"max-snippet:-1","max-image-preview":"max-image-preview:large","max-video-preview":"max-video-preview:-1"},"canonical":"https:\/\/skgd.pl\/en\/koncert-maria-daoud-quartett-exchange-i-wystawa-perspektywy\/","og_locale":"de_DE","og_type":"article","og_title":"Konzert Maria Daoud Quartett \"Exchange\" und Ausstellung Die Perspektiven - Deutsche Minderheit, Sozial-Kulturelle Gesellschaft der Deutschen im Oppelner Schlesien","og_description":"Das Konzert der jungen Musiker Maria Daoud Quartett &#8220;Exchange\u201d und die Ausstellung &#8220;Die Perspektiven \u2013 Rheinland-Pfalz und die Oppelner Woiwodschaft in den Augen der Jugendlichen der Partner Regionen.&#8221; 20.10.2019, 17.00 Uhr Eintritt frei Powiatowe Centrum Kultury w Strzelcach Opolskich Das Ereigniss findet im Rahmen der 16. Deutschen Kulturtage statt Organisator:&nbsp;Sozial-Kulturelle Gesellschaft der Deutschen im Oppelner [&hellip;]","og_url":"https:\/\/skgd.pl\/en\/koncert-maria-daoud-quartett-exchange-i-wystawa-perspektywy\/","og_site_name":"Deutsche Minderheit, Sozial-Kulturelle Gesellschaft der Deutschen im Oppelner Schlesien","article_published_time":"2019-10-15T13:03:01+00:00","article_modified_time":"2019-10-15T14:20:25+00:00","og_image":[{"width":768,"height":768,"url":"https:\/\/skgd.pl\/wp-content\/uploads\/2019\/10\/logo-DNI-768x768.jpg","type":"image\/jpeg"}],"twitter_card":"summary_large_image","twitter_misc":{"Verfasst von":"Joanna Hassa","Gesch\u00e4tzte Lesezeit":"2\u00a0Minuten"},"schema":{"@context":"https:\/\/schema.org","@graph":[{"@type":"WebSite","@id":"https:\/\/skgd.pl\/#website","url":"https:\/\/skgd.pl\/","name":"Deutsche Minderheit, Sozial-Kulturelle Gesellschaft der Deutschen im Oppelner Schlesien","description":"Deutsche Minderheit in Polen","potentialAction":[{"@type":"SearchAction","target":{"@type":"EntryPoint","urlTemplate":"https:\/\/skgd.pl\/?s={search_term_string}"},"query-input":"required name=search_term_string"}],"inLanguage":"de"},{"@type":"ImageObject","inLanguage":"de","@id":"https:\/\/skgd.pl\/en\/koncert-maria-daoud-quartett-exchange-i-wystawa-perspektywy\/#primaryimage","url":"https:\/\/skgd.pl\/wp-content\/uploads\/2019\/10\/logo-DNI-768x768.jpg","contentUrl":"https:\/\/skgd.pl\/wp-content\/uploads\/2019\/10\/logo-DNI-768x768.jpg","width":768,"height":768},{"@type":"WebPage","@id":"https:\/\/skgd.pl\/en\/koncert-maria-daoud-quartett-exchange-i-wystawa-perspektywy\/#webpage","url":"https:\/\/skgd.pl\/en\/koncert-maria-daoud-quartett-exchange-i-wystawa-perspektywy\/","name":"Konzert Maria Daoud Quartett \"Exchange\" und Ausstellung Die Perspektiven - Deutsche Minderheit, Sozial-Kulturelle Gesellschaft der Deutschen im Oppelner Schlesien","isPartOf":{"@id":"https:\/\/skgd.pl\/#website"},"primaryImageOfPage":{"@id":"https:\/\/skgd.pl\/en\/koncert-maria-daoud-quartett-exchange-i-wystawa-perspektywy\/#primaryimage"},"datePublished":"2019-10-15T13:03:01+00:00","dateModified":"2019-10-15T14:20:25+00:00","author":{"@id":"https:\/\/skgd.pl\/#\/schema\/person\/0620fbcc0ddc3adae2d5dd9fdc163f03"},"breadcrumb":{"@id":"https:\/\/skgd.pl\/en\/koncert-maria-daoud-quartett-exchange-i-wystawa-perspektywy\/#breadcrumb"},"inLanguage":"de","potentialAction":[{"@type":"ReadAction","target":["https:\/\/skgd.pl\/en\/koncert-maria-daoud-quartett-exchange-i-wystawa-perspektywy\/"]}]},{"@type":"BreadcrumbList","@id":"https:\/\/skgd.pl\/en\/koncert-maria-daoud-quartett-exchange-i-wystawa-perspektywy\/#breadcrumb","itemListElement":[{"@type":"ListItem","position":1,"name":"Strona g\u0142\u00f3wna","item":"https:\/\/skgd.pl\/"},{"@type":"ListItem","position":2,"name":"(Polski) Koncert Maria Daoud Quartett &#8220;Exchange&#8221; i wystawa ,,Perspektywy&#8221;"}]},{"@type":"Person","@id":"https:\/\/skgd.pl\/#\/schema\/person\/0620fbcc0ddc3adae2d5dd9fdc163f03","name":"Joanna Hassa","image":{"@type":"ImageObject","inLanguage":"de","@id":"https:\/\/skgd.pl\/#\/schema\/person\/image\/","url":"https:\/\/secure.gravatar.com\/avatar\/e91991b37fe2db6d44fd302c843edfdc?s=96&d=mm&r=g","contentUrl":"https:\/\/secure.gravatar.com\/avatar\/e91991b37fe2db6d44fd302c843edfdc?s=96&d=mm&r=g","caption":"Joanna Hassa"},"url":"https:\/\/skgd.pl\/de\/author\/asia\/"}]}},"_links":{"self":[{"href":"https:\/\/skgd.pl\/de\/wp-json\/wp\/v2\/posts\/22102","targetHints":{"allow":["GET"]}}],"collection":[{"href":"https:\/\/skgd.pl\/de\/wp-json\/wp\/v2\/posts"}],"about":[{"href":"https:\/\/skgd.pl\/de\/wp-json\/wp\/v2\/types\/post"}],"author":[{"embeddable":true,"href":"https:\/\/skgd.pl\/de\/wp-json\/wp\/v2\/users\/2"}],"replies":[{"embeddable":true,"href":"https:\/\/skgd.pl\/de\/wp-json\/wp\/v2\/comments?post=22102"}],"version-history":[{"count":3,"href":"https:\/\/skgd.pl\/de\/wp-json\/wp\/v2\/posts\/22102\/revisions"}],"predecessor-version":[{"id":22110,"href":"https:\/\/skgd.pl\/de\/wp-json\/wp\/v2\/posts\/22102\/revisions\/22110"}],"wp:featuredmedia":[{"embeddable":true,"href":"https:\/\/skgd.pl\/de\/wp-json\/wp\/v2\/media\/22103"}],"wp:attachment":[{"href":"https:\/\/skgd.pl\/de\/wp-json\/wp\/v2\/media?parent=22102"}],"wp:term":[{"taxonomy":"category","embeddable":true,"href":"https:\/\/skgd.pl\/de\/wp-json\/wp\/v2\/categories?post=22102"},{"taxonomy":"post_tag","embeddable":true,"href":"https:\/\/skgd.pl\/de\/wp-json\/wp\/v2\/tags?post=22102"}],"curies":[{"name":"wp","href":"https:\/\/api.w.org\/{rel}","templated":true}]}}