{"id":22095,"date":"2019-10-15T12:27:13","date_gmt":"2019-10-15T10:27:13","guid":{"rendered":"http:\/\/skgd.pl\/?p=22095"},"modified":"2019-10-15T12:27:13","modified_gmt":"2019-10-15T10:27:13","slug":"ryszard-galla-ponownie-wybrany-poslem","status":"publish","type":"post","link":"https:\/\/skgd.pl\/de\/ryszard-galla-ponownie-wybrany-poslem\/","title":{"rendered":"Ryszard Galla wurde erneut zum Abgeordneten der Deutschen Minderheit gew\u00e4hlt!"},"content":{"rendered":"<p><img loading=\"lazy\" decoding=\"async\" class=\"wp-image-22097 size-large aligncenter\" src=\"https:\/\/skgd.pl\/wp-content\/uploads\/2019\/10\/WhatsApp-Image-2019-10-14-at-11.07.11-1024x540.jpeg\" alt=\"\" width=\"770\" height=\"406\" srcset=\"https:\/\/skgd.pl\/wp-content\/uploads\/2019\/10\/WhatsApp-Image-2019-10-14-at-11.07.11-1024x540.jpeg 1024w, https:\/\/skgd.pl\/wp-content\/uploads\/2019\/10\/WhatsApp-Image-2019-10-14-at-11.07.11-600x316.jpeg 600w, https:\/\/skgd.pl\/wp-content\/uploads\/2019\/10\/WhatsApp-Image-2019-10-14-at-11.07.11-300x158.jpeg 300w, https:\/\/skgd.pl\/wp-content\/uploads\/2019\/10\/WhatsApp-Image-2019-10-14-at-11.07.11-768x405.jpeg 768w, https:\/\/skgd.pl\/wp-content\/uploads\/2019\/10\/WhatsApp-Image-2019-10-14-at-11.07.11-800x422.jpeg 800w, https:\/\/skgd.pl\/wp-content\/uploads\/2019\/10\/WhatsApp-Image-2019-10-14-at-11.07.11.jpeg 1600w\" sizes=\"auto, (max-width: 770px) 100vw, 770px\" \/><\/p>\n<p style=\"text-align: justify;\"><span>Wir bedanken uns ganz herzlich bei allen W<span lang=\"DE\">\u00e4<\/span>hlern f<\/span><span>\u00fcr jede Stimme f\u00fcr unsere Kandidaten! <\/span><span lang=\"DE\">Die Liste der DMI bekam bei dem Sejmwahlen &nbsp;32.094 Stimmen. Die Stimmenzahl ist im Vergleich zu der Wahl 2015 um 4.564 gewachsen (2015 waren es 27.530 Stimmen). Zum Abgeordneten wurde mit einem super Ergebnis von 13.957 Stimmen Herr Richard Galla gew\u00e4hlt. <\/span>Wir bedanken uns ganz herzlich auch bei allen Koordinatoren, Freiwilligen und Allen die auf ihre Art und Weise Hilfe geleistet haben! Ohne Euch h<span lang=\"DE\">\u00e4tten wir das nicht geschafft!<\/span><\/p>\n<p><\/p>","protected":false},"excerpt":{"rendered":"<p>Wir bedanken uns ganz herzlich bei allen W\u00e4hlern f\u00fcr jede Stimme f\u00fcr unsere Kandidaten! Die Liste der DMI bekam bei dem Sejmwahlen &nbsp;32.094 Stimmen. Die Stimmenzahl ist im Vergleich zu der Wahl 2015 um 4.564 gewachsen (2015 waren es 27.530 Stimmen). Zum Abgeordneten wurde mit einem super Ergebnis von 13.957 Stimmen Herr Richard Galla gew\u00e4hlt. [&hellip;]<\/p>\n","protected":false},"author":2,"featured_media":22096,"comment_status":"closed","ping_status":"open","sticky":false,"template":"","format":"standard","meta":{"footnotes":""},"categories":[1],"tags":[],"class_list":["post-22095","post","type-post","status-publish","format-standard","has-post-thumbnail","hentry","category-aktualnosci"],"yoast_head":"<!-- This site is optimized with the Yoast SEO plugin v18.9 - https:\/\/yoast.com\/wordpress\/plugins\/seo\/ -->\n<title>Ryszard Galla wurde erneut zum Abgeordneten der Deutschen Minderheit gew\u00e4hlt! - Deutsche Minderheit, Sozial-Kulturelle Gesellschaft der Deutschen im Oppelner Schlesien<\/title>\n<meta name=\"robots\" content=\"index, follow, max-snippet:-1, max-image-preview:large, max-video-preview:-1\" \/>\n<link rel=\"canonical\" href=\"https:\/\/skgd.pl\/ryszard-galla-ponownie-wybrany-poslem\/\" \/>\n<meta property=\"og:locale\" content=\"de_DE\" \/>\n<meta property=\"og:type\" content=\"article\" \/>\n<meta property=\"og:title\" content=\"Ryszard Galla wurde erneut zum Abgeordneten der Deutschen Minderheit gew\u00e4hlt! - Deutsche Minderheit, Sozial-Kulturelle Gesellschaft der Deutschen im Oppelner Schlesien\" \/>\n<meta property=\"og:description\" content=\"Wir bedanken uns ganz herzlich bei allen W\u00e4hlern f\u00fcr jede Stimme f\u00fcr unsere Kandidaten! Die Liste der DMI bekam bei dem Sejmwahlen &nbsp;32.094 Stimmen. Die Stimmenzahl ist im Vergleich zu der Wahl 2015 um 4.564 gewachsen (2015 waren es 27.530 Stimmen). Zum Abgeordneten wurde mit einem super Ergebnis von 13.957 Stimmen Herr Richard Galla gew\u00e4hlt. [&hellip;]\" \/>\n<meta property=\"og:url\" content=\"https:\/\/skgd.pl\/ryszard-galla-ponownie-wybrany-poslem\/\" \/>\n<meta property=\"og:site_name\" content=\"Deutsche Minderheit, Sozial-Kulturelle Gesellschaft der Deutschen im Oppelner Schlesien\" \/>\n<meta property=\"article:published_time\" content=\"2019-10-15T10:27:13+00:00\" \/>\n<meta property=\"og:image\" content=\"https:\/\/skgd.pl\/wp-content\/uploads\/2019\/10\/Ryszard_Galla_unoficjal_1-scaled.jpg\" \/>\n\t<meta property=\"og:image:width\" content=\"2560\" \/>\n\t<meta property=\"og:image:height\" content=\"1707\" \/>\n\t<meta property=\"og:image:type\" content=\"image\/jpeg\" \/>\n<meta name=\"twitter:card\" content=\"summary_large_image\" \/>\n<meta name=\"twitter:label1\" content=\"Verfasst von\" \/>\n\t<meta name=\"twitter:data1\" content=\"Joanna Hassa\" \/>\n\t<meta name=\"twitter:label2\" content=\"Gesch\u00e4tzte Lesezeit\" \/>\n\t<meta name=\"twitter:data2\" content=\"1\u00a0Minute\" \/>\n<script type=\"application\/ld+json\" class=\"yoast-schema-graph\">{\"@context\":\"https:\/\/schema.org\",\"@graph\":[{\"@type\":\"WebSite\",\"@id\":\"https:\/\/skgd.pl\/#website\",\"url\":\"https:\/\/skgd.pl\/\",\"name\":\"Deutsche Minderheit, Sozial-Kulturelle Gesellschaft der Deutschen im Oppelner Schlesien\",\"description\":\"Deutsche Minderheit in Polen\",\"potentialAction\":[{\"@type\":\"SearchAction\",\"target\":{\"@type\":\"EntryPoint\",\"urlTemplate\":\"https:\/\/skgd.pl\/?s={search_term_string}\"},\"query-input\":\"required name=search_term_string\"}],\"inLanguage\":\"de\"},{\"@type\":\"ImageObject\",\"inLanguage\":\"de\",\"@id\":\"https:\/\/skgd.pl\/ryszard-galla-ponownie-wybrany-poslem\/#primaryimage\",\"url\":\"https:\/\/skgd.pl\/wp-content\/uploads\/2019\/10\/Ryszard_Galla_unoficjal_1-scaled.jpg\",\"contentUrl\":\"https:\/\/skgd.pl\/wp-content\/uploads\/2019\/10\/Ryszard_Galla_unoficjal_1-scaled.jpg\",\"width\":2560,\"height\":1707},{\"@type\":\"WebPage\",\"@id\":\"https:\/\/skgd.pl\/ryszard-galla-ponownie-wybrany-poslem\/#webpage\",\"url\":\"https:\/\/skgd.pl\/ryszard-galla-ponownie-wybrany-poslem\/\",\"name\":\"Ryszard Galla wurde erneut zum Abgeordneten der Deutschen Minderheit gew\u00e4hlt! - Deutsche Minderheit, Sozial-Kulturelle Gesellschaft der Deutschen im Oppelner Schlesien\",\"isPartOf\":{\"@id\":\"https:\/\/skgd.pl\/#website\"},\"primaryImageOfPage\":{\"@id\":\"https:\/\/skgd.pl\/ryszard-galla-ponownie-wybrany-poslem\/#primaryimage\"},\"datePublished\":\"2019-10-15T10:27:13+00:00\",\"dateModified\":\"2019-10-15T10:27:13+00:00\",\"author\":{\"@id\":\"https:\/\/skgd.pl\/#\/schema\/person\/0620fbcc0ddc3adae2d5dd9fdc163f03\"},\"breadcrumb\":{\"@id\":\"https:\/\/skgd.pl\/ryszard-galla-ponownie-wybrany-poslem\/#breadcrumb\"},\"inLanguage\":\"de\",\"potentialAction\":[{\"@type\":\"ReadAction\",\"target\":[\"https:\/\/skgd.pl\/ryszard-galla-ponownie-wybrany-poslem\/\"]}]},{\"@type\":\"BreadcrumbList\",\"@id\":\"https:\/\/skgd.pl\/ryszard-galla-ponownie-wybrany-poslem\/#breadcrumb\",\"itemListElement\":[{\"@type\":\"ListItem\",\"position\":1,\"name\":\"Strona g\u0142\u00f3wna\",\"item\":\"https:\/\/skgd.pl\/\"},{\"@type\":\"ListItem\",\"position\":2,\"name\":\"Ryszard Galla ponownie wybrany pos\u0142em!\"}]},{\"@type\":\"Person\",\"@id\":\"https:\/\/skgd.pl\/#\/schema\/person\/0620fbcc0ddc3adae2d5dd9fdc163f03\",\"name\":\"Joanna Hassa\",\"image\":{\"@type\":\"ImageObject\",\"inLanguage\":\"de\",\"@id\":\"https:\/\/skgd.pl\/#\/schema\/person\/image\/\",\"url\":\"https:\/\/secure.gravatar.com\/avatar\/e91991b37fe2db6d44fd302c843edfdc?s=96&d=mm&r=g\",\"contentUrl\":\"https:\/\/secure.gravatar.com\/avatar\/e91991b37fe2db6d44fd302c843edfdc?s=96&d=mm&r=g\",\"caption\":\"Joanna Hassa\"},\"url\":\"https:\/\/skgd.pl\/de\/author\/asia\/\"}]}<\/script>\n<!-- \/ Yoast SEO plugin. -->","yoast_head_json":{"title":"Ryszard Galla wurde erneut zum Abgeordneten der Deutschen Minderheit gew\u00e4hlt! - Deutsche Minderheit, Sozial-Kulturelle Gesellschaft der Deutschen im Oppelner Schlesien","robots":{"index":"index","follow":"follow","max-snippet":"max-snippet:-1","max-image-preview":"max-image-preview:large","max-video-preview":"max-video-preview:-1"},"canonical":"https:\/\/skgd.pl\/ryszard-galla-ponownie-wybrany-poslem\/","og_locale":"de_DE","og_type":"article","og_title":"Ryszard Galla wurde erneut zum Abgeordneten der Deutschen Minderheit gew\u00e4hlt! - Deutsche Minderheit, Sozial-Kulturelle Gesellschaft der Deutschen im Oppelner Schlesien","og_description":"Wir bedanken uns ganz herzlich bei allen W\u00e4hlern f\u00fcr jede Stimme f\u00fcr unsere Kandidaten! Die Liste der DMI bekam bei dem Sejmwahlen &nbsp;32.094 Stimmen. Die Stimmenzahl ist im Vergleich zu der Wahl 2015 um 4.564 gewachsen (2015 waren es 27.530 Stimmen). Zum Abgeordneten wurde mit einem super Ergebnis von 13.957 Stimmen Herr Richard Galla gew\u00e4hlt. [&hellip;]","og_url":"https:\/\/skgd.pl\/ryszard-galla-ponownie-wybrany-poslem\/","og_site_name":"Deutsche Minderheit, Sozial-Kulturelle Gesellschaft der Deutschen im Oppelner Schlesien","article_published_time":"2019-10-15T10:27:13+00:00","og_image":[{"width":2560,"height":1707,"url":"https:\/\/skgd.pl\/wp-content\/uploads\/2019\/10\/Ryszard_Galla_unoficjal_1-scaled.jpg","type":"image\/jpeg"}],"twitter_card":"summary_large_image","twitter_misc":{"Verfasst von":"Joanna Hassa","Gesch\u00e4tzte Lesezeit":"1\u00a0Minute"},"schema":{"@context":"https:\/\/schema.org","@graph":[{"@type":"WebSite","@id":"https:\/\/skgd.pl\/#website","url":"https:\/\/skgd.pl\/","name":"Deutsche Minderheit, Sozial-Kulturelle Gesellschaft der Deutschen im Oppelner Schlesien","description":"Deutsche Minderheit in Polen","potentialAction":[{"@type":"SearchAction","target":{"@type":"EntryPoint","urlTemplate":"https:\/\/skgd.pl\/?s={search_term_string}"},"query-input":"required name=search_term_string"}],"inLanguage":"de"},{"@type":"ImageObject","inLanguage":"de","@id":"https:\/\/skgd.pl\/ryszard-galla-ponownie-wybrany-poslem\/#primaryimage","url":"https:\/\/skgd.pl\/wp-content\/uploads\/2019\/10\/Ryszard_Galla_unoficjal_1-scaled.jpg","contentUrl":"https:\/\/skgd.pl\/wp-content\/uploads\/2019\/10\/Ryszard_Galla_unoficjal_1-scaled.jpg","width":2560,"height":1707},{"@type":"WebPage","@id":"https:\/\/skgd.pl\/ryszard-galla-ponownie-wybrany-poslem\/#webpage","url":"https:\/\/skgd.pl\/ryszard-galla-ponownie-wybrany-poslem\/","name":"Ryszard Galla wurde erneut zum Abgeordneten der Deutschen Minderheit gew\u00e4hlt! - Deutsche Minderheit, Sozial-Kulturelle Gesellschaft der Deutschen im Oppelner Schlesien","isPartOf":{"@id":"https:\/\/skgd.pl\/#website"},"primaryImageOfPage":{"@id":"https:\/\/skgd.pl\/ryszard-galla-ponownie-wybrany-poslem\/#primaryimage"},"datePublished":"2019-10-15T10:27:13+00:00","dateModified":"2019-10-15T10:27:13+00:00","author":{"@id":"https:\/\/skgd.pl\/#\/schema\/person\/0620fbcc0ddc3adae2d5dd9fdc163f03"},"breadcrumb":{"@id":"https:\/\/skgd.pl\/ryszard-galla-ponownie-wybrany-poslem\/#breadcrumb"},"inLanguage":"de","potentialAction":[{"@type":"ReadAction","target":["https:\/\/skgd.pl\/ryszard-galla-ponownie-wybrany-poslem\/"]}]},{"@type":"BreadcrumbList","@id":"https:\/\/skgd.pl\/ryszard-galla-ponownie-wybrany-poslem\/#breadcrumb","itemListElement":[{"@type":"ListItem","position":1,"name":"Strona g\u0142\u00f3wna","item":"https:\/\/skgd.pl\/"},{"@type":"ListItem","position":2,"name":"Ryszard Galla ponownie wybrany pos\u0142em!"}]},{"@type":"Person","@id":"https:\/\/skgd.pl\/#\/schema\/person\/0620fbcc0ddc3adae2d5dd9fdc163f03","name":"Joanna Hassa","image":{"@type":"ImageObject","inLanguage":"de","@id":"https:\/\/skgd.pl\/#\/schema\/person\/image\/","url":"https:\/\/secure.gravatar.com\/avatar\/e91991b37fe2db6d44fd302c843edfdc?s=96&d=mm&r=g","contentUrl":"https:\/\/secure.gravatar.com\/avatar\/e91991b37fe2db6d44fd302c843edfdc?s=96&d=mm&r=g","caption":"Joanna Hassa"},"url":"https:\/\/skgd.pl\/de\/author\/asia\/"}]}},"_links":{"self":[{"href":"https:\/\/skgd.pl\/de\/wp-json\/wp\/v2\/posts\/22095","targetHints":{"allow":["GET"]}}],"collection":[{"href":"https:\/\/skgd.pl\/de\/wp-json\/wp\/v2\/posts"}],"about":[{"href":"https:\/\/skgd.pl\/de\/wp-json\/wp\/v2\/types\/post"}],"author":[{"embeddable":true,"href":"https:\/\/skgd.pl\/de\/wp-json\/wp\/v2\/users\/2"}],"replies":[{"embeddable":true,"href":"https:\/\/skgd.pl\/de\/wp-json\/wp\/v2\/comments?post=22095"}],"version-history":[{"count":1,"href":"https:\/\/skgd.pl\/de\/wp-json\/wp\/v2\/posts\/22095\/revisions"}],"predecessor-version":[{"id":22098,"href":"https:\/\/skgd.pl\/de\/wp-json\/wp\/v2\/posts\/22095\/revisions\/22098"}],"wp:featuredmedia":[{"embeddable":true,"href":"https:\/\/skgd.pl\/de\/wp-json\/wp\/v2\/media\/22096"}],"wp:attachment":[{"href":"https:\/\/skgd.pl\/de\/wp-json\/wp\/v2\/media?parent=22095"}],"wp:term":[{"taxonomy":"category","embeddable":true,"href":"https:\/\/skgd.pl\/de\/wp-json\/wp\/v2\/categories?post=22095"},{"taxonomy":"post_tag","embeddable":true,"href":"https:\/\/skgd.pl\/de\/wp-json\/wp\/v2\/tags?post=22095"}],"curies":[{"name":"wp","href":"https:\/\/api.w.org\/{rel}","templated":true}]}}