{"id":22088,"date":"2019-10-11T16:26:11","date_gmt":"2019-10-11T14:26:11","guid":{"rendered":"http:\/\/skgd.pl\/?p=22088"},"modified":"2019-10-11T16:26:51","modified_gmt":"2019-10-11T14:26:51","slug":"wybierz-madrze-wybierz-kandydatow-do-senatu-i-sejmu-z-listy-nr-10-kww-mniejszosc-niemiecka","status":"publish","type":"post","link":"https:\/\/skgd.pl\/de\/wybierz-madrze-wybierz-kandydatow-do-senatu-i-sejmu-z-listy-nr-10-kww-mniejszosc-niemiecka\/","title":{"rendered":"W\u00e4hlen Sie Kandidaten f\u00fcr Senat und Sejm aus der Liste der deutschen Minderheiten Nr. 10 aus"},"content":{"rendered":"<p><img loading=\"lazy\" decoding=\"async\" class=\"wp-image-22090 size-full aligncenter\" src=\"https:\/\/skgd.pl\/wp-content\/uploads\/2019\/10\/G\u0141OSUJ\u0118-NA-MNIEJSZO\u015a\u0106-NIEMIECK\u0104.png\" alt=\"\" width=\"820\" height=\"312\" srcset=\"https:\/\/skgd.pl\/wp-content\/uploads\/2019\/10\/G\u0141OSUJ\u0118-NA-MNIEJSZO\u015a\u0106-NIEMIECK\u0104.png 820w, https:\/\/skgd.pl\/wp-content\/uploads\/2019\/10\/G\u0141OSUJ\u0118-NA-MNIEJSZO\u015a\u0106-NIEMIECK\u0104-600x228.png 600w, https:\/\/skgd.pl\/wp-content\/uploads\/2019\/10\/G\u0141OSUJ\u0118-NA-MNIEJSZO\u015a\u0106-NIEMIECK\u0104-300x114.png 300w, https:\/\/skgd.pl\/wp-content\/uploads\/2019\/10\/G\u0141OSUJ\u0118-NA-MNIEJSZO\u015a\u0106-NIEMIECK\u0104-768x292.png 768w, https:\/\/skgd.pl\/wp-content\/uploads\/2019\/10\/G\u0141OSUJ\u0118-NA-MNIEJSZO\u015a\u0106-NIEMIECK\u0104-800x304.png 800w\" sizes=\"auto, (max-width: 820px) 100vw, 820px\" \/><\/p>\n<p style=\"text-align: justify;\">Das ist wichtig! Die deutsche Minderheit hat keinen garantierten Platz im polnischen Sejm! Deshalb brauchen und bitten wir Sie um jede Stimme, damit unsere Gesellschaft im polnischen Sejm vertreten ist! Der Abgeordnete Ryszard Galla war in der letzten Kadenz der einzige Vertreter nationaler und ethnischer Minderheiten im polnischen Parlament im Allgemeinen! Auch die anderen Minderheiten betonen die Bedeutung des Vertreters aus der Minderheitengemeinschaft. Nach dem Grundsatz: Nichts \u00fcber uns ohne uns: ein Vertreter der deutschen Minderheit, darf die vorgeschlagenen Gesetzes\u00e4nderungen beeinflussen oder vertreten uns auf nationaler und internationaler Ebene. Dies ist sehr wichtig. Gehen wir also zur Wahl am 13.10.19 und w\u00e4hlen Sie einen Kandidaten f\u00fcr den Sejm und einen Kandidaten f\u00fcr den Senat aus der Liste der deutschen Minderheiten.<\/p>\n<p><\/p>","protected":false},"excerpt":{"rendered":"<p>Das ist wichtig! Die deutsche Minderheit hat keinen garantierten Platz im polnischen Sejm! Deshalb brauchen und bitten wir Sie um jede Stimme, damit unsere Gesellschaft im polnischen Sejm vertreten ist! Der Abgeordnete Ryszard Galla war in der letzten Kadenz der einzige Vertreter nationaler und ethnischer Minderheiten im polnischen Parlament im Allgemeinen! Auch die anderen Minderheiten [&hellip;]<\/p>\n","protected":false},"author":2,"featured_media":22089,"comment_status":"closed","ping_status":"open","sticky":false,"template":"","format":"standard","meta":{"footnotes":""},"categories":[1],"tags":[],"class_list":["post-22088","post","type-post","status-publish","format-standard","has-post-thumbnail","hentry","category-aktualnosci"],"yoast_head":"<!-- This site is optimized with the Yoast SEO plugin v18.9 - https:\/\/yoast.com\/wordpress\/plugins\/seo\/ -->\n<title>W\u00e4hlen Sie Kandidaten f\u00fcr Senat und Sejm aus der Liste der deutschen Minderheiten Nr. 10 aus - Deutsche Minderheit, Sozial-Kulturelle Gesellschaft der Deutschen im Oppelner Schlesien<\/title>\n<meta name=\"robots\" content=\"index, follow, max-snippet:-1, max-image-preview:large, max-video-preview:-1\" \/>\n<link rel=\"canonical\" href=\"https:\/\/skgd.pl\/wybierz-madrze-wybierz-kandydatow-do-senatu-i-sejmu-z-listy-nr-10-kww-mniejszosc-niemiecka\/\" \/>\n<meta property=\"og:locale\" content=\"de_DE\" \/>\n<meta property=\"og:type\" content=\"article\" \/>\n<meta property=\"og:title\" content=\"W\u00e4hlen Sie Kandidaten f\u00fcr Senat und Sejm aus der Liste der deutschen Minderheiten Nr. 10 aus - Deutsche Minderheit, Sozial-Kulturelle Gesellschaft der Deutschen im Oppelner Schlesien\" \/>\n<meta property=\"og:description\" content=\"Das ist wichtig! Die deutsche Minderheit hat keinen garantierten Platz im polnischen Sejm! Deshalb brauchen und bitten wir Sie um jede Stimme, damit unsere Gesellschaft im polnischen Sejm vertreten ist! Der Abgeordnete Ryszard Galla war in der letzten Kadenz der einzige Vertreter nationaler und ethnischer Minderheiten im polnischen Parlament im Allgemeinen! Auch die anderen Minderheiten [&hellip;]\" \/>\n<meta property=\"og:url\" content=\"https:\/\/skgd.pl\/wybierz-madrze-wybierz-kandydatow-do-senatu-i-sejmu-z-listy-nr-10-kww-mniejszosc-niemiecka\/\" \/>\n<meta property=\"og:site_name\" content=\"Deutsche Minderheit, Sozial-Kulturelle Gesellschaft der Deutschen im Oppelner Schlesien\" \/>\n<meta property=\"article:published_time\" content=\"2019-10-11T14:26:11+00:00\" \/>\n<meta property=\"article:modified_time\" content=\"2019-10-11T14:26:51+00:00\" \/>\n<meta property=\"og:image\" content=\"https:\/\/skgd.pl\/wp-content\/uploads\/2019\/10\/72038534_2714647355212745_1575290452511293440_n.png\" \/>\n\t<meta property=\"og:image:width\" content=\"820\" \/>\n\t<meta property=\"og:image:height\" content=\"312\" \/>\n\t<meta property=\"og:image:type\" content=\"image\/png\" \/>\n<meta name=\"twitter:card\" content=\"summary_large_image\" \/>\n<meta name=\"twitter:label1\" content=\"Verfasst von\" \/>\n\t<meta name=\"twitter:data1\" content=\"Joanna Hassa\" \/>\n\t<meta name=\"twitter:label2\" content=\"Gesch\u00e4tzte Lesezeit\" \/>\n\t<meta name=\"twitter:data2\" content=\"1\u00a0Minute\" \/>\n<script type=\"application\/ld+json\" class=\"yoast-schema-graph\">{\"@context\":\"https:\/\/schema.org\",\"@graph\":[{\"@type\":\"WebSite\",\"@id\":\"https:\/\/skgd.pl\/#website\",\"url\":\"https:\/\/skgd.pl\/\",\"name\":\"Deutsche Minderheit, Sozial-Kulturelle Gesellschaft der Deutschen im Oppelner Schlesien\",\"description\":\"Deutsche Minderheit in Polen\",\"potentialAction\":[{\"@type\":\"SearchAction\",\"target\":{\"@type\":\"EntryPoint\",\"urlTemplate\":\"https:\/\/skgd.pl\/?s={search_term_string}\"},\"query-input\":\"required name=search_term_string\"}],\"inLanguage\":\"de\"},{\"@type\":\"ImageObject\",\"inLanguage\":\"de\",\"@id\":\"https:\/\/skgd.pl\/wybierz-madrze-wybierz-kandydatow-do-senatu-i-sejmu-z-listy-nr-10-kww-mniejszosc-niemiecka\/#primaryimage\",\"url\":\"https:\/\/skgd.pl\/wp-content\/uploads\/2019\/10\/72038534_2714647355212745_1575290452511293440_n.png\",\"contentUrl\":\"https:\/\/skgd.pl\/wp-content\/uploads\/2019\/10\/72038534_2714647355212745_1575290452511293440_n.png\",\"width\":820,\"height\":312},{\"@type\":\"WebPage\",\"@id\":\"https:\/\/skgd.pl\/wybierz-madrze-wybierz-kandydatow-do-senatu-i-sejmu-z-listy-nr-10-kww-mniejszosc-niemiecka\/#webpage\",\"url\":\"https:\/\/skgd.pl\/wybierz-madrze-wybierz-kandydatow-do-senatu-i-sejmu-z-listy-nr-10-kww-mniejszosc-niemiecka\/\",\"name\":\"W\u00e4hlen Sie Kandidaten f\u00fcr Senat und Sejm aus der Liste der deutschen Minderheiten Nr. 10 aus - Deutsche Minderheit, Sozial-Kulturelle Gesellschaft der Deutschen im Oppelner Schlesien\",\"isPartOf\":{\"@id\":\"https:\/\/skgd.pl\/#website\"},\"primaryImageOfPage\":{\"@id\":\"https:\/\/skgd.pl\/wybierz-madrze-wybierz-kandydatow-do-senatu-i-sejmu-z-listy-nr-10-kww-mniejszosc-niemiecka\/#primaryimage\"},\"datePublished\":\"2019-10-11T14:26:11+00:00\",\"dateModified\":\"2019-10-11T14:26:51+00:00\",\"author\":{\"@id\":\"https:\/\/skgd.pl\/#\/schema\/person\/0620fbcc0ddc3adae2d5dd9fdc163f03\"},\"breadcrumb\":{\"@id\":\"https:\/\/skgd.pl\/wybierz-madrze-wybierz-kandydatow-do-senatu-i-sejmu-z-listy-nr-10-kww-mniejszosc-niemiecka\/#breadcrumb\"},\"inLanguage\":\"de\",\"potentialAction\":[{\"@type\":\"ReadAction\",\"target\":[\"https:\/\/skgd.pl\/wybierz-madrze-wybierz-kandydatow-do-senatu-i-sejmu-z-listy-nr-10-kww-mniejszosc-niemiecka\/\"]}]},{\"@type\":\"BreadcrumbList\",\"@id\":\"https:\/\/skgd.pl\/wybierz-madrze-wybierz-kandydatow-do-senatu-i-sejmu-z-listy-nr-10-kww-mniejszosc-niemiecka\/#breadcrumb\",\"itemListElement\":[{\"@type\":\"ListItem\",\"position\":1,\"name\":\"Strona g\u0142\u00f3wna\",\"item\":\"https:\/\/skgd.pl\/\"},{\"@type\":\"ListItem\",\"position\":2,\"name\":\"Wybierz m\u0105drze! Wybierz kandydat\u00f3w do Senatu i Sejmu z listy nr 10 KWW Mniejszo\u015b\u0107 Niemiecka\"}]},{\"@type\":\"Person\",\"@id\":\"https:\/\/skgd.pl\/#\/schema\/person\/0620fbcc0ddc3adae2d5dd9fdc163f03\",\"name\":\"Joanna Hassa\",\"image\":{\"@type\":\"ImageObject\",\"inLanguage\":\"de\",\"@id\":\"https:\/\/skgd.pl\/#\/schema\/person\/image\/\",\"url\":\"https:\/\/secure.gravatar.com\/avatar\/e91991b37fe2db6d44fd302c843edfdc?s=96&d=mm&r=g\",\"contentUrl\":\"https:\/\/secure.gravatar.com\/avatar\/e91991b37fe2db6d44fd302c843edfdc?s=96&d=mm&r=g\",\"caption\":\"Joanna Hassa\"},\"url\":\"https:\/\/skgd.pl\/de\/author\/asia\/\"}]}<\/script>\n<!-- \/ Yoast SEO plugin. -->","yoast_head_json":{"title":"W\u00e4hlen Sie Kandidaten f\u00fcr Senat und Sejm aus der Liste der deutschen Minderheiten Nr. 10 aus - Deutsche Minderheit, Sozial-Kulturelle Gesellschaft der Deutschen im Oppelner Schlesien","robots":{"index":"index","follow":"follow","max-snippet":"max-snippet:-1","max-image-preview":"max-image-preview:large","max-video-preview":"max-video-preview:-1"},"canonical":"https:\/\/skgd.pl\/wybierz-madrze-wybierz-kandydatow-do-senatu-i-sejmu-z-listy-nr-10-kww-mniejszosc-niemiecka\/","og_locale":"de_DE","og_type":"article","og_title":"W\u00e4hlen Sie Kandidaten f\u00fcr Senat und Sejm aus der Liste der deutschen Minderheiten Nr. 10 aus - Deutsche Minderheit, Sozial-Kulturelle Gesellschaft der Deutschen im Oppelner Schlesien","og_description":"Das ist wichtig! Die deutsche Minderheit hat keinen garantierten Platz im polnischen Sejm! Deshalb brauchen und bitten wir Sie um jede Stimme, damit unsere Gesellschaft im polnischen Sejm vertreten ist! Der Abgeordnete Ryszard Galla war in der letzten Kadenz der einzige Vertreter nationaler und ethnischer Minderheiten im polnischen Parlament im Allgemeinen! Auch die anderen Minderheiten [&hellip;]","og_url":"https:\/\/skgd.pl\/wybierz-madrze-wybierz-kandydatow-do-senatu-i-sejmu-z-listy-nr-10-kww-mniejszosc-niemiecka\/","og_site_name":"Deutsche Minderheit, Sozial-Kulturelle Gesellschaft der Deutschen im Oppelner Schlesien","article_published_time":"2019-10-11T14:26:11+00:00","article_modified_time":"2019-10-11T14:26:51+00:00","og_image":[{"width":820,"height":312,"url":"https:\/\/skgd.pl\/wp-content\/uploads\/2019\/10\/72038534_2714647355212745_1575290452511293440_n.png","type":"image\/png"}],"twitter_card":"summary_large_image","twitter_misc":{"Verfasst von":"Joanna Hassa","Gesch\u00e4tzte Lesezeit":"1\u00a0Minute"},"schema":{"@context":"https:\/\/schema.org","@graph":[{"@type":"WebSite","@id":"https:\/\/skgd.pl\/#website","url":"https:\/\/skgd.pl\/","name":"Deutsche Minderheit, Sozial-Kulturelle Gesellschaft der Deutschen im Oppelner Schlesien","description":"Deutsche Minderheit in Polen","potentialAction":[{"@type":"SearchAction","target":{"@type":"EntryPoint","urlTemplate":"https:\/\/skgd.pl\/?s={search_term_string}"},"query-input":"required name=search_term_string"}],"inLanguage":"de"},{"@type":"ImageObject","inLanguage":"de","@id":"https:\/\/skgd.pl\/wybierz-madrze-wybierz-kandydatow-do-senatu-i-sejmu-z-listy-nr-10-kww-mniejszosc-niemiecka\/#primaryimage","url":"https:\/\/skgd.pl\/wp-content\/uploads\/2019\/10\/72038534_2714647355212745_1575290452511293440_n.png","contentUrl":"https:\/\/skgd.pl\/wp-content\/uploads\/2019\/10\/72038534_2714647355212745_1575290452511293440_n.png","width":820,"height":312},{"@type":"WebPage","@id":"https:\/\/skgd.pl\/wybierz-madrze-wybierz-kandydatow-do-senatu-i-sejmu-z-listy-nr-10-kww-mniejszosc-niemiecka\/#webpage","url":"https:\/\/skgd.pl\/wybierz-madrze-wybierz-kandydatow-do-senatu-i-sejmu-z-listy-nr-10-kww-mniejszosc-niemiecka\/","name":"W\u00e4hlen Sie Kandidaten f\u00fcr Senat und Sejm aus der Liste der deutschen Minderheiten Nr. 10 aus - Deutsche Minderheit, Sozial-Kulturelle Gesellschaft der Deutschen im Oppelner Schlesien","isPartOf":{"@id":"https:\/\/skgd.pl\/#website"},"primaryImageOfPage":{"@id":"https:\/\/skgd.pl\/wybierz-madrze-wybierz-kandydatow-do-senatu-i-sejmu-z-listy-nr-10-kww-mniejszosc-niemiecka\/#primaryimage"},"datePublished":"2019-10-11T14:26:11+00:00","dateModified":"2019-10-11T14:26:51+00:00","author":{"@id":"https:\/\/skgd.pl\/#\/schema\/person\/0620fbcc0ddc3adae2d5dd9fdc163f03"},"breadcrumb":{"@id":"https:\/\/skgd.pl\/wybierz-madrze-wybierz-kandydatow-do-senatu-i-sejmu-z-listy-nr-10-kww-mniejszosc-niemiecka\/#breadcrumb"},"inLanguage":"de","potentialAction":[{"@type":"ReadAction","target":["https:\/\/skgd.pl\/wybierz-madrze-wybierz-kandydatow-do-senatu-i-sejmu-z-listy-nr-10-kww-mniejszosc-niemiecka\/"]}]},{"@type":"BreadcrumbList","@id":"https:\/\/skgd.pl\/wybierz-madrze-wybierz-kandydatow-do-senatu-i-sejmu-z-listy-nr-10-kww-mniejszosc-niemiecka\/#breadcrumb","itemListElement":[{"@type":"ListItem","position":1,"name":"Strona g\u0142\u00f3wna","item":"https:\/\/skgd.pl\/"},{"@type":"ListItem","position":2,"name":"Wybierz m\u0105drze! Wybierz kandydat\u00f3w do Senatu i Sejmu z listy nr 10 KWW Mniejszo\u015b\u0107 Niemiecka"}]},{"@type":"Person","@id":"https:\/\/skgd.pl\/#\/schema\/person\/0620fbcc0ddc3adae2d5dd9fdc163f03","name":"Joanna Hassa","image":{"@type":"ImageObject","inLanguage":"de","@id":"https:\/\/skgd.pl\/#\/schema\/person\/image\/","url":"https:\/\/secure.gravatar.com\/avatar\/e91991b37fe2db6d44fd302c843edfdc?s=96&d=mm&r=g","contentUrl":"https:\/\/secure.gravatar.com\/avatar\/e91991b37fe2db6d44fd302c843edfdc?s=96&d=mm&r=g","caption":"Joanna Hassa"},"url":"https:\/\/skgd.pl\/de\/author\/asia\/"}]}},"_links":{"self":[{"href":"https:\/\/skgd.pl\/de\/wp-json\/wp\/v2\/posts\/22088","targetHints":{"allow":["GET"]}}],"collection":[{"href":"https:\/\/skgd.pl\/de\/wp-json\/wp\/v2\/posts"}],"about":[{"href":"https:\/\/skgd.pl\/de\/wp-json\/wp\/v2\/types\/post"}],"author":[{"embeddable":true,"href":"https:\/\/skgd.pl\/de\/wp-json\/wp\/v2\/users\/2"}],"replies":[{"embeddable":true,"href":"https:\/\/skgd.pl\/de\/wp-json\/wp\/v2\/comments?post=22088"}],"version-history":[{"count":2,"href":"https:\/\/skgd.pl\/de\/wp-json\/wp\/v2\/posts\/22088\/revisions"}],"predecessor-version":[{"id":22093,"href":"https:\/\/skgd.pl\/de\/wp-json\/wp\/v2\/posts\/22088\/revisions\/22093"}],"wp:featuredmedia":[{"embeddable":true,"href":"https:\/\/skgd.pl\/de\/wp-json\/wp\/v2\/media\/22089"}],"wp:attachment":[{"href":"https:\/\/skgd.pl\/de\/wp-json\/wp\/v2\/media?parent=22088"}],"wp:term":[{"taxonomy":"category","embeddable":true,"href":"https:\/\/skgd.pl\/de\/wp-json\/wp\/v2\/categories?post=22088"},{"taxonomy":"post_tag","embeddable":true,"href":"https:\/\/skgd.pl\/de\/wp-json\/wp\/v2\/tags?post=22088"}],"curies":[{"name":"wp","href":"https:\/\/api.w.org\/{rel}","templated":true}]}}