{"id":22029,"date":"2019-10-07T18:35:44","date_gmt":"2019-10-07T16:35:44","guid":{"rendered":"http:\/\/skgd.pl\/?p=22029"},"modified":"2019-10-07T18:39:26","modified_gmt":"2019-10-07T16:39:26","slug":"dyskusja-mlodziezy-z-kandydatami-kww-mniejszosc-niemiecka","status":"publish","type":"post","link":"https:\/\/skgd.pl\/de\/dyskusja-mlodziezy-z-kandydatami-kww-mniejszosc-niemiecka\/","title":{"rendered":"Die Diskussion der Jugendlichen mit den Kandidaten der KWW Deutsche Minderheit"},"content":{"rendered":"<p><\/p>\n<p style=\"text-align: justify;\">Am letzten Samstag haben Jugendliche, die beim Jugendfestval M\u0142odych mitgemacht haben eine Diskussion mit Kandidaten f\u00fcr den Sejm und Senat des KWW Deutsche Minderheit organisiert.&nbsp;<\/p>\n<p style=\"text-align: justify;\">In der Diskussion haben Kandidaten f\u00fcr den Senat der Republik Polen &#8211; Bernard Gaida, Bogna Lewkowicz, Anna Kasprzyk sowie der Kandidat zum Senat &#8211; Rafa\u0142 Bartek teilgenommen. Die Veranstaltung wurde von einen Vertreter der Jugendlichen im BJDM, ELOm und den Jugendrat &#8211; Szymon Folp moderiert. Die Diskussion bestand aus drei Teilen. Der erste Teil betraf der Person der Kandidaten, ihrer Idole und Autorit\u00e4ten und der T\u00e4tigkeit in der Deutschen Minderheit. Auch der Teil des Wahlprogrammes, welches der&nbsp; Weiterbildung der Jugendlichen gewidmet ist wurde diskutiert, weil, wie man darin lesen kann, die Jugend die Zukunft der Deutschen Minderheit ist.&nbsp;<\/p>\n<p style=\"text-align: justify;\">Im n\u00e4chsten Teil sollte die Person der Kandidaten vorgestellt werden, damit die Jugendlichen sich ein Bild deren Pers\u00f6nlichkeit machen k\u00f6nnen. Der letzte Teil war jedoch am meisten dynamisch und wie es sich ergeben hat, am emotionalsten f\u00fcr alle Teilnehmer der Diskussion, sowohl f\u00fcr die im Saal, als auch die vor den Bildschirmen. Die Diskussion war n\u00e4mlich auf Facebook live \u00fcbertragen. Im letzten Teil der Begegnung konnte man unmittelbar Fragen den Kandidaten stellen. Die Fragen konnten auch Zuschauer der Live-\u00dcbertragung \u00fcbersenden.&nbsp;<\/p>\n<p style=\"text-align: justify;\">Wie bedanken uns noch Mal an allen Teilnehmern und Organisatoren und ermuntern dazu sich die \u00dcbertragung selber anzusehen.&nbsp;<\/p>\n<p style=\"text-align: justify;\">Link zur \u00dcbertragung: &nbsp;<a href=\"https:\/\/www.facebook.com\/DeutscheMinderheitInOppeln\/videos\/432756890930314\/\">https:\/\/www.facebook.com\/DeutscheMinderheitInOppeln\/videos\/432756890930314\/<\/a><\/p>\n<p><\/p>","protected":false},"excerpt":{"rendered":"<p>Am letzten Samstag haben Jugendliche, die beim Jugendfestval M\u0142odych mitgemacht haben eine Diskussion mit Kandidaten f\u00fcr den Sejm und Senat des KWW Deutsche Minderheit organisiert.&nbsp; In der Diskussion haben Kandidaten f\u00fcr den Senat der Republik Polen &#8211; Bernard Gaida, Bogna Lewkowicz, Anna Kasprzyk sowie der Kandidat zum Senat &#8211; Rafa\u0142 Bartek teilgenommen. Die Veranstaltung wurde [&hellip;]<\/p>\n","protected":false},"author":7,"featured_media":22031,"comment_status":"closed","ping_status":"open","sticky":false,"template":"","format":"standard","meta":{"footnotes":""},"categories":[1],"tags":[],"class_list":["post-22029","post","type-post","status-publish","format-standard","has-post-thumbnail","hentry","category-aktualnosci"],"yoast_head":"<!-- This site is optimized with the Yoast SEO plugin v18.9 - https:\/\/yoast.com\/wordpress\/plugins\/seo\/ -->\n<title>Die Diskussion der Jugendlichen mit den Kandidaten der KWW Deutsche Minderheit - Deutsche Minderheit, Sozial-Kulturelle Gesellschaft der Deutschen im Oppelner Schlesien<\/title>\n<meta name=\"robots\" content=\"index, follow, max-snippet:-1, max-image-preview:large, max-video-preview:-1\" \/>\n<link rel=\"canonical\" href=\"https:\/\/skgd.pl\/de\/dyskusja-mlodziezy-z-kandydatami-kww-mniejszosc-niemiecka\/\" \/>\n<meta property=\"og:locale\" content=\"de_DE\" \/>\n<meta property=\"og:type\" content=\"article\" \/>\n<meta property=\"og:title\" content=\"Die Diskussion der Jugendlichen mit den Kandidaten der KWW Deutsche Minderheit - Deutsche Minderheit, Sozial-Kulturelle Gesellschaft der Deutschen im Oppelner Schlesien\" \/>\n<meta property=\"og:description\" content=\"Am letzten Samstag haben Jugendliche, die beim Jugendfestval M\u0142odych mitgemacht haben eine Diskussion mit Kandidaten f\u00fcr den Sejm und Senat des KWW Deutsche Minderheit organisiert.&nbsp; In der Diskussion haben Kandidaten f\u00fcr den Senat der Republik Polen &#8211; Bernard Gaida, Bogna Lewkowicz, Anna Kasprzyk sowie der Kandidat zum Senat &#8211; Rafa\u0142 Bartek teilgenommen. Die Veranstaltung wurde [&hellip;]\" \/>\n<meta property=\"og:url\" content=\"https:\/\/skgd.pl\/de\/dyskusja-mlodziezy-z-kandydatami-kww-mniejszosc-niemiecka\/\" \/>\n<meta property=\"og:site_name\" content=\"Deutsche Minderheit, Sozial-Kulturelle Gesellschaft der Deutschen im Oppelner Schlesien\" \/>\n<meta property=\"article:published_time\" content=\"2019-10-07T16:35:44+00:00\" \/>\n<meta property=\"article:modified_time\" content=\"2019-10-07T16:39:26+00:00\" \/>\n<meta property=\"og:image\" content=\"https:\/\/skgd.pl\/wp-content\/uploads\/2019\/10\/WhatsApp-Image-2019-10-07-at-15.53.29-1.jpeg\" \/>\n\t<meta property=\"og:image:width\" content=\"960\" \/>\n\t<meta property=\"og:image:height\" content=\"621\" \/>\n\t<meta property=\"og:image:type\" content=\"image\/jpeg\" \/>\n<meta name=\"twitter:card\" content=\"summary_large_image\" \/>\n<meta name=\"twitter:label1\" content=\"Verfasst von\" \/>\n\t<meta name=\"twitter:data1\" content=\"Zuzanna Herud\" \/>\n\t<meta name=\"twitter:label2\" content=\"Gesch\u00e4tzte Lesezeit\" \/>\n\t<meta name=\"twitter:data2\" content=\"2\u00a0Minuten\" \/>\n<script type=\"application\/ld+json\" class=\"yoast-schema-graph\">{\"@context\":\"https:\/\/schema.org\",\"@graph\":[{\"@type\":\"WebSite\",\"@id\":\"https:\/\/skgd.pl\/#website\",\"url\":\"https:\/\/skgd.pl\/\",\"name\":\"Deutsche Minderheit, Sozial-Kulturelle Gesellschaft der Deutschen im Oppelner Schlesien\",\"description\":\"Deutsche Minderheit in Polen\",\"potentialAction\":[{\"@type\":\"SearchAction\",\"target\":{\"@type\":\"EntryPoint\",\"urlTemplate\":\"https:\/\/skgd.pl\/?s={search_term_string}\"},\"query-input\":\"required name=search_term_string\"}],\"inLanguage\":\"de\"},{\"@type\":\"ImageObject\",\"inLanguage\":\"de\",\"@id\":\"https:\/\/skgd.pl\/de\/dyskusja-mlodziezy-z-kandydatami-kww-mniejszosc-niemiecka\/#primaryimage\",\"url\":\"https:\/\/skgd.pl\/wp-content\/uploads\/2019\/10\/WhatsApp-Image-2019-10-07-at-15.53.29-1.jpeg\",\"contentUrl\":\"https:\/\/skgd.pl\/wp-content\/uploads\/2019\/10\/WhatsApp-Image-2019-10-07-at-15.53.29-1.jpeg\",\"width\":960,\"height\":621},{\"@type\":\"WebPage\",\"@id\":\"https:\/\/skgd.pl\/de\/dyskusja-mlodziezy-z-kandydatami-kww-mniejszosc-niemiecka\/#webpage\",\"url\":\"https:\/\/skgd.pl\/de\/dyskusja-mlodziezy-z-kandydatami-kww-mniejszosc-niemiecka\/\",\"name\":\"Die Diskussion der Jugendlichen mit den Kandidaten der KWW Deutsche Minderheit - Deutsche Minderheit, Sozial-Kulturelle Gesellschaft der Deutschen im Oppelner Schlesien\",\"isPartOf\":{\"@id\":\"https:\/\/skgd.pl\/#website\"},\"primaryImageOfPage\":{\"@id\":\"https:\/\/skgd.pl\/de\/dyskusja-mlodziezy-z-kandydatami-kww-mniejszosc-niemiecka\/#primaryimage\"},\"datePublished\":\"2019-10-07T16:35:44+00:00\",\"dateModified\":\"2019-10-07T16:39:26+00:00\",\"author\":{\"@id\":\"https:\/\/skgd.pl\/#\/schema\/person\/dcdd6dd89280fa49735a207f6d6dccd2\"},\"breadcrumb\":{\"@id\":\"https:\/\/skgd.pl\/de\/dyskusja-mlodziezy-z-kandydatami-kww-mniejszosc-niemiecka\/#breadcrumb\"},\"inLanguage\":\"de\",\"potentialAction\":[{\"@type\":\"ReadAction\",\"target\":[\"https:\/\/skgd.pl\/de\/dyskusja-mlodziezy-z-kandydatami-kww-mniejszosc-niemiecka\/\"]}]},{\"@type\":\"BreadcrumbList\",\"@id\":\"https:\/\/skgd.pl\/de\/dyskusja-mlodziezy-z-kandydatami-kww-mniejszosc-niemiecka\/#breadcrumb\",\"itemListElement\":[{\"@type\":\"ListItem\",\"position\":1,\"name\":\"Strona g\u0142\u00f3wna\",\"item\":\"https:\/\/skgd.pl\/\"},{\"@type\":\"ListItem\",\"position\":2,\"name\":\"Die Diskussion der Jugendlichen mit den Kandidaten der KWW Deutsche Minderheit\"}]},{\"@type\":\"Person\",\"@id\":\"https:\/\/skgd.pl\/#\/schema\/person\/dcdd6dd89280fa49735a207f6d6dccd2\",\"name\":\"Zuzanna Herud\",\"image\":{\"@type\":\"ImageObject\",\"inLanguage\":\"de\",\"@id\":\"https:\/\/skgd.pl\/#\/schema\/person\/image\/\",\"url\":\"https:\/\/secure.gravatar.com\/avatar\/a01f92cb4421a03a6fa61cc64f8d96dc?s=96&d=mm&r=g\",\"contentUrl\":\"https:\/\/secure.gravatar.com\/avatar\/a01f92cb4421a03a6fa61cc64f8d96dc?s=96&d=mm&r=g\",\"caption\":\"Zuzanna Herud\"},\"url\":\"https:\/\/skgd.pl\/de\/author\/zuzanna\/\"}]}<\/script>\n<!-- \/ Yoast SEO plugin. -->","yoast_head_json":{"title":"Die Diskussion der Jugendlichen mit den Kandidaten der KWW Deutsche Minderheit - Deutsche Minderheit, Sozial-Kulturelle Gesellschaft der Deutschen im Oppelner Schlesien","robots":{"index":"index","follow":"follow","max-snippet":"max-snippet:-1","max-image-preview":"max-image-preview:large","max-video-preview":"max-video-preview:-1"},"canonical":"https:\/\/skgd.pl\/de\/dyskusja-mlodziezy-z-kandydatami-kww-mniejszosc-niemiecka\/","og_locale":"de_DE","og_type":"article","og_title":"Die Diskussion der Jugendlichen mit den Kandidaten der KWW Deutsche Minderheit - Deutsche Minderheit, Sozial-Kulturelle Gesellschaft der Deutschen im Oppelner Schlesien","og_description":"Am letzten Samstag haben Jugendliche, die beim Jugendfestval M\u0142odych mitgemacht haben eine Diskussion mit Kandidaten f\u00fcr den Sejm und Senat des KWW Deutsche Minderheit organisiert.&nbsp; In der Diskussion haben Kandidaten f\u00fcr den Senat der Republik Polen &#8211; Bernard Gaida, Bogna Lewkowicz, Anna Kasprzyk sowie der Kandidat zum Senat &#8211; Rafa\u0142 Bartek teilgenommen. Die Veranstaltung wurde [&hellip;]","og_url":"https:\/\/skgd.pl\/de\/dyskusja-mlodziezy-z-kandydatami-kww-mniejszosc-niemiecka\/","og_site_name":"Deutsche Minderheit, Sozial-Kulturelle Gesellschaft der Deutschen im Oppelner Schlesien","article_published_time":"2019-10-07T16:35:44+00:00","article_modified_time":"2019-10-07T16:39:26+00:00","og_image":[{"width":960,"height":621,"url":"https:\/\/skgd.pl\/wp-content\/uploads\/2019\/10\/WhatsApp-Image-2019-10-07-at-15.53.29-1.jpeg","type":"image\/jpeg"}],"twitter_card":"summary_large_image","twitter_misc":{"Verfasst von":"Zuzanna Herud","Gesch\u00e4tzte Lesezeit":"2\u00a0Minuten"},"schema":{"@context":"https:\/\/schema.org","@graph":[{"@type":"WebSite","@id":"https:\/\/skgd.pl\/#website","url":"https:\/\/skgd.pl\/","name":"Deutsche Minderheit, Sozial-Kulturelle Gesellschaft der Deutschen im Oppelner Schlesien","description":"Deutsche Minderheit in Polen","potentialAction":[{"@type":"SearchAction","target":{"@type":"EntryPoint","urlTemplate":"https:\/\/skgd.pl\/?s={search_term_string}"},"query-input":"required name=search_term_string"}],"inLanguage":"de"},{"@type":"ImageObject","inLanguage":"de","@id":"https:\/\/skgd.pl\/de\/dyskusja-mlodziezy-z-kandydatami-kww-mniejszosc-niemiecka\/#primaryimage","url":"https:\/\/skgd.pl\/wp-content\/uploads\/2019\/10\/WhatsApp-Image-2019-10-07-at-15.53.29-1.jpeg","contentUrl":"https:\/\/skgd.pl\/wp-content\/uploads\/2019\/10\/WhatsApp-Image-2019-10-07-at-15.53.29-1.jpeg","width":960,"height":621},{"@type":"WebPage","@id":"https:\/\/skgd.pl\/de\/dyskusja-mlodziezy-z-kandydatami-kww-mniejszosc-niemiecka\/#webpage","url":"https:\/\/skgd.pl\/de\/dyskusja-mlodziezy-z-kandydatami-kww-mniejszosc-niemiecka\/","name":"Die Diskussion der Jugendlichen mit den Kandidaten der KWW Deutsche Minderheit - Deutsche Minderheit, Sozial-Kulturelle Gesellschaft der Deutschen im Oppelner Schlesien","isPartOf":{"@id":"https:\/\/skgd.pl\/#website"},"primaryImageOfPage":{"@id":"https:\/\/skgd.pl\/de\/dyskusja-mlodziezy-z-kandydatami-kww-mniejszosc-niemiecka\/#primaryimage"},"datePublished":"2019-10-07T16:35:44+00:00","dateModified":"2019-10-07T16:39:26+00:00","author":{"@id":"https:\/\/skgd.pl\/#\/schema\/person\/dcdd6dd89280fa49735a207f6d6dccd2"},"breadcrumb":{"@id":"https:\/\/skgd.pl\/de\/dyskusja-mlodziezy-z-kandydatami-kww-mniejszosc-niemiecka\/#breadcrumb"},"inLanguage":"de","potentialAction":[{"@type":"ReadAction","target":["https:\/\/skgd.pl\/de\/dyskusja-mlodziezy-z-kandydatami-kww-mniejszosc-niemiecka\/"]}]},{"@type":"BreadcrumbList","@id":"https:\/\/skgd.pl\/de\/dyskusja-mlodziezy-z-kandydatami-kww-mniejszosc-niemiecka\/#breadcrumb","itemListElement":[{"@type":"ListItem","position":1,"name":"Strona g\u0142\u00f3wna","item":"https:\/\/skgd.pl\/"},{"@type":"ListItem","position":2,"name":"Die Diskussion der Jugendlichen mit den Kandidaten der KWW Deutsche Minderheit"}]},{"@type":"Person","@id":"https:\/\/skgd.pl\/#\/schema\/person\/dcdd6dd89280fa49735a207f6d6dccd2","name":"Zuzanna Herud","image":{"@type":"ImageObject","inLanguage":"de","@id":"https:\/\/skgd.pl\/#\/schema\/person\/image\/","url":"https:\/\/secure.gravatar.com\/avatar\/a01f92cb4421a03a6fa61cc64f8d96dc?s=96&d=mm&r=g","contentUrl":"https:\/\/secure.gravatar.com\/avatar\/a01f92cb4421a03a6fa61cc64f8d96dc?s=96&d=mm&r=g","caption":"Zuzanna Herud"},"url":"https:\/\/skgd.pl\/de\/author\/zuzanna\/"}]}},"_links":{"self":[{"href":"https:\/\/skgd.pl\/de\/wp-json\/wp\/v2\/posts\/22029","targetHints":{"allow":["GET"]}}],"collection":[{"href":"https:\/\/skgd.pl\/de\/wp-json\/wp\/v2\/posts"}],"about":[{"href":"https:\/\/skgd.pl\/de\/wp-json\/wp\/v2\/types\/post"}],"author":[{"embeddable":true,"href":"https:\/\/skgd.pl\/de\/wp-json\/wp\/v2\/users\/7"}],"replies":[{"embeddable":true,"href":"https:\/\/skgd.pl\/de\/wp-json\/wp\/v2\/comments?post=22029"}],"version-history":[{"count":3,"href":"https:\/\/skgd.pl\/de\/wp-json\/wp\/v2\/posts\/22029\/revisions"}],"predecessor-version":[{"id":22035,"href":"https:\/\/skgd.pl\/de\/wp-json\/wp\/v2\/posts\/22029\/revisions\/22035"}],"wp:featuredmedia":[{"embeddable":true,"href":"https:\/\/skgd.pl\/de\/wp-json\/wp\/v2\/media\/22031"}],"wp:attachment":[{"href":"https:\/\/skgd.pl\/de\/wp-json\/wp\/v2\/media?parent=22029"}],"wp:term":[{"taxonomy":"category","embeddable":true,"href":"https:\/\/skgd.pl\/de\/wp-json\/wp\/v2\/categories?post=22029"},{"taxonomy":"post_tag","embeddable":true,"href":"https:\/\/skgd.pl\/de\/wp-json\/wp\/v2\/tags?post=22029"}],"curies":[{"name":"wp","href":"https:\/\/api.w.org\/{rel}","templated":true}]}}