{"id":21981,"date":"2019-10-12T10:37:31","date_gmt":"2019-10-12T08:37:31","guid":{"rendered":"http:\/\/skgd.pl\/?p=21981"},"modified":"2019-10-15T12:36:35","modified_gmt":"2019-10-15T10:36:35","slug":"xxiv-seminarium-slaskie-powrot-do-europy-15-lat-czlonkostwa-polski-w-unii-europejskiej","status":"publish","type":"post","link":"https:\/\/skgd.pl\/de\/xxiv-seminarium-slaskie-powrot-do-europy-15-lat-czlonkostwa-polski-w-unii-europejskiej\/","title":{"rendered":"24. Schlesienseminar: R\u00fcckkehr nach Europa \u2013 15 Jahre Mitgliedschaft Polens in der Europ\u00e4ischen Union"},"content":{"rendered":"<p>Das 24. Schlesienseminar beginnt am 22. Oktober 2019. Diesmal laden wir Sie herzlich zur Diskussion \u00fcber die Europ\u00e4ische Union aus polnischer, deutscher sowie schlesischer Perspektive.<\/p>\n<p align=\"center\"><strong>24. Schlesienseminar z. Th. \u201eR\u00fcckkehr nach Europa \u2013 15 Jahre Mitgliedschaft Polens in der Europ\u00e4ischen Union\u201c<br \/>\n22.-24.10.2019 (Dienstag\/Mittwoch\/Donnerstag)<br \/>\nFeierliche Er\u00f6ffnung: 22. Oktober, 10.00 Uhr<br \/>\nSchloss in Gro\u00df Stein<br \/>\nul. Parkowa 1a, 47-325 Kamie\u0144 \u015al\u0105ski (Gro\u00df Stein)<\/strong><\/p>\n<p>W\u00e4hrend des diesj\u00e4hrigen Schlesienseminars m\u00f6chten wir die Frage der europ\u00e4ischen Integration zur Sprache bringen. Vertreter unterschiedlicher Wissenschaftsmilieus, u. a. Wissenschaftler aus Polen, Tschechien und Deutschland werden die Diskussion mit ihren Meinungen bereichern. In Anbetracht des ge\u00e4nderten Formats der diesj\u00e4hrigen Konferenz, werden wir ebenfalls Repr\u00e4sentanten des \u00f6ffentlichen Lebens, u. a. Journalisten und Publizisten, zu Gast haben. Damit ist ein reger Meinungsaustausch zu erwarten. Wir hoffen zudem, dass sich ein breites Spektrum von Teilnehmern in die Diskussion einschaltet.<\/p>\n<p>Das Programm (Stand: 27.09.2019) finden Sie im Anhang auf der rechten Seite. Wir laden zur Bekanntmachung, da wir auch in diesem Jahr im Rahmen der Plenarsitzungen und Abendveranstaltungen ein attraktives Angebot vorbereitet haben.&nbsp;<\/p>\n<p>Unten finden Sie detaillierte Informationen zur Teilnahme an der Konferenz. Wir laden zur Ausf\u00fcllung des Online-Formulars, das zusammen mit dem Anmeldeformular auf der rechten Seite zum Herunterladen verf\u00fcgbar ist.<\/p>\n<p>Die Teilnahme am Schlesienseminar ist kostenpflichtig. Die Kosten betragen:<\/p>\n<p>* f\u00fcr nicht\u00fcbernachtende Teilnehmer (Pauschale 1 Tag, ohne Mittagessen): 10,00 z\u0142<\/p>\n<p>* f\u00fcr nicht\u00fcbernachtende Teilnehmer (Pauschale 1 Tag, inkl. Mittagessen u. Kaffeepausen): 30,00 z\u0142;<\/p>\n<p>* f\u00fcr \u00fcbernachtende Teilnehmer (Doppelzimmer, Pauschale 1 Tag, inkl. Mittagessen u. Kaffeepausen): 100,00 z\u0142.<\/p>\n<p>Die Zahlung der Teilnahmekosten kann per Bank\u00fcberweisung an das folgende Konto:<\/p>\n<p>Haus der Deutsch-Polnischen Zusammenarbeit<\/p>\n<p>Kontonummer: 02 1140 1788 0000 3324 9900 1001<\/p>\n<p>Titel der \u00dcberweisung: 24. Schlesienseminar, Vor- und Nachname, Datum\/Daten f\u00fcr die die Zahlung erfolgt, z. B.: \u201e24. Schlesienseminar, Jan Nowak, 22.10., 23.10.\u201c,<\/p>\n<p>oder vor Ort in Gro\u00df Stein w\u00e4hrend der Konferenz (22.-24.10.2019) im Konferenzb\u00fcro erfolgen.<\/p>\n<p>Gr\u00f6\u00dferen Teilnehmergruppen bieten wir logistische Unterst\u00fctzung (mind. 12 Personen).<\/p>\n<p>&nbsp;<\/p>\n<p><span>Wichtig: Sollte die Ausstellung einer Mehrwertsteuerrechnung erforderlich sein, bitten wir vor der Bezahlung der Teilnahmekosten um entsprechende Information.<\/span><\/p>\n<p>Wir freuen uns \u00fcber Ihre Anmeldung und bitten um R\u00fccksendung bis zum 18.10.2019.<\/p>","protected":false},"excerpt":{"rendered":"<p>Das 24. Schlesienseminar beginnt am 22. Oktober 2019. Diesmal laden wir Sie herzlich zur Diskussion \u00fcber die Europ\u00e4ische Union aus polnischer, deutscher sowie schlesischer Perspektive. 24. Schlesienseminar z. Th. \u201eR\u00fcckkehr nach Europa \u2013 15 Jahre Mitgliedschaft Polens in der Europ\u00e4ischen Union\u201c 22.-24.10.2019 (Dienstag\/Mittwoch\/Donnerstag) Feierliche Er\u00f6ffnung: 22. Oktober, 10.00 Uhr Schloss in Gro\u00df Stein ul. Parkowa [&hellip;]<\/p>\n","protected":false},"author":2,"featured_media":21984,"comment_status":"closed","ping_status":"open","sticky":false,"template":"","format":"standard","meta":{"footnotes":""},"categories":[1],"tags":[],"class_list":["post-21981","post","type-post","status-publish","format-standard","has-post-thumbnail","hentry","category-aktualnosci"],"yoast_head":"<!-- This site is optimized with the Yoast SEO plugin v18.9 - https:\/\/yoast.com\/wordpress\/plugins\/seo\/ -->\n<title>24. Schlesienseminar: R\u00fcckkehr nach Europa \u2013 15 Jahre Mitgliedschaft Polens in der Europ\u00e4ischen Union - Deutsche Minderheit, Sozial-Kulturelle Gesellschaft der Deutschen im Oppelner Schlesien<\/title>\n<meta name=\"robots\" content=\"index, follow, max-snippet:-1, max-image-preview:large, max-video-preview:-1\" \/>\n<link rel=\"canonical\" href=\"https:\/\/skgd.pl\/xxiv-seminarium-slaskie-powrot-do-europy-15-lat-czlonkostwa-polski-w-unii-europejskiej\/\" \/>\n<meta property=\"og:locale\" content=\"de_DE\" \/>\n<meta property=\"og:type\" content=\"article\" \/>\n<meta property=\"og:title\" content=\"24. Schlesienseminar: R\u00fcckkehr nach Europa \u2013 15 Jahre Mitgliedschaft Polens in der Europ\u00e4ischen Union - Deutsche Minderheit, Sozial-Kulturelle Gesellschaft der Deutschen im Oppelner Schlesien\" \/>\n<meta property=\"og:description\" content=\"Das 24. Schlesienseminar beginnt am 22. Oktober 2019. Diesmal laden wir Sie herzlich zur Diskussion \u00fcber die Europ\u00e4ische Union aus polnischer, deutscher sowie schlesischer Perspektive. 24. Schlesienseminar z. Th. \u201eR\u00fcckkehr nach Europa \u2013 15 Jahre Mitgliedschaft Polens in der Europ\u00e4ischen Union\u201c 22.-24.10.2019 (Dienstag\/Mittwoch\/Donnerstag) Feierliche Er\u00f6ffnung: 22. Oktober, 10.00 Uhr Schloss in Gro\u00df Stein ul. Parkowa [&hellip;]\" \/>\n<meta property=\"og:url\" content=\"https:\/\/skgd.pl\/xxiv-seminarium-slaskie-powrot-do-europy-15-lat-czlonkostwa-polski-w-unii-europejskiej\/\" \/>\n<meta property=\"og:site_name\" content=\"Deutsche Minderheit, Sozial-Kulturelle Gesellschaft der Deutschen im Oppelner Schlesien\" \/>\n<meta property=\"article:published_time\" content=\"2019-10-12T08:37:31+00:00\" \/>\n<meta property=\"article:modified_time\" content=\"2019-10-15T10:36:35+00:00\" \/>\n<meta property=\"og:image\" content=\"https:\/\/skgd.pl\/wp-content\/uploads\/2019\/10\/Sem-Sl-XXiV.jpg\" \/>\n\t<meta property=\"og:image:width\" content=\"960\" \/>\n\t<meta property=\"og:image:height\" content=\"720\" \/>\n\t<meta property=\"og:image:type\" content=\"image\/jpeg\" \/>\n<meta name=\"twitter:card\" content=\"summary_large_image\" \/>\n<meta name=\"twitter:label1\" content=\"Verfasst von\" \/>\n\t<meta name=\"twitter:data1\" content=\"Joanna Hassa\" \/>\n\t<meta name=\"twitter:label2\" content=\"Gesch\u00e4tzte Lesezeit\" \/>\n\t<meta name=\"twitter:data2\" content=\"4\u00a0Minuten\" \/>\n<script type=\"application\/ld+json\" class=\"yoast-schema-graph\">{\"@context\":\"https:\/\/schema.org\",\"@graph\":[{\"@type\":\"WebSite\",\"@id\":\"https:\/\/skgd.pl\/#website\",\"url\":\"https:\/\/skgd.pl\/\",\"name\":\"Deutsche Minderheit, Sozial-Kulturelle Gesellschaft der Deutschen im Oppelner Schlesien\",\"description\":\"Deutsche Minderheit in Polen\",\"potentialAction\":[{\"@type\":\"SearchAction\",\"target\":{\"@type\":\"EntryPoint\",\"urlTemplate\":\"https:\/\/skgd.pl\/?s={search_term_string}\"},\"query-input\":\"required name=search_term_string\"}],\"inLanguage\":\"de\"},{\"@type\":\"ImageObject\",\"inLanguage\":\"de\",\"@id\":\"https:\/\/skgd.pl\/xxiv-seminarium-slaskie-powrot-do-europy-15-lat-czlonkostwa-polski-w-unii-europejskiej\/#primaryimage\",\"url\":\"https:\/\/skgd.pl\/wp-content\/uploads\/2019\/10\/Sem-Sl-XXiV.jpg\",\"contentUrl\":\"https:\/\/skgd.pl\/wp-content\/uploads\/2019\/10\/Sem-Sl-XXiV.jpg\",\"width\":960,\"height\":720},{\"@type\":\"WebPage\",\"@id\":\"https:\/\/skgd.pl\/xxiv-seminarium-slaskie-powrot-do-europy-15-lat-czlonkostwa-polski-w-unii-europejskiej\/#webpage\",\"url\":\"https:\/\/skgd.pl\/xxiv-seminarium-slaskie-powrot-do-europy-15-lat-czlonkostwa-polski-w-unii-europejskiej\/\",\"name\":\"24. Schlesienseminar: R\u00fcckkehr nach Europa \u2013 15 Jahre Mitgliedschaft Polens in der Europ\u00e4ischen Union - Deutsche Minderheit, Sozial-Kulturelle Gesellschaft der Deutschen im Oppelner Schlesien\",\"isPartOf\":{\"@id\":\"https:\/\/skgd.pl\/#website\"},\"primaryImageOfPage\":{\"@id\":\"https:\/\/skgd.pl\/xxiv-seminarium-slaskie-powrot-do-europy-15-lat-czlonkostwa-polski-w-unii-europejskiej\/#primaryimage\"},\"datePublished\":\"2019-10-12T08:37:31+00:00\",\"dateModified\":\"2019-10-15T10:36:35+00:00\",\"author\":{\"@id\":\"https:\/\/skgd.pl\/#\/schema\/person\/0620fbcc0ddc3adae2d5dd9fdc163f03\"},\"breadcrumb\":{\"@id\":\"https:\/\/skgd.pl\/xxiv-seminarium-slaskie-powrot-do-europy-15-lat-czlonkostwa-polski-w-unii-europejskiej\/#breadcrumb\"},\"inLanguage\":\"de\",\"potentialAction\":[{\"@type\":\"ReadAction\",\"target\":[\"https:\/\/skgd.pl\/xxiv-seminarium-slaskie-powrot-do-europy-15-lat-czlonkostwa-polski-w-unii-europejskiej\/\"]}]},{\"@type\":\"BreadcrumbList\",\"@id\":\"https:\/\/skgd.pl\/xxiv-seminarium-slaskie-powrot-do-europy-15-lat-czlonkostwa-polski-w-unii-europejskiej\/#breadcrumb\",\"itemListElement\":[{\"@type\":\"ListItem\",\"position\":1,\"name\":\"Strona g\u0142\u00f3wna\",\"item\":\"https:\/\/skgd.pl\/\"},{\"@type\":\"ListItem\",\"position\":2,\"name\":\"XXIV Seminarium \u015al\u0105skie: Powr\u00f3t do Europy \u2013 15 lat cz\u0142onkostwa Polski w Unii Europejskiej\"}]},{\"@type\":\"Person\",\"@id\":\"https:\/\/skgd.pl\/#\/schema\/person\/0620fbcc0ddc3adae2d5dd9fdc163f03\",\"name\":\"Joanna Hassa\",\"image\":{\"@type\":\"ImageObject\",\"inLanguage\":\"de\",\"@id\":\"https:\/\/skgd.pl\/#\/schema\/person\/image\/\",\"url\":\"https:\/\/secure.gravatar.com\/avatar\/e91991b37fe2db6d44fd302c843edfdc?s=96&d=mm&r=g\",\"contentUrl\":\"https:\/\/secure.gravatar.com\/avatar\/e91991b37fe2db6d44fd302c843edfdc?s=96&d=mm&r=g\",\"caption\":\"Joanna Hassa\"},\"url\":\"https:\/\/skgd.pl\/de\/author\/asia\/\"}]}<\/script>\n<!-- \/ Yoast SEO plugin. -->","yoast_head_json":{"title":"24. Schlesienseminar: R\u00fcckkehr nach Europa \u2013 15 Jahre Mitgliedschaft Polens in der Europ\u00e4ischen Union - Deutsche Minderheit, Sozial-Kulturelle Gesellschaft der Deutschen im Oppelner Schlesien","robots":{"index":"index","follow":"follow","max-snippet":"max-snippet:-1","max-image-preview":"max-image-preview:large","max-video-preview":"max-video-preview:-1"},"canonical":"https:\/\/skgd.pl\/xxiv-seminarium-slaskie-powrot-do-europy-15-lat-czlonkostwa-polski-w-unii-europejskiej\/","og_locale":"de_DE","og_type":"article","og_title":"24. Schlesienseminar: R\u00fcckkehr nach Europa \u2013 15 Jahre Mitgliedschaft Polens in der Europ\u00e4ischen Union - Deutsche Minderheit, Sozial-Kulturelle Gesellschaft der Deutschen im Oppelner Schlesien","og_description":"Das 24. Schlesienseminar beginnt am 22. Oktober 2019. Diesmal laden wir Sie herzlich zur Diskussion \u00fcber die Europ\u00e4ische Union aus polnischer, deutscher sowie schlesischer Perspektive. 24. Schlesienseminar z. Th. \u201eR\u00fcckkehr nach Europa \u2013 15 Jahre Mitgliedschaft Polens in der Europ\u00e4ischen Union\u201c 22.-24.10.2019 (Dienstag\/Mittwoch\/Donnerstag) Feierliche Er\u00f6ffnung: 22. Oktober, 10.00 Uhr Schloss in Gro\u00df Stein ul. Parkowa [&hellip;]","og_url":"https:\/\/skgd.pl\/xxiv-seminarium-slaskie-powrot-do-europy-15-lat-czlonkostwa-polski-w-unii-europejskiej\/","og_site_name":"Deutsche Minderheit, Sozial-Kulturelle Gesellschaft der Deutschen im Oppelner Schlesien","article_published_time":"2019-10-12T08:37:31+00:00","article_modified_time":"2019-10-15T10:36:35+00:00","og_image":[{"width":960,"height":720,"url":"https:\/\/skgd.pl\/wp-content\/uploads\/2019\/10\/Sem-Sl-XXiV.jpg","type":"image\/jpeg"}],"twitter_card":"summary_large_image","twitter_misc":{"Verfasst von":"Joanna Hassa","Gesch\u00e4tzte Lesezeit":"4\u00a0Minuten"},"schema":{"@context":"https:\/\/schema.org","@graph":[{"@type":"WebSite","@id":"https:\/\/skgd.pl\/#website","url":"https:\/\/skgd.pl\/","name":"Deutsche Minderheit, Sozial-Kulturelle Gesellschaft der Deutschen im Oppelner Schlesien","description":"Deutsche Minderheit in Polen","potentialAction":[{"@type":"SearchAction","target":{"@type":"EntryPoint","urlTemplate":"https:\/\/skgd.pl\/?s={search_term_string}"},"query-input":"required name=search_term_string"}],"inLanguage":"de"},{"@type":"ImageObject","inLanguage":"de","@id":"https:\/\/skgd.pl\/xxiv-seminarium-slaskie-powrot-do-europy-15-lat-czlonkostwa-polski-w-unii-europejskiej\/#primaryimage","url":"https:\/\/skgd.pl\/wp-content\/uploads\/2019\/10\/Sem-Sl-XXiV.jpg","contentUrl":"https:\/\/skgd.pl\/wp-content\/uploads\/2019\/10\/Sem-Sl-XXiV.jpg","width":960,"height":720},{"@type":"WebPage","@id":"https:\/\/skgd.pl\/xxiv-seminarium-slaskie-powrot-do-europy-15-lat-czlonkostwa-polski-w-unii-europejskiej\/#webpage","url":"https:\/\/skgd.pl\/xxiv-seminarium-slaskie-powrot-do-europy-15-lat-czlonkostwa-polski-w-unii-europejskiej\/","name":"24. Schlesienseminar: R\u00fcckkehr nach Europa \u2013 15 Jahre Mitgliedschaft Polens in der Europ\u00e4ischen Union - Deutsche Minderheit, Sozial-Kulturelle Gesellschaft der Deutschen im Oppelner Schlesien","isPartOf":{"@id":"https:\/\/skgd.pl\/#website"},"primaryImageOfPage":{"@id":"https:\/\/skgd.pl\/xxiv-seminarium-slaskie-powrot-do-europy-15-lat-czlonkostwa-polski-w-unii-europejskiej\/#primaryimage"},"datePublished":"2019-10-12T08:37:31+00:00","dateModified":"2019-10-15T10:36:35+00:00","author":{"@id":"https:\/\/skgd.pl\/#\/schema\/person\/0620fbcc0ddc3adae2d5dd9fdc163f03"},"breadcrumb":{"@id":"https:\/\/skgd.pl\/xxiv-seminarium-slaskie-powrot-do-europy-15-lat-czlonkostwa-polski-w-unii-europejskiej\/#breadcrumb"},"inLanguage":"de","potentialAction":[{"@type":"ReadAction","target":["https:\/\/skgd.pl\/xxiv-seminarium-slaskie-powrot-do-europy-15-lat-czlonkostwa-polski-w-unii-europejskiej\/"]}]},{"@type":"BreadcrumbList","@id":"https:\/\/skgd.pl\/xxiv-seminarium-slaskie-powrot-do-europy-15-lat-czlonkostwa-polski-w-unii-europejskiej\/#breadcrumb","itemListElement":[{"@type":"ListItem","position":1,"name":"Strona g\u0142\u00f3wna","item":"https:\/\/skgd.pl\/"},{"@type":"ListItem","position":2,"name":"XXIV Seminarium \u015al\u0105skie: Powr\u00f3t do Europy \u2013 15 lat cz\u0142onkostwa Polski w Unii Europejskiej"}]},{"@type":"Person","@id":"https:\/\/skgd.pl\/#\/schema\/person\/0620fbcc0ddc3adae2d5dd9fdc163f03","name":"Joanna Hassa","image":{"@type":"ImageObject","inLanguage":"de","@id":"https:\/\/skgd.pl\/#\/schema\/person\/image\/","url":"https:\/\/secure.gravatar.com\/avatar\/e91991b37fe2db6d44fd302c843edfdc?s=96&d=mm&r=g","contentUrl":"https:\/\/secure.gravatar.com\/avatar\/e91991b37fe2db6d44fd302c843edfdc?s=96&d=mm&r=g","caption":"Joanna Hassa"},"url":"https:\/\/skgd.pl\/de\/author\/asia\/"}]}},"_links":{"self":[{"href":"https:\/\/skgd.pl\/de\/wp-json\/wp\/v2\/posts\/21981","targetHints":{"allow":["GET"]}}],"collection":[{"href":"https:\/\/skgd.pl\/de\/wp-json\/wp\/v2\/posts"}],"about":[{"href":"https:\/\/skgd.pl\/de\/wp-json\/wp\/v2\/types\/post"}],"author":[{"embeddable":true,"href":"https:\/\/skgd.pl\/de\/wp-json\/wp\/v2\/users\/2"}],"replies":[{"embeddable":true,"href":"https:\/\/skgd.pl\/de\/wp-json\/wp\/v2\/comments?post=21981"}],"version-history":[{"count":1,"href":"https:\/\/skgd.pl\/de\/wp-json\/wp\/v2\/posts\/21981\/revisions"}],"predecessor-version":[{"id":21985,"href":"https:\/\/skgd.pl\/de\/wp-json\/wp\/v2\/posts\/21981\/revisions\/21985"}],"wp:featuredmedia":[{"embeddable":true,"href":"https:\/\/skgd.pl\/de\/wp-json\/wp\/v2\/media\/21984"}],"wp:attachment":[{"href":"https:\/\/skgd.pl\/de\/wp-json\/wp\/v2\/media?parent=21981"}],"wp:term":[{"taxonomy":"category","embeddable":true,"href":"https:\/\/skgd.pl\/de\/wp-json\/wp\/v2\/categories?post=21981"},{"taxonomy":"post_tag","embeddable":true,"href":"https:\/\/skgd.pl\/de\/wp-json\/wp\/v2\/tags?post=21981"}],"curies":[{"name":"wp","href":"https:\/\/api.w.org\/{rel}","templated":true}]}}