{"id":21974,"date":"2019-10-01T15:43:27","date_gmt":"2019-10-01T13:43:27","guid":{"rendered":"http:\/\/skgd.pl\/?p=21974"},"modified":"2019-10-01T16:45:36","modified_gmt":"2019-10-01T14:45:36","slug":"odpowiedz-tskn-na-konferencje-wiceministra-msz","status":"publish","type":"post","link":"https:\/\/skgd.pl\/de\/odpowiedz-tskn-na-konferencje-wiceministra-msz\/","title":{"rendered":"Antwort der SKGD auf die Pressekonferenz des Staatssekret\u00e4rs"},"content":{"rendered":"<p><\/p>\n<p style=\"text-align: justify;\">Gestern, am 30. September diesen Jahres, erfuhren wir aus Medien \u00fcber den Besuch des Staatssekret\u00e4rs Szymon Szynkowski vel S\u0119k, zust\u00e4ndig f\u00fcr die Polonia, Europapolitik und \u00f6ffentliche Diplomatie, in Opole sowie \u00fcber die von ihm und Herrn Janusz Kowalski organisierte Pressekonferenz. \u00dcberrascht und zufrieden haben wir diese Tatsache aufgenommen, dass ein Diplomat dieses Ranges Oppeln besuchte und sich entschied, \u00fcber die deutsch-polnischen Beziehungen zu sprechen. Wir sehen es als eine Art Nobilitierung, der hier seit Generationen lebenden Deutschen Minderheit. &nbsp;Die Woiwodschaft Oppeln ist n\u00e4mlich der einzige Wahlkreis in den seit 30 Jahren die KWW Deutsche Minderheit in den Parlamentswahlen kandidiert, die auch hier die einzige regionale Gruppierung ist. <strong>Themen, die vom Minister in seiner Rede angesprochen wurden, gehen definitiv \u00fcber die regionale Ebene hinaus und sollten Gegenstand von deutsch-polnischen Gespr\u00e4chen auf internationaler Ebene sein.<\/strong><\/p>\n<p style=\"text-align: justify;\">Als deutsche Minderheit in Polen entscheiden wir in keinerlei Hinsicht \u00fcber die Art, Dimension und die Unterst\u00fctzung der Bundesregierung f\u00fcr die in Deutschland lebenden Polen. Wir sehen die Einladung zu Gespr\u00e4chen des polnisch-deutschen Runden Tisches als Ausdruck des Vertrauens in Vertreter unserer Organisation an, die allen Seiten mehr Verst\u00e4ndnis im Rahmen gegenseitiger polnisch-deutscher Gesten vermitteln k\u00f6nnen. An diesem Tisch sa\u00dfen von Anfang an Vertreter, der in Deutschland lebenden Polonia.<\/p>\n<p style=\"text-align: justify;\">Es ist f\u00fcr uns \u00fcberraschend, dass die Wiederaufnahme der Gespr\u00e4che des polnisch-deutschen Runden Tisches, die in den letzten 4 Jahren nicht zustande gekommen sind und im Juni dieses Jahres wieder aufgenommen wurden, stark vom laufenden Wahlkampf gepr\u00e4gt sind. Wir sehen demnach die Aussage des Ministers hier in Oppeln, als die Fortsetzung der Gespr\u00e4che am Runden Tisch an. Wir fragen uns, warum dieses Thema w\u00e4hrend des laufenden Wahlkampfes angesprochen und in Gegenwart eines zweifellos kontroversen Politikers, den Kandidaten zum Sejm Herrn Janusz Kowalski aufgenommen wird.<\/p>\n<p style=\"text-align: justify;\">Wir sind zutiefst besorgt \u00fcber den Grundsatz der Gegenseitigkeit, der seitens der Polnischen Regierung in dieser Hinsicht angenommen wurde. Dieser Grundsatz wurde im Bericht des Ministers hervorgehoben, indessen widerspricht er jedoch dem Wesen der Menschen- und B\u00fcrgerrechten, zu denen die nationalen Minderheitenrechte geh\u00f6ren. Diesbez\u00fcglich kann diese Regel in diesen Rahmen nicht angewendet werden, da sie logischerweise die Diskriminierung polnischer Staatsangeh\u00f6riger, aufgrund ihrer Nationalit\u00e4t (nicht polnisch) sanktionieren m\u00fcsste. Der Regel nach m\u00fcsste man auch die polnischen Staatsangeh\u00f6rigen, die in anderen L\u00e4ndern leben sanktionieren. Der Grundsatz st\u00fcnde im Widerspruch nicht nur mit dem von Polen ratifizierten internationalen Abkommen zum Schutz der Menschenrechte sowie der Rechte nationaler und ethnischer Minderheiten, sondern auch im Widerspruch zu den einleitenden Worten des Heiligen Johannes Paul II. vom 1989 aus der Botschaft zum 22. Weltfriedenstag. Der Papst schrieb unter anderem <em>&#8220;In der Tat sollte der ihnen (den Minderheiten) entgegengebrachte Respekt als Probierstein f\u00fcr ein harmonisches soziales Zusammenleben und als Indikator f\u00fcr die von einem Staat und seinen Institutionen erreichte b\u00fcrgerliche Reife angesehen werden.&#8221;<\/em><\/p>\n<p style=\"text-align: justify;\">Die Deklaration jeglicher Verbesserung der Situation der Deutschen Minderheit in Polen, die von den Ma\u00dfnahmen der Bundesregierung gegen die in Deutschland lebenden Polen, die vom Minister abgelegt wurde, sollte mit der Tatsache der eindeutigen Einschr\u00e4nkung des Zugangs zu deutschen Sprache, von den Sch\u00fclern der letzten Klassen der Grundschulen, die aus dem Umfeld der Deutschen Minderheit sind, konfrontiert werden, was uns, als B\u00fcrger deutlich getroffen haben.<\/p>\n<p style=\"text-align: justify;\">Diese nicht diplomatische Regelung der Angelegenheit w\u00e4hrend des Wahlkampfes, \u00fcberrascht uns auch vor allem, weil sie vom Minister der polnischen Regierung an eine Gruppe polnischer Staatsb\u00fcrger gewidmet wird, die trotz deutscher Staatsangeh\u00f6rigkeit oder oft doppelter Staatsb\u00fcrgerschaft auf dem Territorium der Republik Polen verblieben sind und zu deren Entwicklung, unter anderen durch ihre Arbeit und loyale Steuerzahlung, beigetragen haben. Diese Haltung sollte eher von der Regierung der Republik Polen, als Beispiel f\u00fcr gleichbleibende oder auch steigende Tendenzen gegen\u00fcber der Emigration gezeigt werden, dessen Folge auch solch eine zahlreiche polnische Gesellschaft in Deutschland ist.<\/p>\n<p style=\"text-align: justify;\">Wir sind \u00fcberrascht von dem Appell des Ministers, dass wir &#8220;in unserem eigenen Interesse&#8221; die Regierung der Republik Polen bei Forderungen, in Bezug auf die Situation der in Deutschland lebenden und arbeitenden Polen, unterst\u00fctzen sollen, weil die Quellen unserer Gemeinschaften nicht in Betracht gezogen wurden. Wir m\u00f6chten Sie daran erinnern, dass die Deutsche Minderheit in Polen stets solidarisch f\u00fcr den Schutz der Rechte der Polnischen Minderheiten in ihren Wohnl\u00e4ndern eingetreten ist, wenn sie sich in einer schwierigen Situation befanden. Dies betraf jedoch Gemeinden, deren Herkunft und rechtliche Situation mit unseren vergleichbar waren. Ein Beispiel daf\u00fcr ist unsere Erkl\u00e4rung \u00fcber die Verteidigung der polnischen Bildung in Litauen, die an die litauischen Beh\u00f6rden gerichtet war, obwohl die Polnische Minderheit in diesem Land im Gegensatz zur Deutschen Minderheit in Polen mehrere Dutzend Schulen mit polnischer Unterrichtssprache hat. Wir waren auch solidarisch mit der Polnischen Minderheit in Wei\u00dfrussland und in der Ukraine. In diesen L\u00e4ndern leben sowohl Polen, wie auch die Deutschen in Polen auf Gebieten, die jahrhundertelang ihr Wohnsitz waren und die sich in den heutigen L\u00e4ndern nicht aufgrund ihrer eigenen Wahl befinden, sondern aufgrund der Verschiebung der Staatsgrenzen infolge von Kriegen.<\/p>\n<p style=\"text-align: justify;\">Als deutsche Gemeinschaft in Polen sind wir davon \u00fcberzeugt, dass wir in Polen gem\u00e4\u00df den Grunds\u00e4tzen der Verfassung, der B\u00fcrgerrechte, der geltenden Gesetze und der internationalen Abkommen der Republik Polen zum Schutz nationaler Minderheiten, ihrer Sprache und Kultur behandelt werden. Wir hoffen, dass die polnische Regierung, \u00e4hnlich wie wir nicht nur an der Aufrechterhaltung des Status quo, aber auch au der st\u00e4ndigen Weiterentwicklung dieser Rechte und Verbesserung der sprachlichen sowie kulturellen Situation der Minderheit, nach dem Vorbild anderer L\u00e4nder, aus unserem Teil Europas, deren Leistungen wir bewundern, interessiert ist.<\/p>\n<p><\/p>","protected":false},"excerpt":{"rendered":"<p>Gestern, am 30. September diesen Jahres, erfuhren wir aus Medien \u00fcber den Besuch des Staatssekret\u00e4rs Szymon Szynkowski vel S\u0119k, zust\u00e4ndig f\u00fcr die Polonia, Europapolitik und \u00f6ffentliche Diplomatie, in Opole sowie \u00fcber die von ihm und Herrn Janusz Kowalski organisierte Pressekonferenz. \u00dcberrascht und zufrieden haben wir diese Tatsache aufgenommen, dass ein Diplomat dieses Ranges Oppeln besuchte [&hellip;]<\/p>\n","protected":false},"author":2,"featured_media":21975,"comment_status":"closed","ping_status":"open","sticky":false,"template":"","format":"standard","meta":{"footnotes":""},"categories":[1],"tags":[],"class_list":["post-21974","post","type-post","status-publish","format-standard","has-post-thumbnail","hentry","category-aktualnosci"],"yoast_head":"<!-- This site is optimized with the Yoast SEO plugin v18.9 - https:\/\/yoast.com\/wordpress\/plugins\/seo\/ -->\n<title>Antwort der SKGD auf die Pressekonferenz des Staatssekret\u00e4rs - Deutsche Minderheit, Sozial-Kulturelle Gesellschaft der Deutschen im Oppelner Schlesien<\/title>\n<meta name=\"robots\" content=\"index, follow, max-snippet:-1, max-image-preview:large, max-video-preview:-1\" \/>\n<link rel=\"canonical\" href=\"https:\/\/skgd.pl\/de\/odpowiedz-tskn-na-konferencje-wiceministra-msz\/\" \/>\n<meta property=\"og:locale\" content=\"de_DE\" \/>\n<meta property=\"og:type\" content=\"article\" \/>\n<meta property=\"og:title\" content=\"Antwort der SKGD auf die Pressekonferenz des Staatssekret\u00e4rs - Deutsche Minderheit, Sozial-Kulturelle Gesellschaft der Deutschen im Oppelner Schlesien\" \/>\n<meta property=\"og:description\" content=\"Gestern, am 30. September diesen Jahres, erfuhren wir aus Medien \u00fcber den Besuch des Staatssekret\u00e4rs Szymon Szynkowski vel S\u0119k, zust\u00e4ndig f\u00fcr die Polonia, Europapolitik und \u00f6ffentliche Diplomatie, in Opole sowie \u00fcber die von ihm und Herrn Janusz Kowalski organisierte Pressekonferenz. \u00dcberrascht und zufrieden haben wir diese Tatsache aufgenommen, dass ein Diplomat dieses Ranges Oppeln besuchte [&hellip;]\" \/>\n<meta property=\"og:url\" content=\"https:\/\/skgd.pl\/de\/odpowiedz-tskn-na-konferencje-wiceministra-msz\/\" \/>\n<meta property=\"og:site_name\" content=\"Deutsche Minderheit, Sozial-Kulturelle Gesellschaft der Deutschen im Oppelner Schlesien\" \/>\n<meta property=\"article:published_time\" content=\"2019-10-01T13:43:27+00:00\" \/>\n<meta property=\"article:modified_time\" content=\"2019-10-01T14:45:36+00:00\" \/>\n<meta property=\"og:image\" content=\"https:\/\/skgd.pl\/wp-content\/uploads\/2019\/10\/IMG_5192-scaled.jpg\" \/>\n\t<meta property=\"og:image:width\" content=\"2560\" \/>\n\t<meta property=\"og:image:height\" content=\"1707\" \/>\n\t<meta property=\"og:image:type\" content=\"image\/jpeg\" \/>\n<meta name=\"twitter:card\" content=\"summary_large_image\" \/>\n<meta name=\"twitter:label1\" content=\"Verfasst von\" \/>\n\t<meta name=\"twitter:data1\" content=\"Joanna Hassa\" \/>\n\t<meta name=\"twitter:label2\" content=\"Gesch\u00e4tzte Lesezeit\" \/>\n\t<meta name=\"twitter:data2\" content=\"9\u00a0Minuten\" \/>\n<script type=\"application\/ld+json\" class=\"yoast-schema-graph\">{\"@context\":\"https:\/\/schema.org\",\"@graph\":[{\"@type\":\"WebSite\",\"@id\":\"https:\/\/skgd.pl\/#website\",\"url\":\"https:\/\/skgd.pl\/\",\"name\":\"Deutsche Minderheit, Sozial-Kulturelle Gesellschaft der Deutschen im Oppelner Schlesien\",\"description\":\"Deutsche Minderheit in Polen\",\"potentialAction\":[{\"@type\":\"SearchAction\",\"target\":{\"@type\":\"EntryPoint\",\"urlTemplate\":\"https:\/\/skgd.pl\/?s={search_term_string}\"},\"query-input\":\"required name=search_term_string\"}],\"inLanguage\":\"de\"},{\"@type\":\"ImageObject\",\"inLanguage\":\"de\",\"@id\":\"https:\/\/skgd.pl\/de\/odpowiedz-tskn-na-konferencje-wiceministra-msz\/#primaryimage\",\"url\":\"https:\/\/skgd.pl\/wp-content\/uploads\/2019\/10\/IMG_5192-scaled.jpg\",\"contentUrl\":\"https:\/\/skgd.pl\/wp-content\/uploads\/2019\/10\/IMG_5192-scaled.jpg\",\"width\":2560,\"height\":1707},{\"@type\":\"WebPage\",\"@id\":\"https:\/\/skgd.pl\/de\/odpowiedz-tskn-na-konferencje-wiceministra-msz\/#webpage\",\"url\":\"https:\/\/skgd.pl\/de\/odpowiedz-tskn-na-konferencje-wiceministra-msz\/\",\"name\":\"Antwort der SKGD auf die Pressekonferenz des Staatssekret\u00e4rs - Deutsche Minderheit, Sozial-Kulturelle Gesellschaft der Deutschen im Oppelner Schlesien\",\"isPartOf\":{\"@id\":\"https:\/\/skgd.pl\/#website\"},\"primaryImageOfPage\":{\"@id\":\"https:\/\/skgd.pl\/de\/odpowiedz-tskn-na-konferencje-wiceministra-msz\/#primaryimage\"},\"datePublished\":\"2019-10-01T13:43:27+00:00\",\"dateModified\":\"2019-10-01T14:45:36+00:00\",\"author\":{\"@id\":\"https:\/\/skgd.pl\/#\/schema\/person\/0620fbcc0ddc3adae2d5dd9fdc163f03\"},\"breadcrumb\":{\"@id\":\"https:\/\/skgd.pl\/de\/odpowiedz-tskn-na-konferencje-wiceministra-msz\/#breadcrumb\"},\"inLanguage\":\"de\",\"potentialAction\":[{\"@type\":\"ReadAction\",\"target\":[\"https:\/\/skgd.pl\/de\/odpowiedz-tskn-na-konferencje-wiceministra-msz\/\"]}]},{\"@type\":\"BreadcrumbList\",\"@id\":\"https:\/\/skgd.pl\/de\/odpowiedz-tskn-na-konferencje-wiceministra-msz\/#breadcrumb\",\"itemListElement\":[{\"@type\":\"ListItem\",\"position\":1,\"name\":\"Strona g\u0142\u00f3wna\",\"item\":\"https:\/\/skgd.pl\/\"},{\"@type\":\"ListItem\",\"position\":2,\"name\":\"Antwort der SKGD auf die Pressekonferenz des Staatssekret\u00e4rs\"}]},{\"@type\":\"Person\",\"@id\":\"https:\/\/skgd.pl\/#\/schema\/person\/0620fbcc0ddc3adae2d5dd9fdc163f03\",\"name\":\"Joanna Hassa\",\"image\":{\"@type\":\"ImageObject\",\"inLanguage\":\"de\",\"@id\":\"https:\/\/skgd.pl\/#\/schema\/person\/image\/\",\"url\":\"https:\/\/secure.gravatar.com\/avatar\/e91991b37fe2db6d44fd302c843edfdc?s=96&d=mm&r=g\",\"contentUrl\":\"https:\/\/secure.gravatar.com\/avatar\/e91991b37fe2db6d44fd302c843edfdc?s=96&d=mm&r=g\",\"caption\":\"Joanna Hassa\"},\"url\":\"https:\/\/skgd.pl\/de\/author\/asia\/\"}]}<\/script>\n<!-- \/ Yoast SEO plugin. -->","yoast_head_json":{"title":"Antwort der SKGD auf die Pressekonferenz des Staatssekret\u00e4rs - Deutsche Minderheit, Sozial-Kulturelle Gesellschaft der Deutschen im Oppelner Schlesien","robots":{"index":"index","follow":"follow","max-snippet":"max-snippet:-1","max-image-preview":"max-image-preview:large","max-video-preview":"max-video-preview:-1"},"canonical":"https:\/\/skgd.pl\/de\/odpowiedz-tskn-na-konferencje-wiceministra-msz\/","og_locale":"de_DE","og_type":"article","og_title":"Antwort der SKGD auf die Pressekonferenz des Staatssekret\u00e4rs - Deutsche Minderheit, Sozial-Kulturelle Gesellschaft der Deutschen im Oppelner Schlesien","og_description":"Gestern, am 30. September diesen Jahres, erfuhren wir aus Medien \u00fcber den Besuch des Staatssekret\u00e4rs Szymon Szynkowski vel S\u0119k, zust\u00e4ndig f\u00fcr die Polonia, Europapolitik und \u00f6ffentliche Diplomatie, in Opole sowie \u00fcber die von ihm und Herrn Janusz Kowalski organisierte Pressekonferenz. \u00dcberrascht und zufrieden haben wir diese Tatsache aufgenommen, dass ein Diplomat dieses Ranges Oppeln besuchte [&hellip;]","og_url":"https:\/\/skgd.pl\/de\/odpowiedz-tskn-na-konferencje-wiceministra-msz\/","og_site_name":"Deutsche Minderheit, Sozial-Kulturelle Gesellschaft der Deutschen im Oppelner Schlesien","article_published_time":"2019-10-01T13:43:27+00:00","article_modified_time":"2019-10-01T14:45:36+00:00","og_image":[{"width":2560,"height":1707,"url":"https:\/\/skgd.pl\/wp-content\/uploads\/2019\/10\/IMG_5192-scaled.jpg","type":"image\/jpeg"}],"twitter_card":"summary_large_image","twitter_misc":{"Verfasst von":"Joanna Hassa","Gesch\u00e4tzte Lesezeit":"9\u00a0Minuten"},"schema":{"@context":"https:\/\/schema.org","@graph":[{"@type":"WebSite","@id":"https:\/\/skgd.pl\/#website","url":"https:\/\/skgd.pl\/","name":"Deutsche Minderheit, Sozial-Kulturelle Gesellschaft der Deutschen im Oppelner Schlesien","description":"Deutsche Minderheit in Polen","potentialAction":[{"@type":"SearchAction","target":{"@type":"EntryPoint","urlTemplate":"https:\/\/skgd.pl\/?s={search_term_string}"},"query-input":"required name=search_term_string"}],"inLanguage":"de"},{"@type":"ImageObject","inLanguage":"de","@id":"https:\/\/skgd.pl\/de\/odpowiedz-tskn-na-konferencje-wiceministra-msz\/#primaryimage","url":"https:\/\/skgd.pl\/wp-content\/uploads\/2019\/10\/IMG_5192-scaled.jpg","contentUrl":"https:\/\/skgd.pl\/wp-content\/uploads\/2019\/10\/IMG_5192-scaled.jpg","width":2560,"height":1707},{"@type":"WebPage","@id":"https:\/\/skgd.pl\/de\/odpowiedz-tskn-na-konferencje-wiceministra-msz\/#webpage","url":"https:\/\/skgd.pl\/de\/odpowiedz-tskn-na-konferencje-wiceministra-msz\/","name":"Antwort der SKGD auf die Pressekonferenz des Staatssekret\u00e4rs - Deutsche Minderheit, Sozial-Kulturelle Gesellschaft der Deutschen im Oppelner Schlesien","isPartOf":{"@id":"https:\/\/skgd.pl\/#website"},"primaryImageOfPage":{"@id":"https:\/\/skgd.pl\/de\/odpowiedz-tskn-na-konferencje-wiceministra-msz\/#primaryimage"},"datePublished":"2019-10-01T13:43:27+00:00","dateModified":"2019-10-01T14:45:36+00:00","author":{"@id":"https:\/\/skgd.pl\/#\/schema\/person\/0620fbcc0ddc3adae2d5dd9fdc163f03"},"breadcrumb":{"@id":"https:\/\/skgd.pl\/de\/odpowiedz-tskn-na-konferencje-wiceministra-msz\/#breadcrumb"},"inLanguage":"de","potentialAction":[{"@type":"ReadAction","target":["https:\/\/skgd.pl\/de\/odpowiedz-tskn-na-konferencje-wiceministra-msz\/"]}]},{"@type":"BreadcrumbList","@id":"https:\/\/skgd.pl\/de\/odpowiedz-tskn-na-konferencje-wiceministra-msz\/#breadcrumb","itemListElement":[{"@type":"ListItem","position":1,"name":"Strona g\u0142\u00f3wna","item":"https:\/\/skgd.pl\/"},{"@type":"ListItem","position":2,"name":"Antwort der SKGD auf die Pressekonferenz des Staatssekret\u00e4rs"}]},{"@type":"Person","@id":"https:\/\/skgd.pl\/#\/schema\/person\/0620fbcc0ddc3adae2d5dd9fdc163f03","name":"Joanna Hassa","image":{"@type":"ImageObject","inLanguage":"de","@id":"https:\/\/skgd.pl\/#\/schema\/person\/image\/","url":"https:\/\/secure.gravatar.com\/avatar\/e91991b37fe2db6d44fd302c843edfdc?s=96&d=mm&r=g","contentUrl":"https:\/\/secure.gravatar.com\/avatar\/e91991b37fe2db6d44fd302c843edfdc?s=96&d=mm&r=g","caption":"Joanna Hassa"},"url":"https:\/\/skgd.pl\/de\/author\/asia\/"}]}},"_links":{"self":[{"href":"https:\/\/skgd.pl\/de\/wp-json\/wp\/v2\/posts\/21974","targetHints":{"allow":["GET"]}}],"collection":[{"href":"https:\/\/skgd.pl\/de\/wp-json\/wp\/v2\/posts"}],"about":[{"href":"https:\/\/skgd.pl\/de\/wp-json\/wp\/v2\/types\/post"}],"author":[{"embeddable":true,"href":"https:\/\/skgd.pl\/de\/wp-json\/wp\/v2\/users\/2"}],"replies":[{"embeddable":true,"href":"https:\/\/skgd.pl\/de\/wp-json\/wp\/v2\/comments?post=21974"}],"version-history":[{"count":2,"href":"https:\/\/skgd.pl\/de\/wp-json\/wp\/v2\/posts\/21974\/revisions"}],"predecessor-version":[{"id":21977,"href":"https:\/\/skgd.pl\/de\/wp-json\/wp\/v2\/posts\/21974\/revisions\/21977"}],"wp:featuredmedia":[{"embeddable":true,"href":"https:\/\/skgd.pl\/de\/wp-json\/wp\/v2\/media\/21975"}],"wp:attachment":[{"href":"https:\/\/skgd.pl\/de\/wp-json\/wp\/v2\/media?parent=21974"}],"wp:term":[{"taxonomy":"category","embeddable":true,"href":"https:\/\/skgd.pl\/de\/wp-json\/wp\/v2\/categories?post=21974"},{"taxonomy":"post_tag","embeddable":true,"href":"https:\/\/skgd.pl\/de\/wp-json\/wp\/v2\/tags?post=21974"}],"curies":[{"name":"wp","href":"https:\/\/api.w.org\/{rel}","templated":true}]}}