{"id":21965,"date":"2019-09-30T10:32:54","date_gmt":"2019-09-30T08:32:54","guid":{"rendered":"http:\/\/skgd.pl\/?p=21965"},"modified":"2019-10-21T20:34:04","modified_gmt":"2019-10-21T18:34:04","slug":"o-dysproporcjach-w-budzecie-na-ochrone-zabytkow-mowili-ryszard-galla-bernard-gaida-oraz-zuzanna-donath-kasiura-kandydaci-do-sejmu-z-kww-mniejszosc-niemiecka","status":"publish","type":"post","link":"https:\/\/skgd.pl\/de\/o-dysproporcjach-w-budzecie-na-ochrone-zabytkow-mowili-ryszard-galla-bernard-gaida-oraz-zuzanna-donath-kasiura-kandydaci-do-sejmu-z-kww-mniejszosc-niemiecka\/","title":{"rendered":"\u00dcber Disproportion im Haushalt f\u00fcr den Denkmalschutz haben Ryszard Galla, BErnard Gaida und Zuzanna Donath-Kasiura &#8211; Kanidaten des KWW Deutsche Minderheit gesprochen"},"content":{"rendered":"<p><\/p>\n<p style=\"text-align: justify;\"><strong>Ryszard Galla, Bernard Gaida und Zuzanna Donath-Kasiura &#8211; Kandidaten f\u00fcr den Sejm des KWW Deutsche Minderheit sprachen \u00fcber Missverh\u00e4ltnisse in den Woiwodschaftshaushalten zum Schutz von Denkm\u00e4lern und \u00fcber Vorschl\u00e4ge f\u00fcr deren Beseitigung durch die Deutsche Minderheit.<\/strong><\/p>\n<p style=\"text-align: justify;\">Der Abgeordnete Ryszard Galla betonte das langj\u00e4hrige Engagement f\u00fcr das kulturelle Erbe: <em>&#8220;Dies ist ein \u00e4u\u00dferst wichtiges Thema, da diese Ausgaben unter anderem zum Schutz des kulturellen und historischen Erbes der Woiwodschaft Oppeln dienen sollen. Es geht hier vor allem um Denkm\u00e4ler. Die Woiwodschaft Oppeln leidet seit Jahren unter dem niedrigen Budget des Woiwode f\u00fcr Kultur und Schutz des nationalen Erbes. In dieser Hinsicht bestehen sehr gro\u00dfe Unterschiede zwischen der Woiwodschaft Oppeln und anderen Woiwodschaften. Der gr\u00f6\u00dfte Unterschied besteht zwischen der Woiwodschaft Oppeln und den Woiwodschaften Karpatenvorland und der Masowien und betr\u00e4gt 2018 ca. 13 und 28 Mio. PLN. &#8220;<\/em><\/p>\n<p style=\"text-align: justify;\">&nbsp;Der Abgeordnete Galla betonte, dass dank seiner Beteiligung das Budget der Woiwode Oppeln f\u00fcr Kultur und Schutz des nationalen Erbes sich sukzessiv vergr\u00f6\u00dferte von 1 938 000 im Jahr 2010 auf 1 3 Mio. PLN im Jahr 2018. Er bemerkte auch, dass er sich bewusst ist, dass es immer noch ein Tropfen im Ozean der Bed\u00fcrfnisse ist. Allein in der Woiwodschaft Oppeln gibt es etwa 3.200 registrierte Denkm\u00e4ler, weshalb es so wichtig ist, die \u00d6ffentlichkeit auf diese Unterschiede aufmerksam zu machen.<\/p>\n<p style=\"text-align: justify;\">Trotz Gallas gro\u00dfer Bem\u00fchungen ist das Budget der Woiwodschaft Oppeln f\u00fcr Denkm\u00e4ler immer noch eines der niedrigsten des Landes: <em>&#8220;In einer \u00e4hnlichen Situation wie in der Woiwodschaft Oppeln befinden sich auch die Woiwodschaften Lebus und Westpommern. Als Vertreter der Deutschen Minderheit im polnischen Parlament frage ich mich seit Jahren, warum das Budget der Woiwodschaften zwischen der Woiwodschaft Oppeln und beispielsweise der Woiwodschaft Karpatenvorland, wo das Budget der Woiwodschaft Karpatenvorland f\u00fcr 2018 mehr als 14 Millionen betrug, sich voneinander so unterscheidet. Ich habe es oft von der Sejm-Plattform gefragt. Leider mangelte es immer noch an Willen, dieses Problem systematisch anzugehen.\u201c<\/em><\/p>\n<p style=\"text-align: justify;\">Der Abgeordnete Galla bem\u00fchte sich auch, das Budget f\u00fcr den Schutz des kulturellen Erbes in der Woiwodschaft Niederschlesien zu erh\u00f6hen, wo es ungef\u00e4hr 8 400 registrierte Denkm\u00e4ler gibt, die meisten im ganzen Land. Aufgrund seiner T\u00e4tigkeit erh\u00f6hte sich das Budget von 6 089 000 PLN im Jahr 2017 auf 8 113 000 PLN.<\/p>\n<p style=\"text-align: justify;\">Bernard Gaida sagte auch: <em>&#8220;Es ist inakzeptabel, dass wertvolle Denkm\u00e4ler der europ\u00e4ischen Kultur, nur deswegen, weil sie die \u00dcberreste der deutschen Kultur sind und sich jetzt infolge der Grenzverschiebung in Polen befinden, deutlich schlechter behandelt werden. Der gr\u00f6\u00dfte Teil der Zerst\u00f6rung dieser historischen Substanz erfolgte nach 1945. Eines von hunderten Beispielen d\u00fcrfte die Ruine des Schaffgotsch-Palastes in Kopice sein. Wir werden nicht nur um ein viel h\u00f6heres Budget&nbsp; f\u00fcr den Denkmalschutz im Allgemeinen verlangen, die Beseitigung von Missverh\u00e4ltnissen die ung\u00fcnstig f\u00fcr die Woiwodschaften Schlesien und Pommern sind fordern, sondern auch vor allem rechtliche und steuerliche \u00c4nderungen, die den Investoren einen vollst\u00e4ndigen Steuerabzug der entstandenen Ausgaben erm\u00f6glichen. Solche Systeme werden in vielen L\u00e4ndern erfolgreich eingesetzt, beispielsweise in Deutschland, wo ein solcher Steuerabzug der zeitlich aufgespannt ist, die Investition der B\u00fcrger und Unternehmen zur Rettung von Denkm\u00e4lern erm\u00f6glicht.&#8221;<\/em><\/p>\n<p style=\"text-align: justify;\">Die Kandidatin f\u00fcr die Abgeordnete des KWW Deutsche Minderheit Zuzanna Donath-Kasiura sagte, dass das Problem des Missverh\u00e4ltnisses im Budget f\u00fcr Schutz und die Pflege von Denkm\u00e4lern dringende Ma\u00dfnahmen erfordert und eine der Priorit\u00e4ten des Parlaments in der neuen Amtszeit sein sollte: <em>&#8220;Wir als KWW Deutsche Minderheit-Kandidaten k\u00fcmmern uns sehr um strukturelle Mechanismen schaffen, die die Mittel f\u00fcr den Schutz des kulturellen Erbes dauerhaft erh\u00f6hen &#8211; wir k\u00f6nnen uns absolut nicht mit Ad-hoc-Ma\u00dfnahmen zufrieden geben, Ausgabenverschiebungen, die nach einem Jahr wieder in ihren urspr\u00fcnglichen Zustand versetzt werden. Schlie\u00dflich geht es um den Schutz unseres kulturellen Erbes, das ein wesentlicher Bestandteil der Geschichte Schlesiens ist. Wir m\u00fcssen systematisch handeln, und ich werde mich als Parlamentarierin darum bem\u00fchen. &#8220;<\/em><\/p>\n<p style=\"text-align: justify;\">Die Pflege um das kulturelle Erbe wird gleichzeitig mit dem Tourismus und der Wirtschaft verbunden, wie Zuzanna Donath-Kasiura betonte: <em>&#8220;Gepflegte und restaurierte Schl\u00f6sser, Pal\u00e4ste und Kirchen ziehen Touristen von au\u00dferhalb der Woiwodschaft Oppeln an. Wir k\u00f6nnen uns damit r\u00fchmen, weil in der Woiwodschaft Oppeln man viel sehen kann. Es ist nicht nur das Schloss Moschen, es ist auch der Palast in Dobrau, es ist auch die Holzkirche der Hl. Anna in Rosenberg. Wir haben jedoch noch viele Orte, die renoviert werden m\u00fcssen. Dank der Renovierung und \u00d6ffnung dieser Orte f\u00fcr Besucher k\u00f6nnen wir Touristen anziehen, die gerne an diese Orte zur\u00fcckkehren. Und was dahinter folgt &#8211; Einnahmen f\u00fcr lokale Unternehmer und kommunale Haushalte. <\/em><em>&#8220;<\/em><\/p>\n<p><\/p>","protected":false},"excerpt":{"rendered":"<p>Ryszard Galla, Bernard Gaida und Zuzanna Donath-Kasiura &#8211; Kandidaten f\u00fcr den Sejm des KWW Deutsche Minderheit sprachen \u00fcber Missverh\u00e4ltnisse in den Woiwodschaftshaushalten zum Schutz von Denkm\u00e4lern und \u00fcber Vorschl\u00e4ge f\u00fcr deren Beseitigung durch die Deutsche Minderheit. Der Abgeordnete Ryszard Galla betonte das langj\u00e4hrige Engagement f\u00fcr das kulturelle Erbe: &#8220;Dies ist ein \u00e4u\u00dferst wichtiges Thema, da [&hellip;]<\/p>\n","protected":false},"author":7,"featured_media":21969,"comment_status":"closed","ping_status":"open","sticky":false,"template":"","format":"standard","meta":{"footnotes":""},"categories":[1],"tags":[],"class_list":["post-21965","post","type-post","status-publish","format-standard","has-post-thumbnail","hentry","category-aktualnosci"],"yoast_head":"<!-- This site is optimized with the Yoast SEO plugin v18.9 - https:\/\/yoast.com\/wordpress\/plugins\/seo\/ -->\n<title>\u00dcber Disproportion im Haushalt f\u00fcr den Denkmalschutz haben Ryszard Galla, BErnard Gaida und Zuzanna Donath-Kasiura - Kanidaten des KWW Deutsche Minderheit gesprochen - Deutsche Minderheit, Sozial-Kulturelle Gesellschaft der Deutschen im Oppelner Schlesien<\/title>\n<meta name=\"robots\" content=\"index, follow, max-snippet:-1, max-image-preview:large, max-video-preview:-1\" \/>\n<link rel=\"canonical\" href=\"https:\/\/skgd.pl\/o-dysproporcjach-w-budzecie-na-ochrone-zabytkow-mowili-ryszard-galla-bernard-gaida-oraz-zuzanna-donath-kasiura-kandydaci-do-sejmu-z-kww-mniejszosc-niemiecka\/\" \/>\n<meta property=\"og:locale\" content=\"de_DE\" \/>\n<meta property=\"og:type\" content=\"article\" \/>\n<meta property=\"og:title\" content=\"\u00dcber Disproportion im Haushalt f\u00fcr den Denkmalschutz haben Ryszard Galla, BErnard Gaida und Zuzanna Donath-Kasiura - Kanidaten des KWW Deutsche Minderheit gesprochen - Deutsche Minderheit, Sozial-Kulturelle Gesellschaft der Deutschen im Oppelner Schlesien\" \/>\n<meta property=\"og:description\" content=\"Ryszard Galla, Bernard Gaida und Zuzanna Donath-Kasiura &#8211; Kandidaten f\u00fcr den Sejm des KWW Deutsche Minderheit sprachen \u00fcber Missverh\u00e4ltnisse in den Woiwodschaftshaushalten zum Schutz von Denkm\u00e4lern und \u00fcber Vorschl\u00e4ge f\u00fcr deren Beseitigung durch die Deutsche Minderheit. Der Abgeordnete Ryszard Galla betonte das langj\u00e4hrige Engagement f\u00fcr das kulturelle Erbe: &#8220;Dies ist ein \u00e4u\u00dferst wichtiges Thema, da [&hellip;]\" \/>\n<meta property=\"og:url\" content=\"https:\/\/skgd.pl\/o-dysproporcjach-w-budzecie-na-ochrone-zabytkow-mowili-ryszard-galla-bernard-gaida-oraz-zuzanna-donath-kasiura-kandydaci-do-sejmu-z-kww-mniejszosc-niemiecka\/\" \/>\n<meta property=\"og:site_name\" content=\"Deutsche Minderheit, Sozial-Kulturelle Gesellschaft der Deutschen im Oppelner Schlesien\" \/>\n<meta property=\"article:published_time\" content=\"2019-09-30T08:32:54+00:00\" \/>\n<meta property=\"article:modified_time\" content=\"2019-10-21T18:34:04+00:00\" \/>\n<meta property=\"og:image\" content=\"https:\/\/skgd.pl\/wp-content\/uploads\/2019\/09\/IMG_5154-scaled.jpg\" \/>\n\t<meta property=\"og:image:width\" content=\"2560\" \/>\n\t<meta property=\"og:image:height\" content=\"1707\" \/>\n\t<meta property=\"og:image:type\" content=\"image\/jpeg\" \/>\n<meta name=\"twitter:card\" content=\"summary_large_image\" \/>\n<meta name=\"twitter:label1\" content=\"Verfasst von\" \/>\n\t<meta name=\"twitter:data1\" content=\"Zuzanna Herud\" \/>\n\t<meta name=\"twitter:label2\" content=\"Gesch\u00e4tzte Lesezeit\" \/>\n\t<meta name=\"twitter:data2\" content=\"8\u00a0Minuten\" \/>\n<script type=\"application\/ld+json\" class=\"yoast-schema-graph\">{\"@context\":\"https:\/\/schema.org\",\"@graph\":[{\"@type\":\"WebSite\",\"@id\":\"https:\/\/skgd.pl\/#website\",\"url\":\"https:\/\/skgd.pl\/\",\"name\":\"Deutsche Minderheit, Sozial-Kulturelle Gesellschaft der Deutschen im Oppelner Schlesien\",\"description\":\"Deutsche Minderheit in Polen\",\"potentialAction\":[{\"@type\":\"SearchAction\",\"target\":{\"@type\":\"EntryPoint\",\"urlTemplate\":\"https:\/\/skgd.pl\/?s={search_term_string}\"},\"query-input\":\"required name=search_term_string\"}],\"inLanguage\":\"de\"},{\"@type\":\"ImageObject\",\"inLanguage\":\"de\",\"@id\":\"https:\/\/skgd.pl\/o-dysproporcjach-w-budzecie-na-ochrone-zabytkow-mowili-ryszard-galla-bernard-gaida-oraz-zuzanna-donath-kasiura-kandydaci-do-sejmu-z-kww-mniejszosc-niemiecka\/#primaryimage\",\"url\":\"https:\/\/skgd.pl\/wp-content\/uploads\/2019\/09\/IMG_5154-scaled.jpg\",\"contentUrl\":\"https:\/\/skgd.pl\/wp-content\/uploads\/2019\/09\/IMG_5154-scaled.jpg\",\"width\":2560,\"height\":1707},{\"@type\":\"WebPage\",\"@id\":\"https:\/\/skgd.pl\/o-dysproporcjach-w-budzecie-na-ochrone-zabytkow-mowili-ryszard-galla-bernard-gaida-oraz-zuzanna-donath-kasiura-kandydaci-do-sejmu-z-kww-mniejszosc-niemiecka\/#webpage\",\"url\":\"https:\/\/skgd.pl\/o-dysproporcjach-w-budzecie-na-ochrone-zabytkow-mowili-ryszard-galla-bernard-gaida-oraz-zuzanna-donath-kasiura-kandydaci-do-sejmu-z-kww-mniejszosc-niemiecka\/\",\"name\":\"\u00dcber Disproportion im Haushalt f\u00fcr den Denkmalschutz haben Ryszard Galla, BErnard Gaida und Zuzanna Donath-Kasiura - Kanidaten des KWW Deutsche Minderheit gesprochen - Deutsche Minderheit, Sozial-Kulturelle Gesellschaft der Deutschen im Oppelner Schlesien\",\"isPartOf\":{\"@id\":\"https:\/\/skgd.pl\/#website\"},\"primaryImageOfPage\":{\"@id\":\"https:\/\/skgd.pl\/o-dysproporcjach-w-budzecie-na-ochrone-zabytkow-mowili-ryszard-galla-bernard-gaida-oraz-zuzanna-donath-kasiura-kandydaci-do-sejmu-z-kww-mniejszosc-niemiecka\/#primaryimage\"},\"datePublished\":\"2019-09-30T08:32:54+00:00\",\"dateModified\":\"2019-10-21T18:34:04+00:00\",\"author\":{\"@id\":\"https:\/\/skgd.pl\/#\/schema\/person\/dcdd6dd89280fa49735a207f6d6dccd2\"},\"breadcrumb\":{\"@id\":\"https:\/\/skgd.pl\/o-dysproporcjach-w-budzecie-na-ochrone-zabytkow-mowili-ryszard-galla-bernard-gaida-oraz-zuzanna-donath-kasiura-kandydaci-do-sejmu-z-kww-mniejszosc-niemiecka\/#breadcrumb\"},\"inLanguage\":\"de\",\"potentialAction\":[{\"@type\":\"ReadAction\",\"target\":[\"https:\/\/skgd.pl\/o-dysproporcjach-w-budzecie-na-ochrone-zabytkow-mowili-ryszard-galla-bernard-gaida-oraz-zuzanna-donath-kasiura-kandydaci-do-sejmu-z-kww-mniejszosc-niemiecka\/\"]}]},{\"@type\":\"BreadcrumbList\",\"@id\":\"https:\/\/skgd.pl\/o-dysproporcjach-w-budzecie-na-ochrone-zabytkow-mowili-ryszard-galla-bernard-gaida-oraz-zuzanna-donath-kasiura-kandydaci-do-sejmu-z-kww-mniejszosc-niemiecka\/#breadcrumb\",\"itemListElement\":[{\"@type\":\"ListItem\",\"position\":1,\"name\":\"Strona g\u0142\u00f3wna\",\"item\":\"https:\/\/skgd.pl\/\"},{\"@type\":\"ListItem\",\"position\":2,\"name\":\"O dysproporcjach w bud\u017cecie na ochron\u0119 zabytk\u00f3w m\u00f3wili Ryszard Galla, Bernard Gaida oraz Zuzanna Donath-Kasiura &#8211; Kandydaci do Sejmu z KWW Mniejszos\u0107 Niemiecka\"}]},{\"@type\":\"Person\",\"@id\":\"https:\/\/skgd.pl\/#\/schema\/person\/dcdd6dd89280fa49735a207f6d6dccd2\",\"name\":\"Zuzanna Herud\",\"image\":{\"@type\":\"ImageObject\",\"inLanguage\":\"de\",\"@id\":\"https:\/\/skgd.pl\/#\/schema\/person\/image\/\",\"url\":\"https:\/\/secure.gravatar.com\/avatar\/a01f92cb4421a03a6fa61cc64f8d96dc?s=96&d=mm&r=g\",\"contentUrl\":\"https:\/\/secure.gravatar.com\/avatar\/a01f92cb4421a03a6fa61cc64f8d96dc?s=96&d=mm&r=g\",\"caption\":\"Zuzanna Herud\"},\"url\":\"https:\/\/skgd.pl\/de\/author\/zuzanna\/\"}]}<\/script>\n<!-- \/ Yoast SEO plugin. -->","yoast_head_json":{"title":"\u00dcber Disproportion im Haushalt f\u00fcr den Denkmalschutz haben Ryszard Galla, BErnard Gaida und Zuzanna Donath-Kasiura - Kanidaten des KWW Deutsche Minderheit gesprochen - Deutsche Minderheit, Sozial-Kulturelle Gesellschaft der Deutschen im Oppelner Schlesien","robots":{"index":"index","follow":"follow","max-snippet":"max-snippet:-1","max-image-preview":"max-image-preview:large","max-video-preview":"max-video-preview:-1"},"canonical":"https:\/\/skgd.pl\/o-dysproporcjach-w-budzecie-na-ochrone-zabytkow-mowili-ryszard-galla-bernard-gaida-oraz-zuzanna-donath-kasiura-kandydaci-do-sejmu-z-kww-mniejszosc-niemiecka\/","og_locale":"de_DE","og_type":"article","og_title":"\u00dcber Disproportion im Haushalt f\u00fcr den Denkmalschutz haben Ryszard Galla, BErnard Gaida und Zuzanna Donath-Kasiura - Kanidaten des KWW Deutsche Minderheit gesprochen - Deutsche Minderheit, Sozial-Kulturelle Gesellschaft der Deutschen im Oppelner Schlesien","og_description":"Ryszard Galla, Bernard Gaida und Zuzanna Donath-Kasiura &#8211; Kandidaten f\u00fcr den Sejm des KWW Deutsche Minderheit sprachen \u00fcber Missverh\u00e4ltnisse in den Woiwodschaftshaushalten zum Schutz von Denkm\u00e4lern und \u00fcber Vorschl\u00e4ge f\u00fcr deren Beseitigung durch die Deutsche Minderheit. Der Abgeordnete Ryszard Galla betonte das langj\u00e4hrige Engagement f\u00fcr das kulturelle Erbe: &#8220;Dies ist ein \u00e4u\u00dferst wichtiges Thema, da [&hellip;]","og_url":"https:\/\/skgd.pl\/o-dysproporcjach-w-budzecie-na-ochrone-zabytkow-mowili-ryszard-galla-bernard-gaida-oraz-zuzanna-donath-kasiura-kandydaci-do-sejmu-z-kww-mniejszosc-niemiecka\/","og_site_name":"Deutsche Minderheit, Sozial-Kulturelle Gesellschaft der Deutschen im Oppelner Schlesien","article_published_time":"2019-09-30T08:32:54+00:00","article_modified_time":"2019-10-21T18:34:04+00:00","og_image":[{"width":2560,"height":1707,"url":"https:\/\/skgd.pl\/wp-content\/uploads\/2019\/09\/IMG_5154-scaled.jpg","type":"image\/jpeg"}],"twitter_card":"summary_large_image","twitter_misc":{"Verfasst von":"Zuzanna Herud","Gesch\u00e4tzte Lesezeit":"8\u00a0Minuten"},"schema":{"@context":"https:\/\/schema.org","@graph":[{"@type":"WebSite","@id":"https:\/\/skgd.pl\/#website","url":"https:\/\/skgd.pl\/","name":"Deutsche Minderheit, Sozial-Kulturelle Gesellschaft der Deutschen im Oppelner Schlesien","description":"Deutsche Minderheit in Polen","potentialAction":[{"@type":"SearchAction","target":{"@type":"EntryPoint","urlTemplate":"https:\/\/skgd.pl\/?s={search_term_string}"},"query-input":"required name=search_term_string"}],"inLanguage":"de"},{"@type":"ImageObject","inLanguage":"de","@id":"https:\/\/skgd.pl\/o-dysproporcjach-w-budzecie-na-ochrone-zabytkow-mowili-ryszard-galla-bernard-gaida-oraz-zuzanna-donath-kasiura-kandydaci-do-sejmu-z-kww-mniejszosc-niemiecka\/#primaryimage","url":"https:\/\/skgd.pl\/wp-content\/uploads\/2019\/09\/IMG_5154-scaled.jpg","contentUrl":"https:\/\/skgd.pl\/wp-content\/uploads\/2019\/09\/IMG_5154-scaled.jpg","width":2560,"height":1707},{"@type":"WebPage","@id":"https:\/\/skgd.pl\/o-dysproporcjach-w-budzecie-na-ochrone-zabytkow-mowili-ryszard-galla-bernard-gaida-oraz-zuzanna-donath-kasiura-kandydaci-do-sejmu-z-kww-mniejszosc-niemiecka\/#webpage","url":"https:\/\/skgd.pl\/o-dysproporcjach-w-budzecie-na-ochrone-zabytkow-mowili-ryszard-galla-bernard-gaida-oraz-zuzanna-donath-kasiura-kandydaci-do-sejmu-z-kww-mniejszosc-niemiecka\/","name":"\u00dcber Disproportion im Haushalt f\u00fcr den Denkmalschutz haben Ryszard Galla, BErnard Gaida und Zuzanna Donath-Kasiura - Kanidaten des KWW Deutsche Minderheit gesprochen - Deutsche Minderheit, Sozial-Kulturelle Gesellschaft der Deutschen im Oppelner Schlesien","isPartOf":{"@id":"https:\/\/skgd.pl\/#website"},"primaryImageOfPage":{"@id":"https:\/\/skgd.pl\/o-dysproporcjach-w-budzecie-na-ochrone-zabytkow-mowili-ryszard-galla-bernard-gaida-oraz-zuzanna-donath-kasiura-kandydaci-do-sejmu-z-kww-mniejszosc-niemiecka\/#primaryimage"},"datePublished":"2019-09-30T08:32:54+00:00","dateModified":"2019-10-21T18:34:04+00:00","author":{"@id":"https:\/\/skgd.pl\/#\/schema\/person\/dcdd6dd89280fa49735a207f6d6dccd2"},"breadcrumb":{"@id":"https:\/\/skgd.pl\/o-dysproporcjach-w-budzecie-na-ochrone-zabytkow-mowili-ryszard-galla-bernard-gaida-oraz-zuzanna-donath-kasiura-kandydaci-do-sejmu-z-kww-mniejszosc-niemiecka\/#breadcrumb"},"inLanguage":"de","potentialAction":[{"@type":"ReadAction","target":["https:\/\/skgd.pl\/o-dysproporcjach-w-budzecie-na-ochrone-zabytkow-mowili-ryszard-galla-bernard-gaida-oraz-zuzanna-donath-kasiura-kandydaci-do-sejmu-z-kww-mniejszosc-niemiecka\/"]}]},{"@type":"BreadcrumbList","@id":"https:\/\/skgd.pl\/o-dysproporcjach-w-budzecie-na-ochrone-zabytkow-mowili-ryszard-galla-bernard-gaida-oraz-zuzanna-donath-kasiura-kandydaci-do-sejmu-z-kww-mniejszosc-niemiecka\/#breadcrumb","itemListElement":[{"@type":"ListItem","position":1,"name":"Strona g\u0142\u00f3wna","item":"https:\/\/skgd.pl\/"},{"@type":"ListItem","position":2,"name":"O dysproporcjach w bud\u017cecie na ochron\u0119 zabytk\u00f3w m\u00f3wili Ryszard Galla, Bernard Gaida oraz Zuzanna Donath-Kasiura &#8211; Kandydaci do Sejmu z KWW Mniejszos\u0107 Niemiecka"}]},{"@type":"Person","@id":"https:\/\/skgd.pl\/#\/schema\/person\/dcdd6dd89280fa49735a207f6d6dccd2","name":"Zuzanna Herud","image":{"@type":"ImageObject","inLanguage":"de","@id":"https:\/\/skgd.pl\/#\/schema\/person\/image\/","url":"https:\/\/secure.gravatar.com\/avatar\/a01f92cb4421a03a6fa61cc64f8d96dc?s=96&d=mm&r=g","contentUrl":"https:\/\/secure.gravatar.com\/avatar\/a01f92cb4421a03a6fa61cc64f8d96dc?s=96&d=mm&r=g","caption":"Zuzanna Herud"},"url":"https:\/\/skgd.pl\/de\/author\/zuzanna\/"}]}},"_links":{"self":[{"href":"https:\/\/skgd.pl\/de\/wp-json\/wp\/v2\/posts\/21965","targetHints":{"allow":["GET"]}}],"collection":[{"href":"https:\/\/skgd.pl\/de\/wp-json\/wp\/v2\/posts"}],"about":[{"href":"https:\/\/skgd.pl\/de\/wp-json\/wp\/v2\/types\/post"}],"author":[{"embeddable":true,"href":"https:\/\/skgd.pl\/de\/wp-json\/wp\/v2\/users\/7"}],"replies":[{"embeddable":true,"href":"https:\/\/skgd.pl\/de\/wp-json\/wp\/v2\/comments?post=21965"}],"version-history":[{"count":4,"href":"https:\/\/skgd.pl\/de\/wp-json\/wp\/v2\/posts\/21965\/revisions"}],"predecessor-version":[{"id":22125,"href":"https:\/\/skgd.pl\/de\/wp-json\/wp\/v2\/posts\/21965\/revisions\/22125"}],"wp:featuredmedia":[{"embeddable":true,"href":"https:\/\/skgd.pl\/de\/wp-json\/wp\/v2\/media\/21969"}],"wp:attachment":[{"href":"https:\/\/skgd.pl\/de\/wp-json\/wp\/v2\/media?parent=21965"}],"wp:term":[{"taxonomy":"category","embeddable":true,"href":"https:\/\/skgd.pl\/de\/wp-json\/wp\/v2\/categories?post=21965"},{"taxonomy":"post_tag","embeddable":true,"href":"https:\/\/skgd.pl\/de\/wp-json\/wp\/v2\/tags?post=21965"}],"curies":[{"name":"wp","href":"https:\/\/api.w.org\/{rel}","templated":true}]}}