{"id":21940,"date":"2019-10-13T10:02:22","date_gmt":"2019-10-13T08:02:22","guid":{"rendered":"http:\/\/skgd.pl\/?p=21940"},"modified":"2019-10-15T13:01:14","modified_gmt":"2019-10-15T11:01:14","slug":"program-16-dni-kultury-niemieckiej-na-slasku-opolskim","status":"publish","type":"post","link":"https:\/\/skgd.pl\/de\/program-16-dni-kultury-niemieckiej-na-slasku-opolskim\/","title":{"rendered":"Programm der 16. Deutschen Kulturtage im Oppelner Schlesien"},"content":{"rendered":"<p><strong>03.10.2019&nbsp; &#8211; 10.00<\/strong><\/p>\n<p>Stadtrallye, BJDM<\/p>\n<p>&nbsp;<\/p>\n<p><strong>04.10.2019<\/strong> <strong>godz. 19.00<\/strong> &nbsp;<strong>Inauguracja<br \/>\n<\/strong>Koncert Filharmonik\u00f3w Opolskich oraz Konstancji \u015amieta\u0144skiej (wiolonczela) pod dyrekcj\u0105 Johanna Klumppa (Niemcy), Filharmonia Opolska &nbsp;im. J\u00f3zefa Elsnera, ul. Krakowska 24, Opole<\/p>\n<p>&nbsp;<\/p>\n<p><strong>4.10.2019 <\/strong><\/p>\n<p>100 Jahre Bauhaus \/ 100 lat Bauhausu<\/p>\n<p>Zaj\u0119cia&nbsp; dla m\u0142odzie\u017cy \/Workshop f\u00fcr Jugendliche<\/p>\n<p>WBP Opole<strong> &#8211; <\/strong>Biblioteka Austriacka \u2013 \u00d6sterreich-Bibliothek,&nbsp;<\/p>\n<p>Opole, pl. Pi\u0142sudskiego 5.&nbsp; Informacje i zg\u0142oszenia \/ Anmeldung Tel. 77 47 47 085<\/p>\n<p>&nbsp;<\/p>\n<p><strong>05.10.2019 &nbsp;godz. 12.00<\/strong><\/p>\n<p>JugendFestivalM\u0142odych VdG<\/p>\n<p>Impreza towarzysz\u0105ca Begleitveranstaltung<\/p>\n<p>&nbsp;<\/p>\n<p><strong><em><u>7.10, 8.10, 10.10, 11.10, 14.10, 15.10, 17.10, 18.10, 21.10, 22.10, 24.10, 25.10<\/u><\/em><\/strong><\/p>\n<p><strong><em><u>&nbsp;(f\u00fcr Jugendliche \/ dla m\u0142odzie\u017cy)<\/u><\/em><\/strong><\/p>\n<p>&#8220;Eine kulinarische Reise durch Schlesien&#8221;. Oder &#8220;Schlesische Gruselgeschichten teilzunehmen&#8221;.<\/p>\n<p>Es sind Bibliotheksstunden f\u00fcr Kinder (an den genannten Tagen) und Jugendliche<\/p>\n<p>\/ \u201eCo straszy na \u015al\u0105sku? \u015al\u0105skie duchy i upiory\u201d Lekcje<\/p>\n<p>biblioteczne dla dzieci (wtorek) i m\u0142odzie\u017cy (czwartek).<\/p>\n<p>Joseph von Eichendorff Zentralbibliothek \/ Centralna Biblioteka Josepha von<\/p>\n<p>Eichendorffa, Opole \/ Oppeln ul. Szpitalna 7A<\/p>\n<p>Anmeldeung der Gruppen bis zum \/ Zg\u0142oszenia grup do 28.09.2018<\/p>\n<p>Tel. 77 44 11 336 E-mail. m.dziony@cbje.pl<\/p>\n<p>&nbsp;<\/p>\n<p><strong>06.10.2019&nbsp; godz.<\/strong> <strong>17.00<\/strong> &nbsp;<\/p>\n<p>Koncert \u201eMit der Musik w\u00e4chst meine Seele\u2026\u201c &nbsp;Piotr Lempa (bas) oraz Katarzyna Ho\u0142ysz&nbsp; (sopran) Jingxing Tan (tenor) Mateusz Ro\u017cek (fortepian) Tomasz Podsiad\u0142y ( prowadzenie koncertu),<br \/>\nMuzeum Diecezjalne w Opolu<\/p>\n<p><strong>&nbsp;<\/strong><\/p>\n<p><strong>09.10.2019 godz.16.00<\/strong><\/p>\n<p><strong>Matthias Nawrat <\/strong><\/p>\n<p>Biblioteka von Eichendorffa- Wyk\u0142ad<\/p>\n<ol>\n<li>von Eichendorff Zentralbibliothek in Oppeln \/ Centralna Biblioteka im. J. v. Eichendorffa w Opolu, ul. Szpitalna 7a<\/li>\n<\/ol>\n<p>&nbsp;<\/p>\n<ol start=\"10\">\n<li><strong> 10.2019<\/strong><\/li>\n<\/ol>\n<p>Auf den Spuren von Alexander Humboldt \/ \u015aladami Alexandra Humboldta<\/p>\n<p>Premiera prezentacji multimedialnej o Alexandrze Humboldcie z okazji obchodzonego 2019 w Niemczech roku Humboldta (250 rocznica urodzin)<\/p>\n<p>WBP Opole -Biblioteka Austriacka \u2013 \u00d6sterreich-Bibliothek,&nbsp; Opole, pl. Pi\u0142sudskiego 5.&nbsp;<br \/>\nInformacje i zg\u0142oszenia \/ Anmeldung Tel. 77 47 47&nbsp;085<\/p>\n<p><strong>&nbsp;<\/strong><\/p>\n<p><strong>12.-13.10.2019 &nbsp;Sobota 17-24.00&nbsp;&nbsp;&nbsp;&nbsp;&nbsp;&nbsp; Niedziela 14.30-19.30<\/strong><\/p>\n<p>OKTOBERFEST \u2013 wyst\u0119py zespo\u0142\u00f3w artystycznych mniejszo\u015bci niemieckiej<br \/>\nHala Sportowa w Krapkowicach im. W. Piechoty w Krapkowicach, ul. Jana Kili\u0144skiego 1A<\/p>\n<p>&nbsp;<\/p>\n<p><strong>15.10.2019 godz. 17:00<\/strong><\/p>\n<p>Wyk\u0142ad&nbsp;&nbsp; \u2018\u017b\u0105dni krwi\u2019 . O wampirach i wampiry\u017amie \u2013 w j. niemieckim<\/p>\n<p>Vortrag&nbsp;&nbsp; \u201aUntot mit Biss\u2018. Eine kleine Kulturgeschichte des Vampir(ismus)- auf Deutsch<\/p>\n<p><strong>&nbsp;<\/strong>Prof. Dr. Clemens Ruthner (Trinity College in Dublin)<br \/>\n&nbsp;Wojew\u00f3dzka Biblioteka Publiczna w Opolu, ul. Piastowska 20<\/p>\n<p><strong>&nbsp;<\/strong><\/p>\n<p><strong>17.10.2019<\/strong><\/p>\n<p>\u015aladami Theodora Fontanego \/ Auf den Spuren von Theodor Fontane<\/p>\n<p>Premiera prezentacji multimedialnej o Theodora Fontane z okazji obchodzonego 2019 w Niemczech roku Fontanego (200 rocznica urodzin)WBP Opole<strong> &#8211; <\/strong>Biblioteka Austriacka \u2013 \u00d6sterreich-Bibliothek,&nbsp; Opole, pl. Pi\u0142sudskiego 5.<br \/>\n&nbsp;Informacje i zg\u0142oszenia \/ Anmeldung Tel. 77 47 47&nbsp;085<\/p>\n<p><strong>&nbsp;<\/strong><\/p>\n<p><strong>18.10.2019 \u2013 godz.17.00 finisa\u017c wystawy <\/strong><\/p>\n<p>Afisz Teatru Miejskiego w Nysie 1820 &#8211; 1933.Podr\u00f3\u017c sentymentalna.\u201d autorstwa Haliny Fleger<\/p>\n<p>i Andrzeja Sznejweisa w Nyskim Domu Kultury.<\/p>\n<p>Die Plakate des Neissers Theather<\/p>\n<p>Eine Sentimentale Reise&nbsp; Autorrenschaft Halina Fleger und Andrzej Sznejweis in dem Neisser Haus<\/p>\n<p>Wystawa w dn. 6.09.2019r. \u2013 10.11.2019r.)<\/p>\n<p>Galeria FOYER Nyski Dom Kultury<\/p>\n<p><strong>&nbsp;<\/strong><\/p>\n<p><strong>19.10.2019 \u2013 godz.17.00<\/strong><\/p>\n<p>Koncert fina\u0142owy Konkursu Piosenki Niemieckiej SUPERSTAR<\/p>\n<p>Das Finalle des Wettbewerbs SUPERSTAR<strong><br \/>\n<\/strong>GOK Gogolin<\/p>\n<p>Impreza towarzysz\u0105ca Begleitveranstaltung<\/p>\n<p>&nbsp;<\/p>\n<p><strong>20.10.2019- godz. 17.00<\/strong><\/p>\n<p>Koncert m\u0142odych muzyk\u00f3w Maria Daoud Quartett &#8220;Exchange&#8221; oraz wystawa pt. \u201ePerspektywy \u2013 Nadrenia-Palatynat oraz Wojew\u00f3dztwo Opolskie w oczach&nbsp; m\u0142odzie\u017cy szkolnej z region\u00f3w partnerskich\u201d.<\/p>\n<p>Das Konzert der jungen &nbsp;Musiker Maria Daoud Quartett &#8220;Exchange&#8221; und die Ausstellung ,, Die Perspektiven &#8211;&nbsp; Rheinland-Pfalz und die Oppelner Woiwodschaft in den Augen der Jugendlichen der Partner Regionen.<\/p>\n<p>&nbsp;<\/p>\n<p><strong>21.10.2019-22.10.2019<\/strong><\/p>\n<p>XXIV Seminarium \u015al\u0105skie \u2013 Kamie\u0144 \u015al\u0105ski<\/p>\n<p>Impreza towarzysz\u0105ca Begleitveranstaltung<\/p>\n<p><strong>Schlo\u00df in Gross Stein \/ <\/strong>Zamek w Kamieniu \u015al\u0105skim, ul. Parkowa 1B<\/p>\n<p>&nbsp;<\/p>\n<p><strong>23.10.2019&nbsp;&nbsp; godz. 16.00 <\/strong><\/p>\n<p>Uroczyste widowisko w niemieckich<\/p>\n<p>rymach. O dziele Gerharda Hauptmanna. Referent: Eleni Ioannidou.<\/p>\n<p>Festspiel in deutschen Reimen. \u00dcber das Werk von Gerhard Hauptmann , Referentin:Eleni Ioannidou<\/p>\n<p>Centralna Biblioteka Polsko-Niemiecka im. J. von Eichendorffa<\/p>\n<p><strong>&nbsp;<\/strong><\/p>\n<p><strong>25.10.2019 | 17.00<\/strong><\/p>\n<p>Pierniki \u2013 podr\u00f3\u017c do krainy zmys\u0142\u00f3w \u2026 przez \u015al\u0105sk, \u0141u\u017cyce G\u00f3rne i 900-letni\u0105 kultur\u0119 kulinarn\u0105 w Europie \u015arodkowej Pfefferkuchen \u2013 Eine Reise der Sinne \u2026 durch Schlesien, die Oberlausitz und 900 Jahre Esskultur in Mitteleuropa&nbsp; Wojew\u00f3dzka Biblioteka Publiczna w Opolu \u2013&nbsp; Galeria WuBePe ul. Piastowska 20 (Wystawa do 28.11.) Galeria czynna : wtorek-sobota&nbsp; \/ Dienstag-Samstag 10:00-16:00. Eintritt frei \/ Wst\u0119p wolny<\/p>\n<p>Oprowadzanie po wystawie po\u0142\u0105czone z&nbsp; interaktywn\u0105 gr\u0105 mobiln\u0105 Kahoot Live Game (wymagane posiadanie smartfona) \u2013 dla grup zorganizowanych od 10 os\u00f3b &#8211; po wcze\u015bniejszym ustaleniu terminu Tel. 77 47 47&nbsp;085.<\/p>\n<p>&nbsp;<\/p>\n<p><strong>26.10.2019 | 16.00<\/strong><\/p>\n<p>Koncert BSA Brass Opole<\/p>\n<p>Konzert BSA Brass Oppeln<\/p>\n<p>Ko\u015bci\u00f3\u0142 Parafialny pw. Nawiedzenia NMP w Komornikach<\/p>\n<p>Ul. Ko\u015bcielna 4<\/p>\n<p>&nbsp;<\/p>\n<p><strong>28.10 2019 &nbsp;| &nbsp;godz. 10:00<\/strong><\/p>\n<p>Warsztaty dekorowania piernik\u00f3w \u2013 poprowadzi&nbsp; Irena Zawadzka.<\/p>\n<p>Wojew\u00f3dzka Biblioteka Publiczna w Opolu \u2013&nbsp; Galeria WuBePe ul. Piastowska 20<\/p>\n<p>Informacje i zg\u0142oszenia \/ Anmeldung Tel. 77 47 47 085<\/p>\n<p><strong>&nbsp;<\/strong><\/p>\n<p><strong>30.10.2019 | godz.&nbsp; 10:00<\/strong><\/p>\n<p>Warsztaty literackie dla dzieci z bajk\u0105 Grimma \u201eJa\u015b i Ma\u0142gosia\u201d po\u0142\u0105czone z dekoracj\u0105 i budow\u0105&nbsp; chatki czarownicy z piernika .&nbsp;<\/p>\n<p>Workshop f\u00fcr Kinder mit dem Grimm-M\u00e4rchen&nbsp; \u201eH\u00e4nsel und Gretel\u201c verbunden mit&nbsp; Schm\u00fccken und Aufbauen von Hexenhaus aus Pfefferkuchen<\/p>\n<p>Wojew\u00f3dzka Biblioteka Publiczna w Opolu \u2013&nbsp; Galeria WuBePe ul. Piastowska 20<\/p>\n<p>&nbsp;<\/p>\n<p><strong>Organisator:<\/strong> Sozial-Kulturelle Gesellschaft der Deutschen im Oppelner Schlesien<\/p>\n<p><strong>Die Partner der 16. Kulturtagen in Oppelner Schlesien: <\/strong>Wojew\u00f3dzka Biblioteka Publiczna im. E. Smo\u0142ki w Opolu, Muzeum Powiatowe w Nysie, \u00d6sterreich-Bibliothek in Oppeln, Bund der Jugend der Deutschen Minderheit, Haus der Deutsch-Polnischen Zusammenarbeit, Oppelner Philharmonie, Gemeinde Krappitz, Krapkowicki Dom Kultury, Verband Deutscher Sozial-Kulturellen Gesellschaften, Muzeum Diecezjalne w Opolu,&nbsp; Zentral Bibliothek im. J. v. Eichendorffa in Oppeln.<\/p>\n<p><strong>Finanzierung:<\/strong> Konsulat der BRD in Oppeln<\/p>\n<p><strong>Sponsoren:<\/strong> \u015al\u0105skie Kruszywa Naturalne Sp z o o , Smuda Consulting, Bank Sp\u00f3\u0142dzielczy w Krapkowicach, Paul Schockemohle Logistics Polska, Sp. z o.o. Filplast<\/p>\n<p><strong>Medien Schirmherrschaft:<\/strong> Radio Opole, Radio PARK, Nowa Trybuna Opolska, 24opole.pl, Radio DOXA, Wochenblatt.pl,&nbsp; Polen Journal, Tygodnik Ziemii Opolskiej, Tygodnik Krapkowicki<\/p>","protected":false},"excerpt":{"rendered":"<p>03.10.2019&nbsp; &#8211; 10.00 Stadtrallye, BJDM &nbsp; 04.10.2019 godz. 19.00 &nbsp;Inauguracja Koncert Filharmonik\u00f3w Opolskich oraz Konstancji \u015amieta\u0144skiej (wiolonczela) pod dyrekcj\u0105 Johanna Klumppa (Niemcy), Filharmonia Opolska &nbsp;im. J\u00f3zefa Elsnera, ul. Krakowska 24, Opole &nbsp; 4.10.2019 100 Jahre Bauhaus \/ 100 lat Bauhausu Zaj\u0119cia&nbsp; dla m\u0142odzie\u017cy \/Workshop f\u00fcr Jugendliche WBP Opole &#8211; Biblioteka Austriacka \u2013 \u00d6sterreich-Bibliothek,&nbsp; Opole, pl. [&hellip;]<\/p>\n","protected":false},"author":2,"featured_media":21941,"comment_status":"closed","ping_status":"open","sticky":false,"template":"","format":"standard","meta":{"footnotes":""},"categories":[1],"tags":[],"class_list":["post-21940","post","type-post","status-publish","format-standard","has-post-thumbnail","hentry","category-aktualnosci"],"yoast_head":"<!-- This site is optimized with the Yoast SEO plugin v18.9 - https:\/\/yoast.com\/wordpress\/plugins\/seo\/ -->\n<title>Programm der 16. Deutschen Kulturtage im Oppelner Schlesien - Deutsche Minderheit, Sozial-Kulturelle Gesellschaft der Deutschen im Oppelner Schlesien<\/title>\n<meta name=\"robots\" content=\"index, follow, max-snippet:-1, max-image-preview:large, max-video-preview:-1\" \/>\n<link rel=\"canonical\" href=\"https:\/\/skgd.pl\/en\/program-16-dni-kultury-niemieckiej-na-slasku-opolskim\/\" \/>\n<meta property=\"og:locale\" content=\"de_DE\" \/>\n<meta property=\"og:type\" content=\"article\" \/>\n<meta property=\"og:title\" content=\"Programm der 16. Deutschen Kulturtage im Oppelner Schlesien - Deutsche Minderheit, Sozial-Kulturelle Gesellschaft der Deutschen im Oppelner Schlesien\" \/>\n<meta property=\"og:description\" content=\"03.10.2019&nbsp; &#8211; 10.00 Stadtrallye, BJDM &nbsp; 04.10.2019 godz. 19.00 &nbsp;Inauguracja Koncert Filharmonik\u00f3w Opolskich oraz Konstancji \u015amieta\u0144skiej (wiolonczela) pod dyrekcj\u0105 Johanna Klumppa (Niemcy), Filharmonia Opolska &nbsp;im. J\u00f3zefa Elsnera, ul. Krakowska 24, Opole &nbsp; 4.10.2019 100 Jahre Bauhaus \/ 100 lat Bauhausu Zaj\u0119cia&nbsp; dla m\u0142odzie\u017cy \/Workshop f\u00fcr Jugendliche WBP Opole &#8211; Biblioteka Austriacka \u2013 \u00d6sterreich-Bibliothek,&nbsp; Opole, pl. [&hellip;]\" \/>\n<meta property=\"og:url\" content=\"https:\/\/skgd.pl\/en\/program-16-dni-kultury-niemieckiej-na-slasku-opolskim\/\" \/>\n<meta property=\"og:site_name\" content=\"Deutsche Minderheit, Sozial-Kulturelle Gesellschaft der Deutschen im Oppelner Schlesien\" \/>\n<meta property=\"article:published_time\" content=\"2019-10-13T08:02:22+00:00\" \/>\n<meta property=\"article:modified_time\" content=\"2019-10-15T11:01:14+00:00\" \/>\n<meta property=\"og:image\" content=\"https:\/\/skgd.pl\/wp-content\/uploads\/2019\/09\/logo-DNI.jpg\" \/>\n\t<meta property=\"og:image:width\" content=\"1772\" \/>\n\t<meta property=\"og:image:height\" content=\"1772\" \/>\n\t<meta property=\"og:image:type\" content=\"image\/jpeg\" \/>\n<meta name=\"twitter:card\" content=\"summary_large_image\" \/>\n<meta name=\"twitter:label1\" content=\"Verfasst von\" \/>\n\t<meta name=\"twitter:data1\" content=\"Joanna Hassa\" \/>\n\t<meta name=\"twitter:label2\" content=\"Gesch\u00e4tzte Lesezeit\" \/>\n\t<meta name=\"twitter:data2\" content=\"9\u00a0Minuten\" \/>\n<script type=\"application\/ld+json\" class=\"yoast-schema-graph\">{\"@context\":\"https:\/\/schema.org\",\"@graph\":[{\"@type\":\"WebSite\",\"@id\":\"https:\/\/skgd.pl\/#website\",\"url\":\"https:\/\/skgd.pl\/\",\"name\":\"Deutsche Minderheit, Sozial-Kulturelle Gesellschaft der Deutschen im Oppelner Schlesien\",\"description\":\"Deutsche Minderheit in Polen\",\"potentialAction\":[{\"@type\":\"SearchAction\",\"target\":{\"@type\":\"EntryPoint\",\"urlTemplate\":\"https:\/\/skgd.pl\/?s={search_term_string}\"},\"query-input\":\"required name=search_term_string\"}],\"inLanguage\":\"de\"},{\"@type\":\"ImageObject\",\"inLanguage\":\"de\",\"@id\":\"https:\/\/skgd.pl\/en\/program-16-dni-kultury-niemieckiej-na-slasku-opolskim\/#primaryimage\",\"url\":\"https:\/\/skgd.pl\/wp-content\/uploads\/2019\/09\/logo-DNI.jpg\",\"contentUrl\":\"https:\/\/skgd.pl\/wp-content\/uploads\/2019\/09\/logo-DNI.jpg\",\"width\":1772,\"height\":1772},{\"@type\":\"WebPage\",\"@id\":\"https:\/\/skgd.pl\/en\/program-16-dni-kultury-niemieckiej-na-slasku-opolskim\/#webpage\",\"url\":\"https:\/\/skgd.pl\/en\/program-16-dni-kultury-niemieckiej-na-slasku-opolskim\/\",\"name\":\"Programm der 16. Deutschen Kulturtage im Oppelner Schlesien - Deutsche Minderheit, Sozial-Kulturelle Gesellschaft der Deutschen im Oppelner Schlesien\",\"isPartOf\":{\"@id\":\"https:\/\/skgd.pl\/#website\"},\"primaryImageOfPage\":{\"@id\":\"https:\/\/skgd.pl\/en\/program-16-dni-kultury-niemieckiej-na-slasku-opolskim\/#primaryimage\"},\"datePublished\":\"2019-10-13T08:02:22+00:00\",\"dateModified\":\"2019-10-15T11:01:14+00:00\",\"author\":{\"@id\":\"https:\/\/skgd.pl\/#\/schema\/person\/0620fbcc0ddc3adae2d5dd9fdc163f03\"},\"breadcrumb\":{\"@id\":\"https:\/\/skgd.pl\/en\/program-16-dni-kultury-niemieckiej-na-slasku-opolskim\/#breadcrumb\"},\"inLanguage\":\"de\",\"potentialAction\":[{\"@type\":\"ReadAction\",\"target\":[\"https:\/\/skgd.pl\/en\/program-16-dni-kultury-niemieckiej-na-slasku-opolskim\/\"]}]},{\"@type\":\"BreadcrumbList\",\"@id\":\"https:\/\/skgd.pl\/en\/program-16-dni-kultury-niemieckiej-na-slasku-opolskim\/#breadcrumb\",\"itemListElement\":[{\"@type\":\"ListItem\",\"position\":1,\"name\":\"Strona g\u0142\u00f3wna\",\"item\":\"https:\/\/skgd.pl\/\"},{\"@type\":\"ListItem\",\"position\":2,\"name\":\"(Polski) Program 16. Dni Kultury Niemieckiej na \u015al\u0105sku Opolskim\"}]},{\"@type\":\"Person\",\"@id\":\"https:\/\/skgd.pl\/#\/schema\/person\/0620fbcc0ddc3adae2d5dd9fdc163f03\",\"name\":\"Joanna Hassa\",\"image\":{\"@type\":\"ImageObject\",\"inLanguage\":\"de\",\"@id\":\"https:\/\/skgd.pl\/#\/schema\/person\/image\/\",\"url\":\"https:\/\/secure.gravatar.com\/avatar\/e91991b37fe2db6d44fd302c843edfdc?s=96&d=mm&r=g\",\"contentUrl\":\"https:\/\/secure.gravatar.com\/avatar\/e91991b37fe2db6d44fd302c843edfdc?s=96&d=mm&r=g\",\"caption\":\"Joanna Hassa\"},\"url\":\"https:\/\/skgd.pl\/de\/author\/asia\/\"}]}<\/script>\n<!-- \/ Yoast SEO plugin. -->","yoast_head_json":{"title":"Programm der 16. Deutschen Kulturtage im Oppelner Schlesien - Deutsche Minderheit, Sozial-Kulturelle Gesellschaft der Deutschen im Oppelner Schlesien","robots":{"index":"index","follow":"follow","max-snippet":"max-snippet:-1","max-image-preview":"max-image-preview:large","max-video-preview":"max-video-preview:-1"},"canonical":"https:\/\/skgd.pl\/en\/program-16-dni-kultury-niemieckiej-na-slasku-opolskim\/","og_locale":"de_DE","og_type":"article","og_title":"Programm der 16. Deutschen Kulturtage im Oppelner Schlesien - Deutsche Minderheit, Sozial-Kulturelle Gesellschaft der Deutschen im Oppelner Schlesien","og_description":"03.10.2019&nbsp; &#8211; 10.00 Stadtrallye, BJDM &nbsp; 04.10.2019 godz. 19.00 &nbsp;Inauguracja Koncert Filharmonik\u00f3w Opolskich oraz Konstancji \u015amieta\u0144skiej (wiolonczela) pod dyrekcj\u0105 Johanna Klumppa (Niemcy), Filharmonia Opolska &nbsp;im. J\u00f3zefa Elsnera, ul. Krakowska 24, Opole &nbsp; 4.10.2019 100 Jahre Bauhaus \/ 100 lat Bauhausu Zaj\u0119cia&nbsp; dla m\u0142odzie\u017cy \/Workshop f\u00fcr Jugendliche WBP Opole &#8211; Biblioteka Austriacka \u2013 \u00d6sterreich-Bibliothek,&nbsp; Opole, pl. [&hellip;]","og_url":"https:\/\/skgd.pl\/en\/program-16-dni-kultury-niemieckiej-na-slasku-opolskim\/","og_site_name":"Deutsche Minderheit, Sozial-Kulturelle Gesellschaft der Deutschen im Oppelner Schlesien","article_published_time":"2019-10-13T08:02:22+00:00","article_modified_time":"2019-10-15T11:01:14+00:00","og_image":[{"width":1772,"height":1772,"url":"https:\/\/skgd.pl\/wp-content\/uploads\/2019\/09\/logo-DNI.jpg","type":"image\/jpeg"}],"twitter_card":"summary_large_image","twitter_misc":{"Verfasst von":"Joanna Hassa","Gesch\u00e4tzte Lesezeit":"9\u00a0Minuten"},"schema":{"@context":"https:\/\/schema.org","@graph":[{"@type":"WebSite","@id":"https:\/\/skgd.pl\/#website","url":"https:\/\/skgd.pl\/","name":"Deutsche Minderheit, Sozial-Kulturelle Gesellschaft der Deutschen im Oppelner Schlesien","description":"Deutsche Minderheit in Polen","potentialAction":[{"@type":"SearchAction","target":{"@type":"EntryPoint","urlTemplate":"https:\/\/skgd.pl\/?s={search_term_string}"},"query-input":"required name=search_term_string"}],"inLanguage":"de"},{"@type":"ImageObject","inLanguage":"de","@id":"https:\/\/skgd.pl\/en\/program-16-dni-kultury-niemieckiej-na-slasku-opolskim\/#primaryimage","url":"https:\/\/skgd.pl\/wp-content\/uploads\/2019\/09\/logo-DNI.jpg","contentUrl":"https:\/\/skgd.pl\/wp-content\/uploads\/2019\/09\/logo-DNI.jpg","width":1772,"height":1772},{"@type":"WebPage","@id":"https:\/\/skgd.pl\/en\/program-16-dni-kultury-niemieckiej-na-slasku-opolskim\/#webpage","url":"https:\/\/skgd.pl\/en\/program-16-dni-kultury-niemieckiej-na-slasku-opolskim\/","name":"Programm der 16. Deutschen Kulturtage im Oppelner Schlesien - Deutsche Minderheit, Sozial-Kulturelle Gesellschaft der Deutschen im Oppelner Schlesien","isPartOf":{"@id":"https:\/\/skgd.pl\/#website"},"primaryImageOfPage":{"@id":"https:\/\/skgd.pl\/en\/program-16-dni-kultury-niemieckiej-na-slasku-opolskim\/#primaryimage"},"datePublished":"2019-10-13T08:02:22+00:00","dateModified":"2019-10-15T11:01:14+00:00","author":{"@id":"https:\/\/skgd.pl\/#\/schema\/person\/0620fbcc0ddc3adae2d5dd9fdc163f03"},"breadcrumb":{"@id":"https:\/\/skgd.pl\/en\/program-16-dni-kultury-niemieckiej-na-slasku-opolskim\/#breadcrumb"},"inLanguage":"de","potentialAction":[{"@type":"ReadAction","target":["https:\/\/skgd.pl\/en\/program-16-dni-kultury-niemieckiej-na-slasku-opolskim\/"]}]},{"@type":"BreadcrumbList","@id":"https:\/\/skgd.pl\/en\/program-16-dni-kultury-niemieckiej-na-slasku-opolskim\/#breadcrumb","itemListElement":[{"@type":"ListItem","position":1,"name":"Strona g\u0142\u00f3wna","item":"https:\/\/skgd.pl\/"},{"@type":"ListItem","position":2,"name":"(Polski) Program 16. Dni Kultury Niemieckiej na \u015al\u0105sku Opolskim"}]},{"@type":"Person","@id":"https:\/\/skgd.pl\/#\/schema\/person\/0620fbcc0ddc3adae2d5dd9fdc163f03","name":"Joanna Hassa","image":{"@type":"ImageObject","inLanguage":"de","@id":"https:\/\/skgd.pl\/#\/schema\/person\/image\/","url":"https:\/\/secure.gravatar.com\/avatar\/e91991b37fe2db6d44fd302c843edfdc?s=96&d=mm&r=g","contentUrl":"https:\/\/secure.gravatar.com\/avatar\/e91991b37fe2db6d44fd302c843edfdc?s=96&d=mm&r=g","caption":"Joanna Hassa"},"url":"https:\/\/skgd.pl\/de\/author\/asia\/"}]}},"_links":{"self":[{"href":"https:\/\/skgd.pl\/de\/wp-json\/wp\/v2\/posts\/21940","targetHints":{"allow":["GET"]}}],"collection":[{"href":"https:\/\/skgd.pl\/de\/wp-json\/wp\/v2\/posts"}],"about":[{"href":"https:\/\/skgd.pl\/de\/wp-json\/wp\/v2\/types\/post"}],"author":[{"embeddable":true,"href":"https:\/\/skgd.pl\/de\/wp-json\/wp\/v2\/users\/2"}],"replies":[{"embeddable":true,"href":"https:\/\/skgd.pl\/de\/wp-json\/wp\/v2\/comments?post=21940"}],"version-history":[{"count":4,"href":"https:\/\/skgd.pl\/de\/wp-json\/wp\/v2\/posts\/21940\/revisions"}],"predecessor-version":[{"id":22101,"href":"https:\/\/skgd.pl\/de\/wp-json\/wp\/v2\/posts\/21940\/revisions\/22101"}],"wp:featuredmedia":[{"embeddable":true,"href":"https:\/\/skgd.pl\/de\/wp-json\/wp\/v2\/media\/21941"}],"wp:attachment":[{"href":"https:\/\/skgd.pl\/de\/wp-json\/wp\/v2\/media?parent=21940"}],"wp:term":[{"taxonomy":"category","embeddable":true,"href":"https:\/\/skgd.pl\/de\/wp-json\/wp\/v2\/categories?post=21940"},{"taxonomy":"post_tag","embeddable":true,"href":"https:\/\/skgd.pl\/de\/wp-json\/wp\/v2\/tags?post=21940"}],"curies":[{"name":"wp","href":"https:\/\/api.w.org\/{rel}","templated":true}]}}