{"id":21137,"date":"2019-06-27T13:46:20","date_gmt":"2019-06-27T11:46:20","guid":{"rendered":"http:\/\/skgd.pl\/?p=21137"},"modified":"2019-06-26T14:08:17","modified_gmt":"2019-06-26T12:08:17","slug":"schlesientreffen-w-hanowerze","status":"publish","type":"post","link":"https:\/\/skgd.pl\/de\/schlesientreffen-w-hanowerze\/","title":{"rendered":"Schlesientreffen in Hannover"},"content":{"rendered":"<p><\/p>\n<p style=\"text-align: justify;\">Am 14-16.06 fand ein Ausflug von 46 Mitgliedern der deutschen Minderheit aus Oppeln auf das Schlesientreffen in Hannover. W\u00e4hrend der Reise haben wir gesehen, wie viele Deutsche, die aus Schlesien kommen, immer noch eine starke Bindung an diese Gebiete haben. Frau Editha Westmann, Beauftragte des Landtages, erw\u00e4hnte, dass sie sich jedes Mal zu Hause f\u00fchle, wenn sie dorthin gefahren ist. Das Programm des Treffens bietete zahlreiche Vortr\u00e4ge \u00fcber die Geschichte Schlesiens, aber auch dar\u00fcber, womit Schlesien derzeit lebt. W\u00e4hrend des Schlesientreffens sind schlesische Tanzgruppen, Musikgruppen und Ch\u00f6re aufgetreten. Unsere Teilnehmer hatten auch die M\u00f6glichkeit sich individuell Hannover zu besichtigen.<\/p>\n<p>[envira-gallery id=&#8221;21139&#8243;]<\/p>","protected":false},"excerpt":{"rendered":"<p>Am 14-16.06 fand ein Ausflug von 46 Mitgliedern der deutschen Minderheit aus Oppeln auf das Schlesientreffen in Hannover. W\u00e4hrend der Reise haben wir gesehen, wie viele Deutsche, die aus Schlesien kommen, immer noch eine starke Bindung an diese Gebiete haben. Frau Editha Westmann, Beauftragte des Landtages, erw\u00e4hnte, dass sie sich jedes Mal zu Hause f\u00fchle, [&hellip;]<\/p>\n","protected":false},"author":2,"featured_media":21149,"comment_status":"closed","ping_status":"open","sticky":false,"template":"","format":"standard","meta":{"footnotes":""},"categories":[1],"tags":[],"class_list":["post-21137","post","type-post","status-publish","format-standard","has-post-thumbnail","hentry","category-aktualnosci"],"yoast_head":"<!-- This site is optimized with the Yoast SEO plugin v18.9 - https:\/\/yoast.com\/wordpress\/plugins\/seo\/ -->\n<title>Schlesientreffen in Hannover - Deutsche Minderheit, Sozial-Kulturelle Gesellschaft der Deutschen im Oppelner Schlesien<\/title>\n<meta name=\"robots\" content=\"index, follow, max-snippet:-1, max-image-preview:large, max-video-preview:-1\" \/>\n<link rel=\"canonical\" href=\"https:\/\/skgd.pl\/schlesientreffen-w-hanowerze\/\" \/>\n<meta property=\"og:locale\" content=\"de_DE\" \/>\n<meta property=\"og:type\" content=\"article\" \/>\n<meta property=\"og:title\" content=\"Schlesientreffen in Hannover - Deutsche Minderheit, Sozial-Kulturelle Gesellschaft der Deutschen im Oppelner Schlesien\" \/>\n<meta property=\"og:description\" content=\"Am 14-16.06 fand ein Ausflug von 46 Mitgliedern der deutschen Minderheit aus Oppeln auf das Schlesientreffen in Hannover. W\u00e4hrend der Reise haben wir gesehen, wie viele Deutsche, die aus Schlesien kommen, immer noch eine starke Bindung an diese Gebiete haben. Frau Editha Westmann, Beauftragte des Landtages, erw\u00e4hnte, dass sie sich jedes Mal zu Hause f\u00fchle, [&hellip;]\" \/>\n<meta property=\"og:url\" content=\"https:\/\/skgd.pl\/schlesientreffen-w-hanowerze\/\" \/>\n<meta property=\"og:site_name\" content=\"Deutsche Minderheit, Sozial-Kulturelle Gesellschaft der Deutschen im Oppelner Schlesien\" \/>\n<meta property=\"article:published_time\" content=\"2019-06-27T11:46:20+00:00\" \/>\n<meta property=\"article:modified_time\" content=\"2019-06-26T12:08:17+00:00\" \/>\n<meta property=\"og:image\" content=\"https:\/\/skgd.pl\/wp-content\/uploads\/2019\/06\/DSC_0063.jpg\" \/>\n\t<meta property=\"og:image:width\" content=\"1600\" \/>\n\t<meta property=\"og:image:height\" content=\"1060\" \/>\n\t<meta property=\"og:image:type\" content=\"image\/jpeg\" \/>\n<meta name=\"twitter:card\" content=\"summary_large_image\" \/>\n<meta name=\"twitter:label1\" content=\"Verfasst von\" \/>\n\t<meta name=\"twitter:data1\" content=\"Joanna Hassa\" \/>\n\t<meta name=\"twitter:label2\" content=\"Gesch\u00e4tzte Lesezeit\" \/>\n\t<meta name=\"twitter:data2\" content=\"1\u00a0Minute\" \/>\n<script type=\"application\/ld+json\" class=\"yoast-schema-graph\">{\"@context\":\"https:\/\/schema.org\",\"@graph\":[{\"@type\":\"WebSite\",\"@id\":\"https:\/\/skgd.pl\/#website\",\"url\":\"https:\/\/skgd.pl\/\",\"name\":\"Deutsche Minderheit, Sozial-Kulturelle Gesellschaft der Deutschen im Oppelner Schlesien\",\"description\":\"Deutsche Minderheit in Polen\",\"potentialAction\":[{\"@type\":\"SearchAction\",\"target\":{\"@type\":\"EntryPoint\",\"urlTemplate\":\"https:\/\/skgd.pl\/?s={search_term_string}\"},\"query-input\":\"required name=search_term_string\"}],\"inLanguage\":\"de\"},{\"@type\":\"ImageObject\",\"inLanguage\":\"de\",\"@id\":\"https:\/\/skgd.pl\/schlesientreffen-w-hanowerze\/#primaryimage\",\"url\":\"https:\/\/skgd.pl\/wp-content\/uploads\/2019\/06\/DSC_0063.jpg\",\"contentUrl\":\"https:\/\/skgd.pl\/wp-content\/uploads\/2019\/06\/DSC_0063.jpg\",\"width\":1600,\"height\":1060},{\"@type\":\"WebPage\",\"@id\":\"https:\/\/skgd.pl\/schlesientreffen-w-hanowerze\/#webpage\",\"url\":\"https:\/\/skgd.pl\/schlesientreffen-w-hanowerze\/\",\"name\":\"Schlesientreffen in Hannover - Deutsche Minderheit, Sozial-Kulturelle Gesellschaft der Deutschen im Oppelner Schlesien\",\"isPartOf\":{\"@id\":\"https:\/\/skgd.pl\/#website\"},\"primaryImageOfPage\":{\"@id\":\"https:\/\/skgd.pl\/schlesientreffen-w-hanowerze\/#primaryimage\"},\"datePublished\":\"2019-06-27T11:46:20+00:00\",\"dateModified\":\"2019-06-26T12:08:17+00:00\",\"author\":{\"@id\":\"https:\/\/skgd.pl\/#\/schema\/person\/0620fbcc0ddc3adae2d5dd9fdc163f03\"},\"breadcrumb\":{\"@id\":\"https:\/\/skgd.pl\/schlesientreffen-w-hanowerze\/#breadcrumb\"},\"inLanguage\":\"de\",\"potentialAction\":[{\"@type\":\"ReadAction\",\"target\":[\"https:\/\/skgd.pl\/schlesientreffen-w-hanowerze\/\"]}]},{\"@type\":\"BreadcrumbList\",\"@id\":\"https:\/\/skgd.pl\/schlesientreffen-w-hanowerze\/#breadcrumb\",\"itemListElement\":[{\"@type\":\"ListItem\",\"position\":1,\"name\":\"Strona g\u0142\u00f3wna\",\"item\":\"https:\/\/skgd.pl\/\"},{\"@type\":\"ListItem\",\"position\":2,\"name\":\"Schlesientreffen w Hanowerze\"}]},{\"@type\":\"Person\",\"@id\":\"https:\/\/skgd.pl\/#\/schema\/person\/0620fbcc0ddc3adae2d5dd9fdc163f03\",\"name\":\"Joanna Hassa\",\"image\":{\"@type\":\"ImageObject\",\"inLanguage\":\"de\",\"@id\":\"https:\/\/skgd.pl\/#\/schema\/person\/image\/\",\"url\":\"https:\/\/secure.gravatar.com\/avatar\/e91991b37fe2db6d44fd302c843edfdc?s=96&d=mm&r=g\",\"contentUrl\":\"https:\/\/secure.gravatar.com\/avatar\/e91991b37fe2db6d44fd302c843edfdc?s=96&d=mm&r=g\",\"caption\":\"Joanna Hassa\"},\"url\":\"https:\/\/skgd.pl\/de\/author\/asia\/\"}]}<\/script>\n<!-- \/ Yoast SEO plugin. -->","yoast_head_json":{"title":"Schlesientreffen in Hannover - Deutsche Minderheit, Sozial-Kulturelle Gesellschaft der Deutschen im Oppelner Schlesien","robots":{"index":"index","follow":"follow","max-snippet":"max-snippet:-1","max-image-preview":"max-image-preview:large","max-video-preview":"max-video-preview:-1"},"canonical":"https:\/\/skgd.pl\/schlesientreffen-w-hanowerze\/","og_locale":"de_DE","og_type":"article","og_title":"Schlesientreffen in Hannover - Deutsche Minderheit, Sozial-Kulturelle Gesellschaft der Deutschen im Oppelner Schlesien","og_description":"Am 14-16.06 fand ein Ausflug von 46 Mitgliedern der deutschen Minderheit aus Oppeln auf das Schlesientreffen in Hannover. W\u00e4hrend der Reise haben wir gesehen, wie viele Deutsche, die aus Schlesien kommen, immer noch eine starke Bindung an diese Gebiete haben. Frau Editha Westmann, Beauftragte des Landtages, erw\u00e4hnte, dass sie sich jedes Mal zu Hause f\u00fchle, [&hellip;]","og_url":"https:\/\/skgd.pl\/schlesientreffen-w-hanowerze\/","og_site_name":"Deutsche Minderheit, Sozial-Kulturelle Gesellschaft der Deutschen im Oppelner Schlesien","article_published_time":"2019-06-27T11:46:20+00:00","article_modified_time":"2019-06-26T12:08:17+00:00","og_image":[{"width":1600,"height":1060,"url":"https:\/\/skgd.pl\/wp-content\/uploads\/2019\/06\/DSC_0063.jpg","type":"image\/jpeg"}],"twitter_card":"summary_large_image","twitter_misc":{"Verfasst von":"Joanna Hassa","Gesch\u00e4tzte Lesezeit":"1\u00a0Minute"},"schema":{"@context":"https:\/\/schema.org","@graph":[{"@type":"WebSite","@id":"https:\/\/skgd.pl\/#website","url":"https:\/\/skgd.pl\/","name":"Deutsche Minderheit, Sozial-Kulturelle Gesellschaft der Deutschen im Oppelner Schlesien","description":"Deutsche Minderheit in Polen","potentialAction":[{"@type":"SearchAction","target":{"@type":"EntryPoint","urlTemplate":"https:\/\/skgd.pl\/?s={search_term_string}"},"query-input":"required name=search_term_string"}],"inLanguage":"de"},{"@type":"ImageObject","inLanguage":"de","@id":"https:\/\/skgd.pl\/schlesientreffen-w-hanowerze\/#primaryimage","url":"https:\/\/skgd.pl\/wp-content\/uploads\/2019\/06\/DSC_0063.jpg","contentUrl":"https:\/\/skgd.pl\/wp-content\/uploads\/2019\/06\/DSC_0063.jpg","width":1600,"height":1060},{"@type":"WebPage","@id":"https:\/\/skgd.pl\/schlesientreffen-w-hanowerze\/#webpage","url":"https:\/\/skgd.pl\/schlesientreffen-w-hanowerze\/","name":"Schlesientreffen in Hannover - Deutsche Minderheit, Sozial-Kulturelle Gesellschaft der Deutschen im Oppelner Schlesien","isPartOf":{"@id":"https:\/\/skgd.pl\/#website"},"primaryImageOfPage":{"@id":"https:\/\/skgd.pl\/schlesientreffen-w-hanowerze\/#primaryimage"},"datePublished":"2019-06-27T11:46:20+00:00","dateModified":"2019-06-26T12:08:17+00:00","author":{"@id":"https:\/\/skgd.pl\/#\/schema\/person\/0620fbcc0ddc3adae2d5dd9fdc163f03"},"breadcrumb":{"@id":"https:\/\/skgd.pl\/schlesientreffen-w-hanowerze\/#breadcrumb"},"inLanguage":"de","potentialAction":[{"@type":"ReadAction","target":["https:\/\/skgd.pl\/schlesientreffen-w-hanowerze\/"]}]},{"@type":"BreadcrumbList","@id":"https:\/\/skgd.pl\/schlesientreffen-w-hanowerze\/#breadcrumb","itemListElement":[{"@type":"ListItem","position":1,"name":"Strona g\u0142\u00f3wna","item":"https:\/\/skgd.pl\/"},{"@type":"ListItem","position":2,"name":"Schlesientreffen w Hanowerze"}]},{"@type":"Person","@id":"https:\/\/skgd.pl\/#\/schema\/person\/0620fbcc0ddc3adae2d5dd9fdc163f03","name":"Joanna Hassa","image":{"@type":"ImageObject","inLanguage":"de","@id":"https:\/\/skgd.pl\/#\/schema\/person\/image\/","url":"https:\/\/secure.gravatar.com\/avatar\/e91991b37fe2db6d44fd302c843edfdc?s=96&d=mm&r=g","contentUrl":"https:\/\/secure.gravatar.com\/avatar\/e91991b37fe2db6d44fd302c843edfdc?s=96&d=mm&r=g","caption":"Joanna Hassa"},"url":"https:\/\/skgd.pl\/de\/author\/asia\/"}]}},"_links":{"self":[{"href":"https:\/\/skgd.pl\/de\/wp-json\/wp\/v2\/posts\/21137","targetHints":{"allow":["GET"]}}],"collection":[{"href":"https:\/\/skgd.pl\/de\/wp-json\/wp\/v2\/posts"}],"about":[{"href":"https:\/\/skgd.pl\/de\/wp-json\/wp\/v2\/types\/post"}],"author":[{"embeddable":true,"href":"https:\/\/skgd.pl\/de\/wp-json\/wp\/v2\/users\/2"}],"replies":[{"embeddable":true,"href":"https:\/\/skgd.pl\/de\/wp-json\/wp\/v2\/comments?post=21137"}],"version-history":[{"count":3,"href":"https:\/\/skgd.pl\/de\/wp-json\/wp\/v2\/posts\/21137\/revisions"}],"predecessor-version":[{"id":21151,"href":"https:\/\/skgd.pl\/de\/wp-json\/wp\/v2\/posts\/21137\/revisions\/21151"}],"wp:featuredmedia":[{"embeddable":true,"href":"https:\/\/skgd.pl\/de\/wp-json\/wp\/v2\/media\/21149"}],"wp:attachment":[{"href":"https:\/\/skgd.pl\/de\/wp-json\/wp\/v2\/media?parent=21137"}],"wp:term":[{"taxonomy":"category","embeddable":true,"href":"https:\/\/skgd.pl\/de\/wp-json\/wp\/v2\/categories?post=21137"},{"taxonomy":"post_tag","embeddable":true,"href":"https:\/\/skgd.pl\/de\/wp-json\/wp\/v2\/tags?post=21137"}],"curies":[{"name":"wp","href":"https:\/\/api.w.org\/{rel}","templated":true}]}}