{"id":19623,"date":"2019-01-22T23:42:20","date_gmt":"2019-01-22T22:42:20","guid":{"rendered":"http:\/\/skgd.pl\/?p=19623"},"modified":"2019-01-23T13:05:20","modified_gmt":"2019-01-23T12:05:20","slug":"konsul-niemiec-we-wroclawiu-z-wizyta-w-opolu","status":"publish","type":"post","link":"https:\/\/skgd.pl\/de\/konsul-niemiec-we-wroclawiu-z-wizyta-w-opolu\/","title":{"rendered":"Deutscher Konsul in Breslau besucht Oppeln"},"content":{"rendered":"<p><\/p>\n<blockquote>\n<p style=\"text-align: justify;\">Heute (22.01.2019) hat der deutsche Konsul in Breslau, Herr Hans-J\u00f6rg Neumann, Oppeln besucht. Der Konsul traf sich mit den Beh\u00f6rden der Woiwodschaft Oppeln. Der Vorsitzende des Oppelner Regionalparlaments Rafa\u0142 Bartek sprach mit ihm unter anderem \u00fcber die bisherigen Erfahrungen der deutsch-polnischen Zusammenarbeit sowie \u00fcber Themen, die weitere gegenseitige Beziehungen st\u00e4rken sollen.<\/p>\n<\/blockquote>\n<p><img loading=\"lazy\" decoding=\"async\" class=\"alignnone size-medium wp-image-19624\" src=\"https:\/\/skgd.pl\/wp-content\/uploads\/2019\/01\/rb-300x200.jpg\" alt=\"\" width=\"300\" height=\"200\" srcset=\"https:\/\/skgd.pl\/wp-content\/uploads\/2019\/01\/rb-300x200.jpg 300w, https:\/\/skgd.pl\/wp-content\/uploads\/2019\/01\/rb-600x400.jpg 600w, https:\/\/skgd.pl\/wp-content\/uploads\/2019\/01\/rb-768x512.jpg 768w, https:\/\/skgd.pl\/wp-content\/uploads\/2019\/01\/rb-1024x683.jpg 1024w, https:\/\/skgd.pl\/wp-content\/uploads\/2019\/01\/rb-800x533.jpg 800w, https:\/\/skgd.pl\/wp-content\/uploads\/2019\/01\/rb.jpg 2048w\" sizes=\"auto, (max-width: 300px) 100vw, 300px\" \/>&nbsp; &nbsp;&nbsp;<img loading=\"lazy\" decoding=\"async\" class=\"alignnone size-medium wp-image-19626\" src=\"https:\/\/skgd.pl\/wp-content\/uploads\/2019\/01\/rb4-300x200.jpg\" alt=\"\" width=\"300\" height=\"200\" srcset=\"https:\/\/skgd.pl\/wp-content\/uploads\/2019\/01\/rb4-300x200.jpg 300w, https:\/\/skgd.pl\/wp-content\/uploads\/2019\/01\/rb4-600x400.jpg 600w, https:\/\/skgd.pl\/wp-content\/uploads\/2019\/01\/rb4-768x512.jpg 768w, https:\/\/skgd.pl\/wp-content\/uploads\/2019\/01\/rb4-1024x683.jpg 1024w, https:\/\/skgd.pl\/wp-content\/uploads\/2019\/01\/rb4-800x533.jpg 800w, https:\/\/skgd.pl\/wp-content\/uploads\/2019\/01\/rb4.jpg 2048w\" sizes=\"auto, (max-width: 300px) 100vw, 300px\" \/>&nbsp; &nbsp;&nbsp;<img loading=\"lazy\" decoding=\"async\" class=\"alignnone size-medium wp-image-19627\" src=\"https:\/\/skgd.pl\/wp-content\/uploads\/2019\/01\/rb5-300x200.jpg\" alt=\"\" width=\"300\" height=\"200\" srcset=\"https:\/\/skgd.pl\/wp-content\/uploads\/2019\/01\/rb5-300x200.jpg 300w, https:\/\/skgd.pl\/wp-content\/uploads\/2019\/01\/rb5-600x400.jpg 600w, https:\/\/skgd.pl\/wp-content\/uploads\/2019\/01\/rb5-768x512.jpg 768w, https:\/\/skgd.pl\/wp-content\/uploads\/2019\/01\/rb5-1024x683.jpg 1024w, https:\/\/skgd.pl\/wp-content\/uploads\/2019\/01\/rb5-800x533.jpg 800w, https:\/\/skgd.pl\/wp-content\/uploads\/2019\/01\/rb5.jpg 2048w\" sizes=\"auto, (max-width: 300px) 100vw, 300px\" \/><\/p>","protected":false},"excerpt":{"rendered":"<p>Heute (22.01.2019) hat der deutsche Konsul in Breslau, Herr Hans-J\u00f6rg Neumann, Oppeln besucht. Der Konsul traf sich mit den Beh\u00f6rden der Woiwodschaft Oppeln. Der Vorsitzende des Oppelner Regionalparlaments Rafa\u0142 Bartek sprach mit ihm unter anderem \u00fcber die bisherigen Erfahrungen der deutsch-polnischen Zusammenarbeit sowie \u00fcber Themen, die weitere gegenseitige Beziehungen st\u00e4rken sollen. &nbsp; &nbsp;&nbsp;&nbsp; &nbsp;&nbsp;<\/p>\n","protected":false},"author":2,"featured_media":19625,"comment_status":"closed","ping_status":"open","sticky":false,"template":"","format":"standard","meta":{"footnotes":""},"categories":[1],"tags":[],"class_list":["post-19623","post","type-post","status-publish","format-standard","has-post-thumbnail","hentry","category-aktualnosci"],"yoast_head":"<!-- This site is optimized with the Yoast SEO plugin v18.9 - https:\/\/yoast.com\/wordpress\/plugins\/seo\/ -->\n<title>Deutscher Konsul in Breslau besucht Oppeln - Deutsche Minderheit, Sozial-Kulturelle Gesellschaft der Deutschen im Oppelner Schlesien<\/title>\n<meta name=\"robots\" content=\"index, follow, max-snippet:-1, max-image-preview:large, max-video-preview:-1\" \/>\n<link rel=\"canonical\" href=\"https:\/\/skgd.pl\/konsul-niemiec-we-wroclawiu-z-wizyta-w-opolu\/\" \/>\n<meta property=\"og:locale\" content=\"de_DE\" \/>\n<meta property=\"og:type\" content=\"article\" \/>\n<meta property=\"og:title\" content=\"Deutscher Konsul in Breslau besucht Oppeln - Deutsche Minderheit, Sozial-Kulturelle Gesellschaft der Deutschen im Oppelner Schlesien\" \/>\n<meta property=\"og:description\" content=\"Heute (22.01.2019) hat der deutsche Konsul in Breslau, Herr Hans-J\u00f6rg Neumann, Oppeln besucht. Der Konsul traf sich mit den Beh\u00f6rden der Woiwodschaft Oppeln. Der Vorsitzende des Oppelner Regionalparlaments Rafa\u0142 Bartek sprach mit ihm unter anderem \u00fcber die bisherigen Erfahrungen der deutsch-polnischen Zusammenarbeit sowie \u00fcber Themen, die weitere gegenseitige Beziehungen st\u00e4rken sollen. &nbsp; &nbsp;&nbsp;&nbsp; &nbsp;&nbsp;\" \/>\n<meta property=\"og:url\" content=\"https:\/\/skgd.pl\/konsul-niemiec-we-wroclawiu-z-wizyta-w-opolu\/\" \/>\n<meta property=\"og:site_name\" content=\"Deutsche Minderheit, Sozial-Kulturelle Gesellschaft der Deutschen im Oppelner Schlesien\" \/>\n<meta property=\"article:published_time\" content=\"2019-01-22T22:42:20+00:00\" \/>\n<meta property=\"article:modified_time\" content=\"2019-01-23T12:05:20+00:00\" \/>\n<meta property=\"og:image\" content=\"https:\/\/skgd.pl\/wp-content\/uploads\/2019\/01\/rb3.jpg\" \/>\n\t<meta property=\"og:image:width\" content=\"2048\" \/>\n\t<meta property=\"og:image:height\" content=\"1365\" \/>\n\t<meta property=\"og:image:type\" content=\"image\/jpeg\" \/>\n<meta name=\"twitter:card\" content=\"summary_large_image\" \/>\n<meta name=\"twitter:label1\" content=\"Verfasst von\" \/>\n\t<meta name=\"twitter:data1\" content=\"Joanna Hassa\" \/>\n\t<meta name=\"twitter:label2\" content=\"Gesch\u00e4tzte Lesezeit\" \/>\n\t<meta name=\"twitter:data2\" content=\"1\u00a0Minute\" \/>\n<script type=\"application\/ld+json\" class=\"yoast-schema-graph\">{\"@context\":\"https:\/\/schema.org\",\"@graph\":[{\"@type\":\"WebSite\",\"@id\":\"https:\/\/skgd.pl\/#website\",\"url\":\"https:\/\/skgd.pl\/\",\"name\":\"Deutsche Minderheit, Sozial-Kulturelle Gesellschaft der Deutschen im Oppelner Schlesien\",\"description\":\"Deutsche Minderheit in Polen\",\"potentialAction\":[{\"@type\":\"SearchAction\",\"target\":{\"@type\":\"EntryPoint\",\"urlTemplate\":\"https:\/\/skgd.pl\/?s={search_term_string}\"},\"query-input\":\"required name=search_term_string\"}],\"inLanguage\":\"de\"},{\"@type\":\"ImageObject\",\"inLanguage\":\"de\",\"@id\":\"https:\/\/skgd.pl\/konsul-niemiec-we-wroclawiu-z-wizyta-w-opolu\/#primaryimage\",\"url\":\"https:\/\/skgd.pl\/wp-content\/uploads\/2019\/01\/rb3.jpg\",\"contentUrl\":\"https:\/\/skgd.pl\/wp-content\/uploads\/2019\/01\/rb3.jpg\",\"width\":2048,\"height\":1365},{\"@type\":\"WebPage\",\"@id\":\"https:\/\/skgd.pl\/konsul-niemiec-we-wroclawiu-z-wizyta-w-opolu\/#webpage\",\"url\":\"https:\/\/skgd.pl\/konsul-niemiec-we-wroclawiu-z-wizyta-w-opolu\/\",\"name\":\"Deutscher Konsul in Breslau besucht Oppeln - Deutsche Minderheit, Sozial-Kulturelle Gesellschaft der Deutschen im Oppelner Schlesien\",\"isPartOf\":{\"@id\":\"https:\/\/skgd.pl\/#website\"},\"primaryImageOfPage\":{\"@id\":\"https:\/\/skgd.pl\/konsul-niemiec-we-wroclawiu-z-wizyta-w-opolu\/#primaryimage\"},\"datePublished\":\"2019-01-22T22:42:20+00:00\",\"dateModified\":\"2019-01-23T12:05:20+00:00\",\"author\":{\"@id\":\"https:\/\/skgd.pl\/#\/schema\/person\/0620fbcc0ddc3adae2d5dd9fdc163f03\"},\"breadcrumb\":{\"@id\":\"https:\/\/skgd.pl\/konsul-niemiec-we-wroclawiu-z-wizyta-w-opolu\/#breadcrumb\"},\"inLanguage\":\"de\",\"potentialAction\":[{\"@type\":\"ReadAction\",\"target\":[\"https:\/\/skgd.pl\/konsul-niemiec-we-wroclawiu-z-wizyta-w-opolu\/\"]}]},{\"@type\":\"BreadcrumbList\",\"@id\":\"https:\/\/skgd.pl\/konsul-niemiec-we-wroclawiu-z-wizyta-w-opolu\/#breadcrumb\",\"itemListElement\":[{\"@type\":\"ListItem\",\"position\":1,\"name\":\"Strona g\u0142\u00f3wna\",\"item\":\"https:\/\/skgd.pl\/\"},{\"@type\":\"ListItem\",\"position\":2,\"name\":\"Konsul Niemiec we Wroc\u0142awiu z wizyt\u0105 w Opolu\"}]},{\"@type\":\"Person\",\"@id\":\"https:\/\/skgd.pl\/#\/schema\/person\/0620fbcc0ddc3adae2d5dd9fdc163f03\",\"name\":\"Joanna Hassa\",\"image\":{\"@type\":\"ImageObject\",\"inLanguage\":\"de\",\"@id\":\"https:\/\/skgd.pl\/#\/schema\/person\/image\/\",\"url\":\"https:\/\/secure.gravatar.com\/avatar\/e91991b37fe2db6d44fd302c843edfdc?s=96&d=mm&r=g\",\"contentUrl\":\"https:\/\/secure.gravatar.com\/avatar\/e91991b37fe2db6d44fd302c843edfdc?s=96&d=mm&r=g\",\"caption\":\"Joanna Hassa\"},\"url\":\"https:\/\/skgd.pl\/de\/author\/asia\/\"}]}<\/script>\n<!-- \/ Yoast SEO plugin. -->","yoast_head_json":{"title":"Deutscher Konsul in Breslau besucht Oppeln - Deutsche Minderheit, Sozial-Kulturelle Gesellschaft der Deutschen im Oppelner Schlesien","robots":{"index":"index","follow":"follow","max-snippet":"max-snippet:-1","max-image-preview":"max-image-preview:large","max-video-preview":"max-video-preview:-1"},"canonical":"https:\/\/skgd.pl\/konsul-niemiec-we-wroclawiu-z-wizyta-w-opolu\/","og_locale":"de_DE","og_type":"article","og_title":"Deutscher Konsul in Breslau besucht Oppeln - Deutsche Minderheit, Sozial-Kulturelle Gesellschaft der Deutschen im Oppelner Schlesien","og_description":"Heute (22.01.2019) hat der deutsche Konsul in Breslau, Herr Hans-J\u00f6rg Neumann, Oppeln besucht. Der Konsul traf sich mit den Beh\u00f6rden der Woiwodschaft Oppeln. Der Vorsitzende des Oppelner Regionalparlaments Rafa\u0142 Bartek sprach mit ihm unter anderem \u00fcber die bisherigen Erfahrungen der deutsch-polnischen Zusammenarbeit sowie \u00fcber Themen, die weitere gegenseitige Beziehungen st\u00e4rken sollen. &nbsp; &nbsp;&nbsp;&nbsp; &nbsp;&nbsp;","og_url":"https:\/\/skgd.pl\/konsul-niemiec-we-wroclawiu-z-wizyta-w-opolu\/","og_site_name":"Deutsche Minderheit, Sozial-Kulturelle Gesellschaft der Deutschen im Oppelner Schlesien","article_published_time":"2019-01-22T22:42:20+00:00","article_modified_time":"2019-01-23T12:05:20+00:00","og_image":[{"width":2048,"height":1365,"url":"https:\/\/skgd.pl\/wp-content\/uploads\/2019\/01\/rb3.jpg","type":"image\/jpeg"}],"twitter_card":"summary_large_image","twitter_misc":{"Verfasst von":"Joanna Hassa","Gesch\u00e4tzte Lesezeit":"1\u00a0Minute"},"schema":{"@context":"https:\/\/schema.org","@graph":[{"@type":"WebSite","@id":"https:\/\/skgd.pl\/#website","url":"https:\/\/skgd.pl\/","name":"Deutsche Minderheit, Sozial-Kulturelle Gesellschaft der Deutschen im Oppelner Schlesien","description":"Deutsche Minderheit in Polen","potentialAction":[{"@type":"SearchAction","target":{"@type":"EntryPoint","urlTemplate":"https:\/\/skgd.pl\/?s={search_term_string}"},"query-input":"required name=search_term_string"}],"inLanguage":"de"},{"@type":"ImageObject","inLanguage":"de","@id":"https:\/\/skgd.pl\/konsul-niemiec-we-wroclawiu-z-wizyta-w-opolu\/#primaryimage","url":"https:\/\/skgd.pl\/wp-content\/uploads\/2019\/01\/rb3.jpg","contentUrl":"https:\/\/skgd.pl\/wp-content\/uploads\/2019\/01\/rb3.jpg","width":2048,"height":1365},{"@type":"WebPage","@id":"https:\/\/skgd.pl\/konsul-niemiec-we-wroclawiu-z-wizyta-w-opolu\/#webpage","url":"https:\/\/skgd.pl\/konsul-niemiec-we-wroclawiu-z-wizyta-w-opolu\/","name":"Deutscher Konsul in Breslau besucht Oppeln - Deutsche Minderheit, Sozial-Kulturelle Gesellschaft der Deutschen im Oppelner Schlesien","isPartOf":{"@id":"https:\/\/skgd.pl\/#website"},"primaryImageOfPage":{"@id":"https:\/\/skgd.pl\/konsul-niemiec-we-wroclawiu-z-wizyta-w-opolu\/#primaryimage"},"datePublished":"2019-01-22T22:42:20+00:00","dateModified":"2019-01-23T12:05:20+00:00","author":{"@id":"https:\/\/skgd.pl\/#\/schema\/person\/0620fbcc0ddc3adae2d5dd9fdc163f03"},"breadcrumb":{"@id":"https:\/\/skgd.pl\/konsul-niemiec-we-wroclawiu-z-wizyta-w-opolu\/#breadcrumb"},"inLanguage":"de","potentialAction":[{"@type":"ReadAction","target":["https:\/\/skgd.pl\/konsul-niemiec-we-wroclawiu-z-wizyta-w-opolu\/"]}]},{"@type":"BreadcrumbList","@id":"https:\/\/skgd.pl\/konsul-niemiec-we-wroclawiu-z-wizyta-w-opolu\/#breadcrumb","itemListElement":[{"@type":"ListItem","position":1,"name":"Strona g\u0142\u00f3wna","item":"https:\/\/skgd.pl\/"},{"@type":"ListItem","position":2,"name":"Konsul Niemiec we Wroc\u0142awiu z wizyt\u0105 w Opolu"}]},{"@type":"Person","@id":"https:\/\/skgd.pl\/#\/schema\/person\/0620fbcc0ddc3adae2d5dd9fdc163f03","name":"Joanna Hassa","image":{"@type":"ImageObject","inLanguage":"de","@id":"https:\/\/skgd.pl\/#\/schema\/person\/image\/","url":"https:\/\/secure.gravatar.com\/avatar\/e91991b37fe2db6d44fd302c843edfdc?s=96&d=mm&r=g","contentUrl":"https:\/\/secure.gravatar.com\/avatar\/e91991b37fe2db6d44fd302c843edfdc?s=96&d=mm&r=g","caption":"Joanna Hassa"},"url":"https:\/\/skgd.pl\/de\/author\/asia\/"}]}},"_links":{"self":[{"href":"https:\/\/skgd.pl\/de\/wp-json\/wp\/v2\/posts\/19623","targetHints":{"allow":["GET"]}}],"collection":[{"href":"https:\/\/skgd.pl\/de\/wp-json\/wp\/v2\/posts"}],"about":[{"href":"https:\/\/skgd.pl\/de\/wp-json\/wp\/v2\/types\/post"}],"author":[{"embeddable":true,"href":"https:\/\/skgd.pl\/de\/wp-json\/wp\/v2\/users\/2"}],"replies":[{"embeddable":true,"href":"https:\/\/skgd.pl\/de\/wp-json\/wp\/v2\/comments?post=19623"}],"version-history":[{"count":2,"href":"https:\/\/skgd.pl\/de\/wp-json\/wp\/v2\/posts\/19623\/revisions"}],"predecessor-version":[{"id":19629,"href":"https:\/\/skgd.pl\/de\/wp-json\/wp\/v2\/posts\/19623\/revisions\/19629"}],"wp:featuredmedia":[{"embeddable":true,"href":"https:\/\/skgd.pl\/de\/wp-json\/wp\/v2\/media\/19625"}],"wp:attachment":[{"href":"https:\/\/skgd.pl\/de\/wp-json\/wp\/v2\/media?parent=19623"}],"wp:term":[{"taxonomy":"category","embeddable":true,"href":"https:\/\/skgd.pl\/de\/wp-json\/wp\/v2\/categories?post=19623"},{"taxonomy":"post_tag","embeddable":true,"href":"https:\/\/skgd.pl\/de\/wp-json\/wp\/v2\/tags?post=19623"}],"curies":[{"name":"wp","href":"https:\/\/api.w.org\/{rel}","templated":true}]}}