{"id":16883,"date":"2018-01-26T00:11:29","date_gmt":"2018-01-25T23:11:29","guid":{"rendered":"http:\/\/skgd.pl\/?p=16883"},"modified":"2018-01-26T00:29:09","modified_gmt":"2018-01-25T23:29:09","slug":"iii-spotkanie-srodowisk-tworczych-i-sportowych-mniejszosci-niemieckiej","status":"publish","type":"post","link":"https:\/\/skgd.pl\/de\/iii-spotkanie-srodowisk-tworczych-i-sportowych-mniejszosci-niemieckiej\/","title":{"rendered":"3. Treffen der Kulturschaffenden und Sportfreunde"},"content":{"rendered":"<p><\/p>\n<p style=\"text-align: justify;\"><strong>Zum dritten Mal hat die Sozial-Kulturelle Gesellschaft der Deutschen im Oppelner Schlesien ein Treffen der Kulturschaffenden&nbsp;und Sportfreunde der deutschen Minderheit organisiert. Das Treffen fand am 22. Januar 2018 im Kulturhaus im Oberglogau statt und versamelte ca.&nbsp;100 Teilnehmer -K\u00fcnstler, junge K\u00fcnstler, Lehrer, Sportler \u2013 aus der Woiwodschaft Opole.<\/strong><\/p>\n<p style=\"text-align: justify;\">Der Vorsitzender der SKGD \u2013 Rafa\u0142 Bartek hat die Anwesenden motiviert:&nbsp;<em>&#8220;Setzten Sie Ihre tolle Arbeit fort. Lassen sie sich dabei von der Politik und von den Medien nicht beirren, denn wir wissen am besten wie wichtig es ist unser Erbe zu bewahren. Solche Projekte wie die Filmproduktion \u201eGruss aus Oppeln\u201c die sehr positiv aufgenommen wurde, zeigt dass die Menschen Interesse an dem Deutschen Erbe der Region haben. Denken sie daran und machen sie weiter so!&#8221;<\/em><\/p>\n<p style=\"text-align: justify;\">Neben der Rede von Vorsitzenden der SKGD, VDG-Pr\u00e4sidenten Bernard Gaida und Konsulin der Bundesrepublik Deutschland in Oppeln Frau Sabine Haake, hat auch ein junger Aktivist der deutschen Minderheit Tomasz Cuber gesprochen, der im Alltag Lektor der Deutschen Sprache und DJ ist, der in den letzten 3 Monaten als Kulturassisten bei DFK Oppeln-Zentrum bei der Filmproduktion &#8220;Gruss aus Oppeln&#8221; t\u00e4tig war, der aber auch die Gruppe Kein Plan im Projekt Jugendbox leitet.&nbsp; Tomasz Cuber betonte:<span>&nbsp;<\/span><em>\u201cIch wollte alle Kulturschaffenden und Sportfreunde ermutigen, an deutschen bzw. zweisprachigen Projekten teilzunehmen, denn diese Form von Popularisierung der Sprache und Kultur, kommt bei allen gut an, von jung bis alt, und wiederspiegelt die einzigartige Vielfalt unserer Region.&#8221;<\/em><\/p>\n<p style=\"text-align: justify;\">Auf der B\u00fchne traten mit einer fantastischen Vorstellung in der deutschen Sprache &#8220;Alt,&nbsp;\u00e4lter am j\u00fcngsten&#8221; die Jugendlichen der Gruppe &#8220;Kein Plan&#8221; auf.&nbsp; Die Jugendlichen begeisterten das Publikum mit Ihren Schauspielk\u00fcnsten und grossen Humor.&nbsp;<\/p>\n<p style=\"text-align: justify;\">Die Sozial-Kulturelle Gesellschaft der Deutschen im Oppelner Schlesien (SKGD) f\u00fchrt&nbsp; seit 27 Jahren erfolgreich die T\u00e4tigkeit, vor allem die kulturelle T\u00e4tigkeit, &nbsp;in der Woiwodschaft Oppeln.&nbsp; Dank einer Reihe von Projekten und Veranstaltungen auf regionaler und lokaler Ebene pflegt und entwickelt die SKGD die kulturelle Identit\u00e4t der Mitglieder der deutschen Minderheit. Seit mehr als 20 Jahren wird der Rezitationswettbewerb \u201c<em>Jugend tr\u00e4gt&nbsp;Gedichte vor<\/em>\u201d organisiert, es wird auch ein literarischer Wettbewerb durchgef\u00fchrt \u201c<em>In der Sprache des Herzens<\/em>\u201c, wie auch an der Wende vom Oktober und November Deutsche Kulturtage im Oppelner Schlesien. Die Gesellschaft unterst\u00fctzt ca. 60 Kulturgruppen, S\u00e4nger oder Duette. Im Jahr 2015 TSKN erweiterte auch seine sportliche Aktivit\u00e4ten \u2013 durch die Miro Deutschen Fussballschulen, die erfolgreich durchgef\u00fchrt werden &nbsp;und derzeit in 13 D\u00f6rfer der Woiwodschaft vorkommen. Die Gesellschaft realisiert auch viele neue Projekte wie den Dokumentarfilm &#8220;Gruss aus Oppeln&#8221; oder gibt Publikationen aus wie &#8220;Ber\u00fchmte Deutsche aus Schlesien&#8221;.<\/p>\n<p style=\"text-align: justify;\">[envira-gallery id=&#8221;16869&#8243;]<\/p>\n<p><\/p>","protected":false},"excerpt":{"rendered":"<p>Zum dritten Mal hat die Sozial-Kulturelle Gesellschaft der Deutschen im Oppelner Schlesien ein Treffen der Kulturschaffenden&nbsp;und Sportfreunde der deutschen Minderheit organisiert. Das Treffen fand am 22. Januar 2018 im Kulturhaus im Oberglogau statt und versamelte ca.&nbsp;100 Teilnehmer -K\u00fcnstler, junge K\u00fcnstler, Lehrer, Sportler \u2013 aus der Woiwodschaft Opole. Der Vorsitzender der SKGD \u2013 Rafa\u0142 Bartek hat [&hellip;]<\/p>\n","protected":false},"author":2,"featured_media":16879,"comment_status":"closed","ping_status":"open","sticky":false,"template":"","format":"standard","meta":{"footnotes":""},"categories":[1,450],"tags":[],"class_list":["post-16883","post","type-post","status-publish","format-standard","has-post-thumbnail","hentry","category-aktualnosci","category-biuro-prasowe"],"yoast_head":"<!-- This site is optimized with the Yoast SEO plugin v18.9 - https:\/\/yoast.com\/wordpress\/plugins\/seo\/ -->\n<title>3. Treffen der Kulturschaffenden und Sportfreunde - Deutsche Minderheit, Sozial-Kulturelle Gesellschaft der Deutschen im Oppelner Schlesien<\/title>\n<meta name=\"robots\" content=\"index, follow, max-snippet:-1, max-image-preview:large, max-video-preview:-1\" \/>\n<link rel=\"canonical\" href=\"https:\/\/skgd.pl\/de\/iii-spotkanie-srodowisk-tworczych-i-sportowych-mniejszosci-niemieckiej\/\" \/>\n<meta property=\"og:locale\" content=\"de_DE\" \/>\n<meta property=\"og:type\" content=\"article\" \/>\n<meta property=\"og:title\" content=\"3. Treffen der Kulturschaffenden und Sportfreunde - Deutsche Minderheit, Sozial-Kulturelle Gesellschaft der Deutschen im Oppelner Schlesien\" \/>\n<meta property=\"og:description\" content=\"Zum dritten Mal hat die Sozial-Kulturelle Gesellschaft der Deutschen im Oppelner Schlesien ein Treffen der Kulturschaffenden&nbsp;und Sportfreunde der deutschen Minderheit organisiert. Das Treffen fand am 22. Januar 2018 im Kulturhaus im Oberglogau statt und versamelte ca.&nbsp;100 Teilnehmer -K\u00fcnstler, junge K\u00fcnstler, Lehrer, Sportler \u2013 aus der Woiwodschaft Opole. Der Vorsitzender der SKGD \u2013 Rafa\u0142 Bartek hat [&hellip;]\" \/>\n<meta property=\"og:url\" content=\"https:\/\/skgd.pl\/de\/iii-spotkanie-srodowisk-tworczych-i-sportowych-mniejszosci-niemieckiej\/\" \/>\n<meta property=\"og:site_name\" content=\"Deutsche Minderheit, Sozial-Kulturelle Gesellschaft der Deutschen im Oppelner Schlesien\" \/>\n<meta property=\"article:published_time\" content=\"2018-01-25T23:11:29+00:00\" \/>\n<meta property=\"article:modified_time\" content=\"2018-01-25T23:29:09+00:00\" \/>\n<meta property=\"og:image\" content=\"https:\/\/skgd.pl\/wp-content\/uploads\/2018\/01\/MG_9614.jpg\" \/>\n\t<meta property=\"og:image:width\" content=\"3600\" \/>\n\t<meta property=\"og:image:height\" content=\"2400\" \/>\n\t<meta property=\"og:image:type\" content=\"image\/jpeg\" \/>\n<meta name=\"twitter:card\" content=\"summary_large_image\" \/>\n<meta name=\"twitter:label1\" content=\"Verfasst von\" \/>\n\t<meta name=\"twitter:data1\" content=\"Joanna Hassa\" \/>\n\t<meta name=\"twitter:label2\" content=\"Gesch\u00e4tzte Lesezeit\" \/>\n\t<meta name=\"twitter:data2\" content=\"5\u00a0Minuten\" \/>\n<script type=\"application\/ld+json\" class=\"yoast-schema-graph\">{\"@context\":\"https:\/\/schema.org\",\"@graph\":[{\"@type\":\"WebSite\",\"@id\":\"https:\/\/skgd.pl\/#website\",\"url\":\"https:\/\/skgd.pl\/\",\"name\":\"Deutsche Minderheit, Sozial-Kulturelle Gesellschaft der Deutschen im Oppelner Schlesien\",\"description\":\"Deutsche Minderheit in Polen\",\"potentialAction\":[{\"@type\":\"SearchAction\",\"target\":{\"@type\":\"EntryPoint\",\"urlTemplate\":\"https:\/\/skgd.pl\/?s={search_term_string}\"},\"query-input\":\"required name=search_term_string\"}],\"inLanguage\":\"de\"},{\"@type\":\"ImageObject\",\"inLanguage\":\"de\",\"@id\":\"https:\/\/skgd.pl\/de\/iii-spotkanie-srodowisk-tworczych-i-sportowych-mniejszosci-niemieckiej\/#primaryimage\",\"url\":\"https:\/\/skgd.pl\/wp-content\/uploads\/2018\/01\/MG_9614-scaled.jpg\",\"contentUrl\":\"https:\/\/skgd.pl\/wp-content\/uploads\/2018\/01\/MG_9614-scaled.jpg\",\"width\":2560,\"height\":1707},{\"@type\":\"WebPage\",\"@id\":\"https:\/\/skgd.pl\/de\/iii-spotkanie-srodowisk-tworczych-i-sportowych-mniejszosci-niemieckiej\/#webpage\",\"url\":\"https:\/\/skgd.pl\/de\/iii-spotkanie-srodowisk-tworczych-i-sportowych-mniejszosci-niemieckiej\/\",\"name\":\"3. Treffen der Kulturschaffenden und Sportfreunde - Deutsche Minderheit, Sozial-Kulturelle Gesellschaft der Deutschen im Oppelner Schlesien\",\"isPartOf\":{\"@id\":\"https:\/\/skgd.pl\/#website\"},\"primaryImageOfPage\":{\"@id\":\"https:\/\/skgd.pl\/de\/iii-spotkanie-srodowisk-tworczych-i-sportowych-mniejszosci-niemieckiej\/#primaryimage\"},\"datePublished\":\"2018-01-25T23:11:29+00:00\",\"dateModified\":\"2018-01-25T23:29:09+00:00\",\"author\":{\"@id\":\"https:\/\/skgd.pl\/#\/schema\/person\/0620fbcc0ddc3adae2d5dd9fdc163f03\"},\"breadcrumb\":{\"@id\":\"https:\/\/skgd.pl\/de\/iii-spotkanie-srodowisk-tworczych-i-sportowych-mniejszosci-niemieckiej\/#breadcrumb\"},\"inLanguage\":\"de\",\"potentialAction\":[{\"@type\":\"ReadAction\",\"target\":[\"https:\/\/skgd.pl\/de\/iii-spotkanie-srodowisk-tworczych-i-sportowych-mniejszosci-niemieckiej\/\"]}]},{\"@type\":\"BreadcrumbList\",\"@id\":\"https:\/\/skgd.pl\/de\/iii-spotkanie-srodowisk-tworczych-i-sportowych-mniejszosci-niemieckiej\/#breadcrumb\",\"itemListElement\":[{\"@type\":\"ListItem\",\"position\":1,\"name\":\"Strona g\u0142\u00f3wna\",\"item\":\"https:\/\/skgd.pl\/\"},{\"@type\":\"ListItem\",\"position\":2,\"name\":\"3. Treffen der Kulturschaffenden und Sportfreunde\"}]},{\"@type\":\"Person\",\"@id\":\"https:\/\/skgd.pl\/#\/schema\/person\/0620fbcc0ddc3adae2d5dd9fdc163f03\",\"name\":\"Joanna Hassa\",\"image\":{\"@type\":\"ImageObject\",\"inLanguage\":\"de\",\"@id\":\"https:\/\/skgd.pl\/#\/schema\/person\/image\/\",\"url\":\"https:\/\/secure.gravatar.com\/avatar\/e91991b37fe2db6d44fd302c843edfdc?s=96&d=mm&r=g\",\"contentUrl\":\"https:\/\/secure.gravatar.com\/avatar\/e91991b37fe2db6d44fd302c843edfdc?s=96&d=mm&r=g\",\"caption\":\"Joanna Hassa\"},\"url\":\"https:\/\/skgd.pl\/de\/author\/asia\/\"}]}<\/script>\n<!-- \/ Yoast SEO plugin. -->","yoast_head_json":{"title":"3. Treffen der Kulturschaffenden und Sportfreunde - Deutsche Minderheit, Sozial-Kulturelle Gesellschaft der Deutschen im Oppelner Schlesien","robots":{"index":"index","follow":"follow","max-snippet":"max-snippet:-1","max-image-preview":"max-image-preview:large","max-video-preview":"max-video-preview:-1"},"canonical":"https:\/\/skgd.pl\/de\/iii-spotkanie-srodowisk-tworczych-i-sportowych-mniejszosci-niemieckiej\/","og_locale":"de_DE","og_type":"article","og_title":"3. Treffen der Kulturschaffenden und Sportfreunde - Deutsche Minderheit, Sozial-Kulturelle Gesellschaft der Deutschen im Oppelner Schlesien","og_description":"Zum dritten Mal hat die Sozial-Kulturelle Gesellschaft der Deutschen im Oppelner Schlesien ein Treffen der Kulturschaffenden&nbsp;und Sportfreunde der deutschen Minderheit organisiert. Das Treffen fand am 22. Januar 2018 im Kulturhaus im Oberglogau statt und versamelte ca.&nbsp;100 Teilnehmer -K\u00fcnstler, junge K\u00fcnstler, Lehrer, Sportler \u2013 aus der Woiwodschaft Opole. Der Vorsitzender der SKGD \u2013 Rafa\u0142 Bartek hat [&hellip;]","og_url":"https:\/\/skgd.pl\/de\/iii-spotkanie-srodowisk-tworczych-i-sportowych-mniejszosci-niemieckiej\/","og_site_name":"Deutsche Minderheit, Sozial-Kulturelle Gesellschaft der Deutschen im Oppelner Schlesien","article_published_time":"2018-01-25T23:11:29+00:00","article_modified_time":"2018-01-25T23:29:09+00:00","og_image":[{"width":3600,"height":2400,"url":"https:\/\/skgd.pl\/wp-content\/uploads\/2018\/01\/MG_9614.jpg","type":"image\/jpeg"}],"twitter_card":"summary_large_image","twitter_misc":{"Verfasst von":"Joanna Hassa","Gesch\u00e4tzte Lesezeit":"5\u00a0Minuten"},"schema":{"@context":"https:\/\/schema.org","@graph":[{"@type":"WebSite","@id":"https:\/\/skgd.pl\/#website","url":"https:\/\/skgd.pl\/","name":"Deutsche Minderheit, Sozial-Kulturelle Gesellschaft der Deutschen im Oppelner Schlesien","description":"Deutsche Minderheit in Polen","potentialAction":[{"@type":"SearchAction","target":{"@type":"EntryPoint","urlTemplate":"https:\/\/skgd.pl\/?s={search_term_string}"},"query-input":"required name=search_term_string"}],"inLanguage":"de"},{"@type":"ImageObject","inLanguage":"de","@id":"https:\/\/skgd.pl\/de\/iii-spotkanie-srodowisk-tworczych-i-sportowych-mniejszosci-niemieckiej\/#primaryimage","url":"https:\/\/skgd.pl\/wp-content\/uploads\/2018\/01\/MG_9614-scaled.jpg","contentUrl":"https:\/\/skgd.pl\/wp-content\/uploads\/2018\/01\/MG_9614-scaled.jpg","width":2560,"height":1707},{"@type":"WebPage","@id":"https:\/\/skgd.pl\/de\/iii-spotkanie-srodowisk-tworczych-i-sportowych-mniejszosci-niemieckiej\/#webpage","url":"https:\/\/skgd.pl\/de\/iii-spotkanie-srodowisk-tworczych-i-sportowych-mniejszosci-niemieckiej\/","name":"3. Treffen der Kulturschaffenden und Sportfreunde - Deutsche Minderheit, Sozial-Kulturelle Gesellschaft der Deutschen im Oppelner Schlesien","isPartOf":{"@id":"https:\/\/skgd.pl\/#website"},"primaryImageOfPage":{"@id":"https:\/\/skgd.pl\/de\/iii-spotkanie-srodowisk-tworczych-i-sportowych-mniejszosci-niemieckiej\/#primaryimage"},"datePublished":"2018-01-25T23:11:29+00:00","dateModified":"2018-01-25T23:29:09+00:00","author":{"@id":"https:\/\/skgd.pl\/#\/schema\/person\/0620fbcc0ddc3adae2d5dd9fdc163f03"},"breadcrumb":{"@id":"https:\/\/skgd.pl\/de\/iii-spotkanie-srodowisk-tworczych-i-sportowych-mniejszosci-niemieckiej\/#breadcrumb"},"inLanguage":"de","potentialAction":[{"@type":"ReadAction","target":["https:\/\/skgd.pl\/de\/iii-spotkanie-srodowisk-tworczych-i-sportowych-mniejszosci-niemieckiej\/"]}]},{"@type":"BreadcrumbList","@id":"https:\/\/skgd.pl\/de\/iii-spotkanie-srodowisk-tworczych-i-sportowych-mniejszosci-niemieckiej\/#breadcrumb","itemListElement":[{"@type":"ListItem","position":1,"name":"Strona g\u0142\u00f3wna","item":"https:\/\/skgd.pl\/"},{"@type":"ListItem","position":2,"name":"3. Treffen der Kulturschaffenden und Sportfreunde"}]},{"@type":"Person","@id":"https:\/\/skgd.pl\/#\/schema\/person\/0620fbcc0ddc3adae2d5dd9fdc163f03","name":"Joanna Hassa","image":{"@type":"ImageObject","inLanguage":"de","@id":"https:\/\/skgd.pl\/#\/schema\/person\/image\/","url":"https:\/\/secure.gravatar.com\/avatar\/e91991b37fe2db6d44fd302c843edfdc?s=96&d=mm&r=g","contentUrl":"https:\/\/secure.gravatar.com\/avatar\/e91991b37fe2db6d44fd302c843edfdc?s=96&d=mm&r=g","caption":"Joanna Hassa"},"url":"https:\/\/skgd.pl\/de\/author\/asia\/"}]}},"_links":{"self":[{"href":"https:\/\/skgd.pl\/de\/wp-json\/wp\/v2\/posts\/16883","targetHints":{"allow":["GET"]}}],"collection":[{"href":"https:\/\/skgd.pl\/de\/wp-json\/wp\/v2\/posts"}],"about":[{"href":"https:\/\/skgd.pl\/de\/wp-json\/wp\/v2\/types\/post"}],"author":[{"embeddable":true,"href":"https:\/\/skgd.pl\/de\/wp-json\/wp\/v2\/users\/2"}],"replies":[{"embeddable":true,"href":"https:\/\/skgd.pl\/de\/wp-json\/wp\/v2\/comments?post=16883"}],"version-history":[{"count":8,"href":"https:\/\/skgd.pl\/de\/wp-json\/wp\/v2\/posts\/16883\/revisions"}],"predecessor-version":[{"id":16891,"href":"https:\/\/skgd.pl\/de\/wp-json\/wp\/v2\/posts\/16883\/revisions\/16891"}],"wp:featuredmedia":[{"embeddable":true,"href":"https:\/\/skgd.pl\/de\/wp-json\/wp\/v2\/media\/16879"}],"wp:attachment":[{"href":"https:\/\/skgd.pl\/de\/wp-json\/wp\/v2\/media?parent=16883"}],"wp:term":[{"taxonomy":"category","embeddable":true,"href":"https:\/\/skgd.pl\/de\/wp-json\/wp\/v2\/categories?post=16883"},{"taxonomy":"post_tag","embeddable":true,"href":"https:\/\/skgd.pl\/de\/wp-json\/wp\/v2\/tags?post=16883"}],"curies":[{"name":"wp","href":"https:\/\/api.w.org\/{rel}","templated":true}]}}