{"id":16842,"date":"2018-01-16T13:40:55","date_gmt":"2018-01-16T12:40:55","guid":{"rendered":"http:\/\/skgd.pl\/?p=16842"},"modified":"2018-01-16T13:42:19","modified_gmt":"2018-01-16T12:42:19","slug":"wyroznienie-rozy-powiatu-2017","status":"publish","type":"post","link":"https:\/\/skgd.pl\/de\/wyroznienie-rozy-powiatu-2017\/","title":{"rendered":"Auszeihnung f\u00fcr Leon Gnacy"},"content":{"rendered":"<p><\/p>\n<p style=\"text-align: justify;\">Am Freitag den 5.01.2018 bekam Herr Leon Gnacy, der langj\u00e4hrige DFK Vorsitzende in Jamy, die Auszeichnung \u201eR\u00f3\u017ca Powiatu 2017\u201c f\u00fcr die vielseitigen Verdienste. Herr Gnacy war auch Vorsitzender der Freiwilligen Feuerwehr im Jamy, 65 Jahre spielte er in dem Gemeinde Orchester.<\/p>\n<p style=\"text-align: justify;\">Die Auszeichnungen werden durch Kreistag des Landkreises Rosenberg vergeben.<\/p>\n<p style=\"text-align: justify;\">Wir gratulieren Herrn Gnacy ganz herzlich!<\/p>\n<p>Auf dem Foto L. Gnacy dritter von Links.<\/p>\n<p>Foto: NTO<\/p>","protected":false},"excerpt":{"rendered":"<p>Am Freitag den 5.01.2018 bekam Herr Leon Gnacy, der langj\u00e4hrige DFK Vorsitzende in Jamy, die Auszeichnung \u201eR\u00f3\u017ca Powiatu 2017\u201c f\u00fcr die vielseitigen Verdienste. Herr Gnacy war auch Vorsitzender der Freiwilligen Feuerwehr im Jamy, 65 Jahre spielte er in dem Gemeinde Orchester. Die Auszeichnungen werden durch Kreistag des Landkreises Rosenberg vergeben. Wir gratulieren Herrn Gnacy ganz [&hellip;]<\/p>\n","protected":false},"author":2,"featured_media":16843,"comment_status":"closed","ping_status":"open","sticky":false,"template":"","format":"standard","meta":{"footnotes":""},"categories":[197],"tags":[],"class_list":["post-16842","post","type-post","status-publish","format-standard","has-post-thumbnail","hentry","category-dfk-kozlowice-koselwitz"],"yoast_head":"<!-- This site is optimized with the Yoast SEO plugin v18.9 - https:\/\/yoast.com\/wordpress\/plugins\/seo\/ -->\n<title>Auszeihnung f\u00fcr Leon Gnacy - Deutsche Minderheit, Sozial-Kulturelle Gesellschaft der Deutschen im Oppelner Schlesien<\/title>\n<meta name=\"robots\" content=\"index, follow, max-snippet:-1, max-image-preview:large, max-video-preview:-1\" \/>\n<link rel=\"canonical\" href=\"https:\/\/skgd.pl\/wyroznienie-rozy-powiatu-2017\/\" \/>\n<meta property=\"og:locale\" content=\"de_DE\" \/>\n<meta property=\"og:type\" content=\"article\" \/>\n<meta property=\"og:title\" content=\"Auszeihnung f\u00fcr Leon Gnacy - Deutsche Minderheit, Sozial-Kulturelle Gesellschaft der Deutschen im Oppelner Schlesien\" \/>\n<meta property=\"og:description\" content=\"Am Freitag den 5.01.2018 bekam Herr Leon Gnacy, der langj\u00e4hrige DFK Vorsitzende in Jamy, die Auszeichnung \u201eR\u00f3\u017ca Powiatu 2017\u201c f\u00fcr die vielseitigen Verdienste. Herr Gnacy war auch Vorsitzender der Freiwilligen Feuerwehr im Jamy, 65 Jahre spielte er in dem Gemeinde Orchester. Die Auszeichnungen werden durch Kreistag des Landkreises Rosenberg vergeben. Wir gratulieren Herrn Gnacy ganz [&hellip;]\" \/>\n<meta property=\"og:url\" content=\"https:\/\/skgd.pl\/wyroznienie-rozy-powiatu-2017\/\" \/>\n<meta property=\"og:site_name\" content=\"Deutsche Minderheit, Sozial-Kulturelle Gesellschaft der Deutschen im Oppelner Schlesien\" \/>\n<meta property=\"article:published_time\" content=\"2018-01-16T12:40:55+00:00\" \/>\n<meta property=\"article:modified_time\" content=\"2018-01-16T12:42:19+00:00\" \/>\n<meta property=\"og:image\" content=\"https:\/\/skgd.pl\/wp-content\/uploads\/2018\/01\/5a549cbd8f8dd_p.jpg\" \/>\n\t<meta property=\"og:image:width\" content=\"780\" \/>\n\t<meta property=\"og:image:height\" content=\"503\" \/>\n\t<meta property=\"og:image:type\" content=\"image\/jpeg\" \/>\n<meta name=\"twitter:card\" content=\"summary_large_image\" \/>\n<meta name=\"twitter:label1\" content=\"Verfasst von\" \/>\n\t<meta name=\"twitter:data1\" content=\"Joanna Hassa\" \/>\n\t<meta name=\"twitter:label2\" content=\"Gesch\u00e4tzte Lesezeit\" \/>\n\t<meta name=\"twitter:data2\" content=\"1\u00a0Minute\" \/>\n<script type=\"application\/ld+json\" class=\"yoast-schema-graph\">{\"@context\":\"https:\/\/schema.org\",\"@graph\":[{\"@type\":\"WebSite\",\"@id\":\"https:\/\/skgd.pl\/#website\",\"url\":\"https:\/\/skgd.pl\/\",\"name\":\"Deutsche Minderheit, Sozial-Kulturelle Gesellschaft der Deutschen im Oppelner Schlesien\",\"description\":\"Deutsche Minderheit in Polen\",\"potentialAction\":[{\"@type\":\"SearchAction\",\"target\":{\"@type\":\"EntryPoint\",\"urlTemplate\":\"https:\/\/skgd.pl\/?s={search_term_string}\"},\"query-input\":\"required name=search_term_string\"}],\"inLanguage\":\"de\"},{\"@type\":\"ImageObject\",\"inLanguage\":\"de\",\"@id\":\"https:\/\/skgd.pl\/wyroznienie-rozy-powiatu-2017\/#primaryimage\",\"url\":\"https:\/\/skgd.pl\/wp-content\/uploads\/2018\/01\/5a549cbd8f8dd_p.jpg\",\"contentUrl\":\"https:\/\/skgd.pl\/wp-content\/uploads\/2018\/01\/5a549cbd8f8dd_p.jpg\",\"width\":780,\"height\":503},{\"@type\":\"WebPage\",\"@id\":\"https:\/\/skgd.pl\/wyroznienie-rozy-powiatu-2017\/#webpage\",\"url\":\"https:\/\/skgd.pl\/wyroznienie-rozy-powiatu-2017\/\",\"name\":\"Auszeihnung f\u00fcr Leon Gnacy - Deutsche Minderheit, Sozial-Kulturelle Gesellschaft der Deutschen im Oppelner Schlesien\",\"isPartOf\":{\"@id\":\"https:\/\/skgd.pl\/#website\"},\"primaryImageOfPage\":{\"@id\":\"https:\/\/skgd.pl\/wyroznienie-rozy-powiatu-2017\/#primaryimage\"},\"datePublished\":\"2018-01-16T12:40:55+00:00\",\"dateModified\":\"2018-01-16T12:42:19+00:00\",\"author\":{\"@id\":\"https:\/\/skgd.pl\/#\/schema\/person\/0620fbcc0ddc3adae2d5dd9fdc163f03\"},\"breadcrumb\":{\"@id\":\"https:\/\/skgd.pl\/wyroznienie-rozy-powiatu-2017\/#breadcrumb\"},\"inLanguage\":\"de\",\"potentialAction\":[{\"@type\":\"ReadAction\",\"target\":[\"https:\/\/skgd.pl\/wyroznienie-rozy-powiatu-2017\/\"]}]},{\"@type\":\"BreadcrumbList\",\"@id\":\"https:\/\/skgd.pl\/wyroznienie-rozy-powiatu-2017\/#breadcrumb\",\"itemListElement\":[{\"@type\":\"ListItem\",\"position\":1,\"name\":\"Strona g\u0142\u00f3wna\",\"item\":\"https:\/\/skgd.pl\/\"},{\"@type\":\"ListItem\",\"position\":2,\"name\":\"Wyr\u00f3\u017cnienie &#8220;R\u00f3\u017cy Powiatu 2017&#8243;\"}]},{\"@type\":\"Person\",\"@id\":\"https:\/\/skgd.pl\/#\/schema\/person\/0620fbcc0ddc3adae2d5dd9fdc163f03\",\"name\":\"Joanna Hassa\",\"image\":{\"@type\":\"ImageObject\",\"inLanguage\":\"de\",\"@id\":\"https:\/\/skgd.pl\/#\/schema\/person\/image\/\",\"url\":\"https:\/\/secure.gravatar.com\/avatar\/e91991b37fe2db6d44fd302c843edfdc?s=96&d=mm&r=g\",\"contentUrl\":\"https:\/\/secure.gravatar.com\/avatar\/e91991b37fe2db6d44fd302c843edfdc?s=96&d=mm&r=g\",\"caption\":\"Joanna Hassa\"},\"url\":\"https:\/\/skgd.pl\/de\/author\/asia\/\"}]}<\/script>\n<!-- \/ Yoast SEO plugin. -->","yoast_head_json":{"title":"Auszeihnung f\u00fcr Leon Gnacy - Deutsche Minderheit, Sozial-Kulturelle Gesellschaft der Deutschen im Oppelner Schlesien","robots":{"index":"index","follow":"follow","max-snippet":"max-snippet:-1","max-image-preview":"max-image-preview:large","max-video-preview":"max-video-preview:-1"},"canonical":"https:\/\/skgd.pl\/wyroznienie-rozy-powiatu-2017\/","og_locale":"de_DE","og_type":"article","og_title":"Auszeihnung f\u00fcr Leon Gnacy - Deutsche Minderheit, Sozial-Kulturelle Gesellschaft der Deutschen im Oppelner Schlesien","og_description":"Am Freitag den 5.01.2018 bekam Herr Leon Gnacy, der langj\u00e4hrige DFK Vorsitzende in Jamy, die Auszeichnung \u201eR\u00f3\u017ca Powiatu 2017\u201c f\u00fcr die vielseitigen Verdienste. Herr Gnacy war auch Vorsitzender der Freiwilligen Feuerwehr im Jamy, 65 Jahre spielte er in dem Gemeinde Orchester. Die Auszeichnungen werden durch Kreistag des Landkreises Rosenberg vergeben. Wir gratulieren Herrn Gnacy ganz [&hellip;]","og_url":"https:\/\/skgd.pl\/wyroznienie-rozy-powiatu-2017\/","og_site_name":"Deutsche Minderheit, Sozial-Kulturelle Gesellschaft der Deutschen im Oppelner Schlesien","article_published_time":"2018-01-16T12:40:55+00:00","article_modified_time":"2018-01-16T12:42:19+00:00","og_image":[{"width":780,"height":503,"url":"https:\/\/skgd.pl\/wp-content\/uploads\/2018\/01\/5a549cbd8f8dd_p.jpg","type":"image\/jpeg"}],"twitter_card":"summary_large_image","twitter_misc":{"Verfasst von":"Joanna Hassa","Gesch\u00e4tzte Lesezeit":"1\u00a0Minute"},"schema":{"@context":"https:\/\/schema.org","@graph":[{"@type":"WebSite","@id":"https:\/\/skgd.pl\/#website","url":"https:\/\/skgd.pl\/","name":"Deutsche Minderheit, Sozial-Kulturelle Gesellschaft der Deutschen im Oppelner Schlesien","description":"Deutsche Minderheit in Polen","potentialAction":[{"@type":"SearchAction","target":{"@type":"EntryPoint","urlTemplate":"https:\/\/skgd.pl\/?s={search_term_string}"},"query-input":"required name=search_term_string"}],"inLanguage":"de"},{"@type":"ImageObject","inLanguage":"de","@id":"https:\/\/skgd.pl\/wyroznienie-rozy-powiatu-2017\/#primaryimage","url":"https:\/\/skgd.pl\/wp-content\/uploads\/2018\/01\/5a549cbd8f8dd_p.jpg","contentUrl":"https:\/\/skgd.pl\/wp-content\/uploads\/2018\/01\/5a549cbd8f8dd_p.jpg","width":780,"height":503},{"@type":"WebPage","@id":"https:\/\/skgd.pl\/wyroznienie-rozy-powiatu-2017\/#webpage","url":"https:\/\/skgd.pl\/wyroznienie-rozy-powiatu-2017\/","name":"Auszeihnung f\u00fcr Leon Gnacy - Deutsche Minderheit, Sozial-Kulturelle Gesellschaft der Deutschen im Oppelner Schlesien","isPartOf":{"@id":"https:\/\/skgd.pl\/#website"},"primaryImageOfPage":{"@id":"https:\/\/skgd.pl\/wyroznienie-rozy-powiatu-2017\/#primaryimage"},"datePublished":"2018-01-16T12:40:55+00:00","dateModified":"2018-01-16T12:42:19+00:00","author":{"@id":"https:\/\/skgd.pl\/#\/schema\/person\/0620fbcc0ddc3adae2d5dd9fdc163f03"},"breadcrumb":{"@id":"https:\/\/skgd.pl\/wyroznienie-rozy-powiatu-2017\/#breadcrumb"},"inLanguage":"de","potentialAction":[{"@type":"ReadAction","target":["https:\/\/skgd.pl\/wyroznienie-rozy-powiatu-2017\/"]}]},{"@type":"BreadcrumbList","@id":"https:\/\/skgd.pl\/wyroznienie-rozy-powiatu-2017\/#breadcrumb","itemListElement":[{"@type":"ListItem","position":1,"name":"Strona g\u0142\u00f3wna","item":"https:\/\/skgd.pl\/"},{"@type":"ListItem","position":2,"name":"Wyr\u00f3\u017cnienie &#8220;R\u00f3\u017cy Powiatu 2017&#8243;"}]},{"@type":"Person","@id":"https:\/\/skgd.pl\/#\/schema\/person\/0620fbcc0ddc3adae2d5dd9fdc163f03","name":"Joanna Hassa","image":{"@type":"ImageObject","inLanguage":"de","@id":"https:\/\/skgd.pl\/#\/schema\/person\/image\/","url":"https:\/\/secure.gravatar.com\/avatar\/e91991b37fe2db6d44fd302c843edfdc?s=96&d=mm&r=g","contentUrl":"https:\/\/secure.gravatar.com\/avatar\/e91991b37fe2db6d44fd302c843edfdc?s=96&d=mm&r=g","caption":"Joanna Hassa"},"url":"https:\/\/skgd.pl\/de\/author\/asia\/"}]}},"_links":{"self":[{"href":"https:\/\/skgd.pl\/de\/wp-json\/wp\/v2\/posts\/16842","targetHints":{"allow":["GET"]}}],"collection":[{"href":"https:\/\/skgd.pl\/de\/wp-json\/wp\/v2\/posts"}],"about":[{"href":"https:\/\/skgd.pl\/de\/wp-json\/wp\/v2\/types\/post"}],"author":[{"embeddable":true,"href":"https:\/\/skgd.pl\/de\/wp-json\/wp\/v2\/users\/2"}],"replies":[{"embeddable":true,"href":"https:\/\/skgd.pl\/de\/wp-json\/wp\/v2\/comments?post=16842"}],"version-history":[{"count":1,"href":"https:\/\/skgd.pl\/de\/wp-json\/wp\/v2\/posts\/16842\/revisions"}],"predecessor-version":[{"id":16844,"href":"https:\/\/skgd.pl\/de\/wp-json\/wp\/v2\/posts\/16842\/revisions\/16844"}],"wp:featuredmedia":[{"embeddable":true,"href":"https:\/\/skgd.pl\/de\/wp-json\/wp\/v2\/media\/16843"}],"wp:attachment":[{"href":"https:\/\/skgd.pl\/de\/wp-json\/wp\/v2\/media?parent=16842"}],"wp:term":[{"taxonomy":"category","embeddable":true,"href":"https:\/\/skgd.pl\/de\/wp-json\/wp\/v2\/categories?post=16842"},{"taxonomy":"post_tag","embeddable":true,"href":"https:\/\/skgd.pl\/de\/wp-json\/wp\/v2\/tags?post=16842"}],"curies":[{"name":"wp","href":"https:\/\/api.w.org\/{rel}","templated":true}]}}