{"id":11856,"date":"2016-04-11T18:00:37","date_gmt":"2016-04-11T16:00:37","guid":{"rendered":"http:\/\/skgd.pl\/?p=11856"},"modified":"2016-04-13T22:36:40","modified_gmt":"2016-04-13T20:36:40","slug":"vi-final-wojewodzki-konkursu-wiedzy-o-mniejszosci-niemieckiej-przeprowadzony","status":"publish","type":"post","link":"https:\/\/skgd.pl\/de\/vi-final-wojewodzki-konkursu-wiedzy-o-mniejszosci-niemieckiej-przeprowadzony\/","title":{"rendered":"Der 6. Wissenswettbewerb uber die Deutsche Minderheit"},"content":{"rendered":"<p><\/p>\n<p style=\"text-align: justify;\"><span style=\"color: #000000;\"><span color=\"#ff3333\"><span lang=\"de-DE\">Das <\/span><\/span><span lang=\"de-DE\">VI Woiwodschafts<\/span><span color=\"#ff3333\"><span lang=\"de-DE\">f<\/span><\/span><span lang=\"de-DE\">inale des <\/span><span color=\"#ff3333\"><span lang=\"de-DE\">Wissensw<\/span><\/span><span lang=\"de-DE\">ettbewerbs <\/span><span color=\"#ff3333\"><span style=\"text-decoration: line-through;\"><span lang=\"de-DE\"><\/span><\/span><\/span><span lang=\"de-DE\">\u00fc<\/span><span lang=\"de-DE\">ber d<\/span><span color=\"#ff3333\"><span lang=\"de-DE\">ie<\/span><\/span><span lang=\"de-DE\"> deutsche<\/span><span color=\"#ff3333\"><span style=\"text-decoration: line-through;\"><span lang=\"de-DE\">n<\/span><\/span><\/span><span lang=\"de-DE\"> Minderheit durchgef\u00fchrt! Die Gewinner <\/span><span color=\"#ff3333\"><span lang=\"de-DE\">wurden<\/span><\/span><span lang=\"de-DE\"> ausgew\u00e4hlt! Gratulation an alle<\/span><span color=\"#ff3333\"><span style=\"text-decoration: line-through;\"><span lang=\"de-DE\"><\/span><\/span><\/span><span lang=\"de-DE\"> 48 Teilnehmern aus 24 <\/span><span color=\"#ff3333\"><span lang=\"de-DE\">Gymnasien<\/span><\/span><span lang=\"de-DE\"> die in unserem Wettbewerb teilgenommen haben! Unten<\/span><span lang=\"de-DE\"> <\/span><span color=\"#ff3333\"><span lang=\"de-DE\">pr<\/span><\/span><span color=\"#ff3333\"><span lang=\"de-DE\">\u00e4<\/span><\/span><span color=\"#ff3333\"><span lang=\"de-DE\">sentieren<\/span><\/span><span lang=\"de-DE\"> <\/span><span color=\"#ff3333\"><span lang=\"de-DE\">wir<\/span><\/span><span lang=\"de-DE\"> eine Liste von den individuellen Gewinnern.<\/span><\/span><\/p>\n<ol style=\"text-align: justify;\">\n<li><span style=\"color: #000000;\"><span lang=\"de-DE\">Platz Anna <\/span><span color=\"#ff3333\"><span lang=\"de-DE\">Pryszcz<\/span><\/span><span lang=\"de-DE\"> <\/span><span color=\"#ff3333\"><span lang=\"de-DE\"><\/span><\/span><span lang=\"de-DE\"> <\/span><span lang=\"de-DE\">\u00f6<\/span><span lang=\"de-DE\">ffentliches Gymnasium Zembowitz (29 Punkte von 30 m\u00f6glichen)<\/span><\/span><\/li>\n<\/ol>\n<p style=\"text-align: justify;\"><span style=\"color: #000000;\"><span lang=\"de-DE\">Den zweiten Platz ex aequo &#8211; Kamila Tarnawska aus <\/span><span lang=\"de-DE\">\u00f6<\/span><span lang=\"de-DE\">ffentlichem Gymnasium <\/span><span color=\"#ff3333\"><span lang=\"de-DE\">N<\/span><\/span><span lang=\"de-DE\">r. 1 in Leobsch<\/span><span lang=\"de-DE\">\u00fc<\/span><span lang=\"de-DE\">tz und Karol Koprek aus \u00f6ffentlichem Gymnasium in Zembowitz (24 Punkte von 30 m\u00f6glichen)<\/span><\/span><\/p>\n<p style=\"text-align: justify;\"><span style=\"color: #000000;\"><span lang=\"de-DE\">Der dritte Platz &#8211; Daria Wojnarowicz aus \u00f6ffentlichem Gymnasium <\/span><span color=\"#ff3333\"><span lang=\"de-DE\">N<\/span><\/span><span lang=\"de-DE\">r. 1 in Leobsch<\/span><span lang=\"de-DE\">\u00fc<\/span><span lang=\"de-DE\">tz (23 Punkte von 30 m\u00f6glichen)<\/span><\/span><\/p>\n<p style=\"text-align: justify;\"><span style=\"color: #000000;\"><span lang=\"de-DE\">Vierter Platz &#8211; Julia Sdzuj (<\/span><span lang=\"de-DE\">\u00f6<\/span><span lang=\"de-DE\">ffentliche<\/span><span color=\"#ff3333\"><span lang=\"de-DE\">s<\/span><\/span><span lang=\"de-DE\"> Gymnasium <\/span><span color=\"#ff3333\"><span lang=\"de-DE\">N<\/span><\/span><span lang=\"de-DE\">r. 1 in Oppeln) und Max Kaluza <\/span><span lang=\"de-DE\">\u00f6<\/span><span lang=\"de-DE\">ffentliches Zweisprachige<\/span><span color=\"#ff3333\"><span lang=\"de-DE\">s<\/span><\/span><span lang=\"de-DE\"> Gymnasium in Gro<\/span><span style=\"font-family: Calibri,serif;\" face=\"Calibri, serif\"><span lang=\"de-DE\">\u00df<\/span><\/span><span lang=\"de-DE\"> Strehliz ( 22 Punkte<\/span><span color=\"#ff3333\"><span style=\"text-decoration: line-through;\"><span lang=\"de-DE\"><\/span><\/span><\/span><span lang=\"de-DE\"> von 30 m\u00f6glichen<\/span><span lang=\"de-DE\">) <\/span><\/span><\/p>\n<p style=\"text-align: justify;\"><span style=\"color: #000000;\"><span lang=\"de-DE\">und eine Liste <\/span><span color=\"#ff3333\"><span lang=\"de-DE\">der<\/span><\/span><span lang=\"de-DE\"> gemeinsamen Ergebnissen (summierte<\/span><span color=\"#ff3333\"><span style=\"text-decoration: line-through;\"><span lang=\"de-DE\"><\/span><\/span><\/span><span lang=\"de-DE\"> Ergebnisse<\/span><span color=\"#ff3333\"><span style=\"text-decoration: line-through;\"><span lang=\"de-DE\"><\/span><\/span><\/span><span lang=\"de-DE\"> von zwei Teilnehmer<\/span><span color=\"#ff3333\"><span lang=\"de-DE\">n<\/span><\/span><span lang=\"de-DE\"> aus jede<\/span><span color=\"#ff3333\"><span lang=\"de-DE\">m<\/span><\/span><span lang=\"de-DE\"> Gymnasium)<\/span><\/span><\/p>\n<p style=\"text-align: justify;\"><span style=\"color: #000000;\"><span lang=\"de-DE\">I Platz \u2013 <\/span><span lang=\"de-DE\">\u00f6<\/span><span lang=\"de-DE\">ffentliche<\/span><span color=\"#ff3333\"><span lang=\"de-DE\">s<\/span><\/span><span lang=\"de-DE\"> Gymnasium Zembowitz (53 Punkte von 60 m<\/span><span lang=\"de-DE\">\u00f6<\/span><span lang=\"de-DE\">glichen)<\/span><\/span><\/p>\n<p style=\"text-align: justify;\"><span style=\"color: #000000;\"><span lang=\"de-DE\">II Platz \u2013 \u00f6ffentliche<\/span><span color=\"#ff3333\"><span lang=\"de-DE\">s<\/span><\/span><span lang=\"de-DE\"> Gymnasium <\/span><span color=\"#ff3333\"><span lang=\"de-DE\">N<\/span><\/span><span lang=\"de-DE\">r. 1 aus Leobsch<\/span><span lang=\"de-DE\">\u00fc<\/span><span lang=\"de-DE\">tz (47 Punkte aus 60 m<\/span><span lang=\"de-DE\">\u00f6<\/span><span lang=\"de-DE\">glichen)<\/span><\/span><\/p>\n<p style=\"text-align: justify;\"><span style=\"color: #000000;\"><span lang=\"de-DE\">III Platz \u2013 \u00f6ffentliche<\/span><span color=\"#ff3333\"><span lang=\"de-DE\">s<\/span><\/span><span lang=\"de-DE\"> Gymnasium <\/span><span color=\"#ff3333\"><span lang=\"de-DE\">Nr.<\/span><\/span><span lang=\"de-DE\"> 1 aus Oppeln (38 Punkte aus 60 m<\/span><span lang=\"de-DE\">\u00f6<\/span><span lang=\"de-DE\">glichen)<\/span><\/span><\/p>\n<p style=\"text-align: justify;\"><span style=\"color: #000000;\"><a style=\"color: #000000;\" name=\"_GoBack\"><\/a> <span lang=\"de-DE\">W\u00e4hrend der sechs <\/span><span color=\"#ff3333\"><span lang=\"de-DE\">Editionen<\/span><\/span><span lang=\"de-DE\"> <\/span><span color=\"#ff3333\"><span style=\"text-decoration: line-through;\"><span lang=\"de-DE\"><\/span><\/span><\/span><span lang=\"de-DE\">nahmen an <\/span><span color=\"#ff3333\"><span lang=\"de-DE\">dem<\/span><\/span><span lang=\"de-DE\"> <\/span><span color=\"#ff3333\"><span lang=\"de-DE\">Wettbewerb<\/span><\/span><span lang=\"de-DE\"> mehr als 1.200 Gymnasiasten aus der ganzen Region <\/span><span color=\"#ff3333\"><span lang=\"de-DE\">teil<\/span><\/span><span lang=\"de-DE\">.<\/span><\/span><\/p>\n<p style=\"text-align: justify;\">Der Wettbewerb wurde finansiert vom Konsulat derBundesrepublik Deutschland in Oppeln und dem Polnischen Ministerium des Innern und der Verwaltung.<\/p>\n<p><\/p>","protected":false},"excerpt":{"rendered":"<p>Das VI Woiwodschaftsfinale des Wissenswettbewerbs \u00fcber die deutschen Minderheit durchgef\u00fchrt! Die Gewinner wurden ausgew\u00e4hlt! Gratulation an alle 48 Teilnehmern aus 24 Gymnasien die in unserem Wettbewerb teilgenommen haben! Unten pr\u00e4sentieren wir eine Liste von den individuellen Gewinnern. Platz Anna Pryszcz \u00f6ffentliches Gymnasium Zembowitz (29 Punkte von 30 m\u00f6glichen) Den zweiten Platz ex aequo &#8211; Kamila [&hellip;]<\/p>\n","protected":false},"author":2,"featured_media":11857,"comment_status":"open","ping_status":"open","sticky":false,"template":"","format":"standard","meta":{"footnotes":""},"categories":[1],"tags":[],"class_list":["post-11856","post","type-post","status-publish","format-standard","has-post-thumbnail","hentry","category-aktualnosci"],"yoast_head":"<!-- This site is optimized with the Yoast SEO plugin v18.9 - https:\/\/yoast.com\/wordpress\/plugins\/seo\/ -->\n<title>Der 6. Wissenswettbewerb uber die Deutsche Minderheit - Deutsche Minderheit, Sozial-Kulturelle Gesellschaft der Deutschen im Oppelner Schlesien<\/title>\n<meta name=\"robots\" content=\"index, follow, max-snippet:-1, max-image-preview:large, max-video-preview:-1\" \/>\n<link rel=\"canonical\" href=\"https:\/\/skgd.pl\/vi-final-wojewodzki-konkursu-wiedzy-o-mniejszosci-niemieckiej-przeprowadzony\/\" \/>\n<meta property=\"og:locale\" content=\"de_DE\" \/>\n<meta property=\"og:type\" content=\"article\" \/>\n<meta property=\"og:title\" content=\"Der 6. Wissenswettbewerb uber die Deutsche Minderheit - Deutsche Minderheit, Sozial-Kulturelle Gesellschaft der Deutschen im Oppelner Schlesien\" \/>\n<meta property=\"og:description\" content=\"Das VI Woiwodschaftsfinale des Wissenswettbewerbs \u00fcber die deutschen Minderheit durchgef\u00fchrt! Die Gewinner wurden ausgew\u00e4hlt! Gratulation an alle 48 Teilnehmern aus 24 Gymnasien die in unserem Wettbewerb teilgenommen haben! Unten pr\u00e4sentieren wir eine Liste von den individuellen Gewinnern. Platz Anna Pryszcz \u00f6ffentliches Gymnasium Zembowitz (29 Punkte von 30 m\u00f6glichen) Den zweiten Platz ex aequo &#8211; Kamila [&hellip;]\" \/>\n<meta property=\"og:url\" content=\"https:\/\/skgd.pl\/vi-final-wojewodzki-konkursu-wiedzy-o-mniejszosci-niemieckiej-przeprowadzony\/\" \/>\n<meta property=\"og:site_name\" content=\"Deutsche Minderheit, Sozial-Kulturelle Gesellschaft der Deutschen im Oppelner Schlesien\" \/>\n<meta property=\"article:published_time\" content=\"2016-04-11T16:00:37+00:00\" \/>\n<meta property=\"article:modified_time\" content=\"2016-04-13T20:36:40+00:00\" \/>\n<meta property=\"og:image\" content=\"https:\/\/skgd.pl\/wp-content\/uploads\/2016\/04\/12993349_1029423510427742_4736490521784238083_n.jpg\" \/>\n\t<meta property=\"og:image:width\" content=\"960\" \/>\n\t<meta property=\"og:image:height\" content=\"640\" \/>\n\t<meta property=\"og:image:type\" content=\"image\/jpeg\" \/>\n<meta name=\"twitter:card\" content=\"summary_large_image\" \/>\n<meta name=\"twitter:label1\" content=\"Verfasst von\" \/>\n\t<meta name=\"twitter:data1\" content=\"Joanna Hassa\" \/>\n\t<meta name=\"twitter:label2\" content=\"Gesch\u00e4tzte Lesezeit\" \/>\n\t<meta name=\"twitter:data2\" content=\"2\u00a0Minuten\" \/>\n<script type=\"application\/ld+json\" class=\"yoast-schema-graph\">{\"@context\":\"https:\/\/schema.org\",\"@graph\":[{\"@type\":\"WebSite\",\"@id\":\"https:\/\/skgd.pl\/#website\",\"url\":\"https:\/\/skgd.pl\/\",\"name\":\"Deutsche Minderheit, Sozial-Kulturelle Gesellschaft der Deutschen im Oppelner Schlesien\",\"description\":\"Deutsche Minderheit in Polen\",\"potentialAction\":[{\"@type\":\"SearchAction\",\"target\":{\"@type\":\"EntryPoint\",\"urlTemplate\":\"https:\/\/skgd.pl\/?s={search_term_string}\"},\"query-input\":\"required name=search_term_string\"}],\"inLanguage\":\"de\"},{\"@type\":\"ImageObject\",\"inLanguage\":\"de\",\"@id\":\"https:\/\/skgd.pl\/vi-final-wojewodzki-konkursu-wiedzy-o-mniejszosci-niemieckiej-przeprowadzony\/#primaryimage\",\"url\":\"https:\/\/skgd.pl\/wp-content\/uploads\/2016\/04\/12993349_1029423510427742_4736490521784238083_n.jpg\",\"contentUrl\":\"https:\/\/skgd.pl\/wp-content\/uploads\/2016\/04\/12993349_1029423510427742_4736490521784238083_n.jpg\",\"width\":960,\"height\":640},{\"@type\":\"WebPage\",\"@id\":\"https:\/\/skgd.pl\/vi-final-wojewodzki-konkursu-wiedzy-o-mniejszosci-niemieckiej-przeprowadzony\/#webpage\",\"url\":\"https:\/\/skgd.pl\/vi-final-wojewodzki-konkursu-wiedzy-o-mniejszosci-niemieckiej-przeprowadzony\/\",\"name\":\"Der 6. Wissenswettbewerb uber die Deutsche Minderheit - Deutsche Minderheit, Sozial-Kulturelle Gesellschaft der Deutschen im Oppelner Schlesien\",\"isPartOf\":{\"@id\":\"https:\/\/skgd.pl\/#website\"},\"primaryImageOfPage\":{\"@id\":\"https:\/\/skgd.pl\/vi-final-wojewodzki-konkursu-wiedzy-o-mniejszosci-niemieckiej-przeprowadzony\/#primaryimage\"},\"datePublished\":\"2016-04-11T16:00:37+00:00\",\"dateModified\":\"2016-04-13T20:36:40+00:00\",\"author\":{\"@id\":\"https:\/\/skgd.pl\/#\/schema\/person\/0620fbcc0ddc3adae2d5dd9fdc163f03\"},\"breadcrumb\":{\"@id\":\"https:\/\/skgd.pl\/vi-final-wojewodzki-konkursu-wiedzy-o-mniejszosci-niemieckiej-przeprowadzony\/#breadcrumb\"},\"inLanguage\":\"de\",\"potentialAction\":[{\"@type\":\"ReadAction\",\"target\":[\"https:\/\/skgd.pl\/vi-final-wojewodzki-konkursu-wiedzy-o-mniejszosci-niemieckiej-przeprowadzony\/\"]}]},{\"@type\":\"BreadcrumbList\",\"@id\":\"https:\/\/skgd.pl\/vi-final-wojewodzki-konkursu-wiedzy-o-mniejszosci-niemieckiej-przeprowadzony\/#breadcrumb\",\"itemListElement\":[{\"@type\":\"ListItem\",\"position\":1,\"name\":\"Strona g\u0142\u00f3wna\",\"item\":\"https:\/\/skgd.pl\/\"},{\"@type\":\"ListItem\",\"position\":2,\"name\":\"VI Fina\u0142 Wojew\u00f3dzki Konkursu Wiedzy o Mniejszo\u015bci Niemieckiej przeprowadzony!\"}]},{\"@type\":\"Person\",\"@id\":\"https:\/\/skgd.pl\/#\/schema\/person\/0620fbcc0ddc3adae2d5dd9fdc163f03\",\"name\":\"Joanna Hassa\",\"image\":{\"@type\":\"ImageObject\",\"inLanguage\":\"de\",\"@id\":\"https:\/\/skgd.pl\/#\/schema\/person\/image\/\",\"url\":\"https:\/\/secure.gravatar.com\/avatar\/e91991b37fe2db6d44fd302c843edfdc?s=96&d=mm&r=g\",\"contentUrl\":\"https:\/\/secure.gravatar.com\/avatar\/e91991b37fe2db6d44fd302c843edfdc?s=96&d=mm&r=g\",\"caption\":\"Joanna Hassa\"},\"url\":\"https:\/\/skgd.pl\/de\/author\/asia\/\"}]}<\/script>\n<!-- \/ Yoast SEO plugin. -->","yoast_head_json":{"title":"Der 6. Wissenswettbewerb uber die Deutsche Minderheit - Deutsche Minderheit, Sozial-Kulturelle Gesellschaft der Deutschen im Oppelner Schlesien","robots":{"index":"index","follow":"follow","max-snippet":"max-snippet:-1","max-image-preview":"max-image-preview:large","max-video-preview":"max-video-preview:-1"},"canonical":"https:\/\/skgd.pl\/vi-final-wojewodzki-konkursu-wiedzy-o-mniejszosci-niemieckiej-przeprowadzony\/","og_locale":"de_DE","og_type":"article","og_title":"Der 6. Wissenswettbewerb uber die Deutsche Minderheit - Deutsche Minderheit, Sozial-Kulturelle Gesellschaft der Deutschen im Oppelner Schlesien","og_description":"Das VI Woiwodschaftsfinale des Wissenswettbewerbs \u00fcber die deutschen Minderheit durchgef\u00fchrt! Die Gewinner wurden ausgew\u00e4hlt! Gratulation an alle 48 Teilnehmern aus 24 Gymnasien die in unserem Wettbewerb teilgenommen haben! Unten pr\u00e4sentieren wir eine Liste von den individuellen Gewinnern. Platz Anna Pryszcz \u00f6ffentliches Gymnasium Zembowitz (29 Punkte von 30 m\u00f6glichen) Den zweiten Platz ex aequo &#8211; Kamila [&hellip;]","og_url":"https:\/\/skgd.pl\/vi-final-wojewodzki-konkursu-wiedzy-o-mniejszosci-niemieckiej-przeprowadzony\/","og_site_name":"Deutsche Minderheit, Sozial-Kulturelle Gesellschaft der Deutschen im Oppelner Schlesien","article_published_time":"2016-04-11T16:00:37+00:00","article_modified_time":"2016-04-13T20:36:40+00:00","og_image":[{"width":960,"height":640,"url":"https:\/\/skgd.pl\/wp-content\/uploads\/2016\/04\/12993349_1029423510427742_4736490521784238083_n.jpg","type":"image\/jpeg"}],"twitter_card":"summary_large_image","twitter_misc":{"Verfasst von":"Joanna Hassa","Gesch\u00e4tzte Lesezeit":"2\u00a0Minuten"},"schema":{"@context":"https:\/\/schema.org","@graph":[{"@type":"WebSite","@id":"https:\/\/skgd.pl\/#website","url":"https:\/\/skgd.pl\/","name":"Deutsche Minderheit, Sozial-Kulturelle Gesellschaft der Deutschen im Oppelner Schlesien","description":"Deutsche Minderheit in Polen","potentialAction":[{"@type":"SearchAction","target":{"@type":"EntryPoint","urlTemplate":"https:\/\/skgd.pl\/?s={search_term_string}"},"query-input":"required name=search_term_string"}],"inLanguage":"de"},{"@type":"ImageObject","inLanguage":"de","@id":"https:\/\/skgd.pl\/vi-final-wojewodzki-konkursu-wiedzy-o-mniejszosci-niemieckiej-przeprowadzony\/#primaryimage","url":"https:\/\/skgd.pl\/wp-content\/uploads\/2016\/04\/12993349_1029423510427742_4736490521784238083_n.jpg","contentUrl":"https:\/\/skgd.pl\/wp-content\/uploads\/2016\/04\/12993349_1029423510427742_4736490521784238083_n.jpg","width":960,"height":640},{"@type":"WebPage","@id":"https:\/\/skgd.pl\/vi-final-wojewodzki-konkursu-wiedzy-o-mniejszosci-niemieckiej-przeprowadzony\/#webpage","url":"https:\/\/skgd.pl\/vi-final-wojewodzki-konkursu-wiedzy-o-mniejszosci-niemieckiej-przeprowadzony\/","name":"Der 6. Wissenswettbewerb uber die Deutsche Minderheit - Deutsche Minderheit, Sozial-Kulturelle Gesellschaft der Deutschen im Oppelner Schlesien","isPartOf":{"@id":"https:\/\/skgd.pl\/#website"},"primaryImageOfPage":{"@id":"https:\/\/skgd.pl\/vi-final-wojewodzki-konkursu-wiedzy-o-mniejszosci-niemieckiej-przeprowadzony\/#primaryimage"},"datePublished":"2016-04-11T16:00:37+00:00","dateModified":"2016-04-13T20:36:40+00:00","author":{"@id":"https:\/\/skgd.pl\/#\/schema\/person\/0620fbcc0ddc3adae2d5dd9fdc163f03"},"breadcrumb":{"@id":"https:\/\/skgd.pl\/vi-final-wojewodzki-konkursu-wiedzy-o-mniejszosci-niemieckiej-przeprowadzony\/#breadcrumb"},"inLanguage":"de","potentialAction":[{"@type":"ReadAction","target":["https:\/\/skgd.pl\/vi-final-wojewodzki-konkursu-wiedzy-o-mniejszosci-niemieckiej-przeprowadzony\/"]}]},{"@type":"BreadcrumbList","@id":"https:\/\/skgd.pl\/vi-final-wojewodzki-konkursu-wiedzy-o-mniejszosci-niemieckiej-przeprowadzony\/#breadcrumb","itemListElement":[{"@type":"ListItem","position":1,"name":"Strona g\u0142\u00f3wna","item":"https:\/\/skgd.pl\/"},{"@type":"ListItem","position":2,"name":"VI Fina\u0142 Wojew\u00f3dzki Konkursu Wiedzy o Mniejszo\u015bci Niemieckiej przeprowadzony!"}]},{"@type":"Person","@id":"https:\/\/skgd.pl\/#\/schema\/person\/0620fbcc0ddc3adae2d5dd9fdc163f03","name":"Joanna Hassa","image":{"@type":"ImageObject","inLanguage":"de","@id":"https:\/\/skgd.pl\/#\/schema\/person\/image\/","url":"https:\/\/secure.gravatar.com\/avatar\/e91991b37fe2db6d44fd302c843edfdc?s=96&d=mm&r=g","contentUrl":"https:\/\/secure.gravatar.com\/avatar\/e91991b37fe2db6d44fd302c843edfdc?s=96&d=mm&r=g","caption":"Joanna Hassa"},"url":"https:\/\/skgd.pl\/de\/author\/asia\/"}]}},"_links":{"self":[{"href":"https:\/\/skgd.pl\/de\/wp-json\/wp\/v2\/posts\/11856","targetHints":{"allow":["GET"]}}],"collection":[{"href":"https:\/\/skgd.pl\/de\/wp-json\/wp\/v2\/posts"}],"about":[{"href":"https:\/\/skgd.pl\/de\/wp-json\/wp\/v2\/types\/post"}],"author":[{"embeddable":true,"href":"https:\/\/skgd.pl\/de\/wp-json\/wp\/v2\/users\/2"}],"replies":[{"embeddable":true,"href":"https:\/\/skgd.pl\/de\/wp-json\/wp\/v2\/comments?post=11856"}],"version-history":[{"count":1,"href":"https:\/\/skgd.pl\/de\/wp-json\/wp\/v2\/posts\/11856\/revisions"}],"predecessor-version":[{"id":11860,"href":"https:\/\/skgd.pl\/de\/wp-json\/wp\/v2\/posts\/11856\/revisions\/11860"}],"wp:featuredmedia":[{"embeddable":true,"href":"https:\/\/skgd.pl\/de\/wp-json\/wp\/v2\/media\/11857"}],"wp:attachment":[{"href":"https:\/\/skgd.pl\/de\/wp-json\/wp\/v2\/media?parent=11856"}],"wp:term":[{"taxonomy":"category","embeddable":true,"href":"https:\/\/skgd.pl\/de\/wp-json\/wp\/v2\/categories?post=11856"},{"taxonomy":"post_tag","embeddable":true,"href":"https:\/\/skgd.pl\/de\/wp-json\/wp\/v2\/tags?post=11856"}],"curies":[{"name":"wp","href":"https:\/\/api.w.org\/{rel}","templated":true}]}}