{"id":11847,"date":"2016-04-12T17:40:56","date_gmt":"2016-04-12T15:40:56","guid":{"rendered":"http:\/\/skgd.pl\/?p=11847"},"modified":"2016-04-12T17:51:40","modified_gmt":"2016-04-12T15:51:40","slug":"dzierganie-z-okazji-jubileuszu","status":"publish","type":"post","link":"https:\/\/skgd.pl\/de\/dzierganie-z-okazji-jubileuszu\/","title":{"rendered":"Angestrickt f\u00fcr das Jubil\u00e4um"},"content":{"rendered":"<p><\/p>\n<p style=\"text-align: justify;\">Stricken ist altmodisch und nur etwas f\u00fcr Omas \u2013 das war einmal! Heute sieht man des \u00d6fteren junge Frauen in Caf\u00e9s oder Parks, die sich der Strickkunst widmen. Stricken ist Trend.<\/p>\n<p style=\"text-align: justify;\">Das Jahr 2016 ist ein Jubil\u00e4umsjahr, vor 25 Jahren wurde der Nachbarschaftsvertrag unterschrieben und der Verband der deutschen sozial \u2013 kulturellen Gesellschaften gegr\u00fcndet<\/p>\n<p style=\"text-align: justify;\">Wir haben uns zum Ziel gemacht diese Jubil\u00e4en etwas bunter zu gestalten. Was dazu gebraucht wird sind einzig Wolle, Nadeln und strickfreudige Teilnehmer.<\/p>\n<p style=\"text-align: justify;\">So ist es geplant z.B. Kissen, Schalls oder andere Werke in deutschen und polnischen Nationalfarben anzufertigen. Die m\u00f6chten wir dann am Sonntag, den 04. September 2016 w\u00e4hrend des \u201eTages der offenen T\u00fcr\u201c pr\u00e4sentieren.<\/p>\n<p style=\"text-align: justify;\">Alle Interessierten, die sich tatkr\u00e4ftig an diesem Vorhaben beteiligen m\u00f6chten, sind ganz herzlich willkommen. Sie k\u00f6nnen gern etwas zu Hause stricken und an uns schicken. Wer das Strickprojekt zus\u00e4tzlich unterst\u00fctzen m\u00f6chte, kann mit einer Wollspende weiterhelfen. Egal ob d\u00fcnn oder dick haupts\u00e4chlich: schwarz, rot, gold (gelb) und wei\u00df \u2013 willkommen ist jedes Wollkn\u00e4uel.<\/p>\n<p style=\"text-align: justify;\">Das erse Strick-Treffen findet am 26.04. um 1600 Uhr im VDG in Oppeln statt.<\/p>\n<p><\/p>","protected":false},"excerpt":{"rendered":"<p>Stricken ist altmodisch und nur etwas f\u00fcr Omas \u2013 das war einmal! Heute sieht man des \u00d6fteren junge Frauen in Caf\u00e9s oder Parks, die sich der Strickkunst widmen. Stricken ist Trend. Das Jahr 2016 ist ein Jubil\u00e4umsjahr, vor 25 Jahren wurde der Nachbarschaftsvertrag unterschrieben und der Verband der deutschen sozial \u2013 kulturellen Gesellschaften gegr\u00fcndet Wir [&hellip;]<\/p>\n","protected":false},"author":2,"featured_media":11848,"comment_status":"open","ping_status":"open","sticky":false,"template":"","format":"standard","meta":{"footnotes":""},"categories":[1],"tags":[],"class_list":["post-11847","post","type-post","status-publish","format-standard","has-post-thumbnail","hentry","category-aktualnosci"],"yoast_head":"<!-- This site is optimized with the Yoast SEO plugin v18.9 - https:\/\/yoast.com\/wordpress\/plugins\/seo\/ -->\n<title>Angestrickt f\u00fcr das Jubil\u00e4um - Deutsche Minderheit, Sozial-Kulturelle Gesellschaft der Deutschen im Oppelner Schlesien<\/title>\n<meta name=\"robots\" content=\"index, follow, max-snippet:-1, max-image-preview:large, max-video-preview:-1\" \/>\n<link rel=\"canonical\" href=\"https:\/\/skgd.pl\/de\/dzierganie-z-okazji-jubileuszu\/\" \/>\n<meta property=\"og:locale\" content=\"de_DE\" \/>\n<meta property=\"og:type\" content=\"article\" \/>\n<meta property=\"og:title\" content=\"Angestrickt f\u00fcr das Jubil\u00e4um - Deutsche Minderheit, Sozial-Kulturelle Gesellschaft der Deutschen im Oppelner Schlesien\" \/>\n<meta property=\"og:description\" content=\"Stricken ist altmodisch und nur etwas f\u00fcr Omas \u2013 das war einmal! Heute sieht man des \u00d6fteren junge Frauen in Caf\u00e9s oder Parks, die sich der Strickkunst widmen. Stricken ist Trend. Das Jahr 2016 ist ein Jubil\u00e4umsjahr, vor 25 Jahren wurde der Nachbarschaftsvertrag unterschrieben und der Verband der deutschen sozial \u2013 kulturellen Gesellschaften gegr\u00fcndet Wir [&hellip;]\" \/>\n<meta property=\"og:url\" content=\"https:\/\/skgd.pl\/de\/dzierganie-z-okazji-jubileuszu\/\" \/>\n<meta property=\"og:site_name\" content=\"Deutsche Minderheit, Sozial-Kulturelle Gesellschaft der Deutschen im Oppelner Schlesien\" \/>\n<meta property=\"article:published_time\" content=\"2016-04-12T15:40:56+00:00\" \/>\n<meta property=\"article:modified_time\" content=\"2016-04-12T15:51:40+00:00\" \/>\n<meta property=\"og:image\" content=\"https:\/\/skgd.pl\/wp-content\/uploads\/2016\/04\/angestrickt.jpg\" \/>\n\t<meta property=\"og:image:width\" content=\"454\" \/>\n\t<meta property=\"og:image:height\" content=\"303\" \/>\n\t<meta property=\"og:image:type\" content=\"image\/jpeg\" \/>\n<meta name=\"twitter:card\" content=\"summary_large_image\" \/>\n<meta name=\"twitter:label1\" content=\"Verfasst von\" \/>\n\t<meta name=\"twitter:data1\" content=\"Joanna Hassa\" \/>\n\t<meta name=\"twitter:label2\" content=\"Gesch\u00e4tzte Lesezeit\" \/>\n\t<meta name=\"twitter:data2\" content=\"2\u00a0Minuten\" \/>\n<script type=\"application\/ld+json\" class=\"yoast-schema-graph\">{\"@context\":\"https:\/\/schema.org\",\"@graph\":[{\"@type\":\"WebSite\",\"@id\":\"https:\/\/skgd.pl\/#website\",\"url\":\"https:\/\/skgd.pl\/\",\"name\":\"Deutsche Minderheit, Sozial-Kulturelle Gesellschaft der Deutschen im Oppelner Schlesien\",\"description\":\"Deutsche Minderheit in Polen\",\"potentialAction\":[{\"@type\":\"SearchAction\",\"target\":{\"@type\":\"EntryPoint\",\"urlTemplate\":\"https:\/\/skgd.pl\/?s={search_term_string}\"},\"query-input\":\"required name=search_term_string\"}],\"inLanguage\":\"de\"},{\"@type\":\"ImageObject\",\"inLanguage\":\"de\",\"@id\":\"https:\/\/skgd.pl\/de\/dzierganie-z-okazji-jubileuszu\/#primaryimage\",\"url\":\"https:\/\/skgd.pl\/wp-content\/uploads\/2016\/04\/angestrickt.jpg\",\"contentUrl\":\"https:\/\/skgd.pl\/wp-content\/uploads\/2016\/04\/angestrickt.jpg\",\"width\":454,\"height\":303},{\"@type\":\"WebPage\",\"@id\":\"https:\/\/skgd.pl\/de\/dzierganie-z-okazji-jubileuszu\/#webpage\",\"url\":\"https:\/\/skgd.pl\/de\/dzierganie-z-okazji-jubileuszu\/\",\"name\":\"Angestrickt f\u00fcr das Jubil\u00e4um - Deutsche Minderheit, Sozial-Kulturelle Gesellschaft der Deutschen im Oppelner Schlesien\",\"isPartOf\":{\"@id\":\"https:\/\/skgd.pl\/#website\"},\"primaryImageOfPage\":{\"@id\":\"https:\/\/skgd.pl\/de\/dzierganie-z-okazji-jubileuszu\/#primaryimage\"},\"datePublished\":\"2016-04-12T15:40:56+00:00\",\"dateModified\":\"2016-04-12T15:51:40+00:00\",\"author\":{\"@id\":\"https:\/\/skgd.pl\/#\/schema\/person\/0620fbcc0ddc3adae2d5dd9fdc163f03\"},\"breadcrumb\":{\"@id\":\"https:\/\/skgd.pl\/de\/dzierganie-z-okazji-jubileuszu\/#breadcrumb\"},\"inLanguage\":\"de\",\"potentialAction\":[{\"@type\":\"ReadAction\",\"target\":[\"https:\/\/skgd.pl\/de\/dzierganie-z-okazji-jubileuszu\/\"]}]},{\"@type\":\"BreadcrumbList\",\"@id\":\"https:\/\/skgd.pl\/de\/dzierganie-z-okazji-jubileuszu\/#breadcrumb\",\"itemListElement\":[{\"@type\":\"ListItem\",\"position\":1,\"name\":\"Strona g\u0142\u00f3wna\",\"item\":\"https:\/\/skgd.pl\/\"},{\"@type\":\"ListItem\",\"position\":2,\"name\":\"Angestrickt f\u00fcr das Jubil\u00e4um\"}]},{\"@type\":\"Person\",\"@id\":\"https:\/\/skgd.pl\/#\/schema\/person\/0620fbcc0ddc3adae2d5dd9fdc163f03\",\"name\":\"Joanna Hassa\",\"image\":{\"@type\":\"ImageObject\",\"inLanguage\":\"de\",\"@id\":\"https:\/\/skgd.pl\/#\/schema\/person\/image\/\",\"url\":\"https:\/\/secure.gravatar.com\/avatar\/e91991b37fe2db6d44fd302c843edfdc?s=96&d=mm&r=g\",\"contentUrl\":\"https:\/\/secure.gravatar.com\/avatar\/e91991b37fe2db6d44fd302c843edfdc?s=96&d=mm&r=g\",\"caption\":\"Joanna Hassa\"},\"url\":\"https:\/\/skgd.pl\/de\/author\/asia\/\"}]}<\/script>\n<!-- \/ Yoast SEO plugin. -->","yoast_head_json":{"title":"Angestrickt f\u00fcr das Jubil\u00e4um - Deutsche Minderheit, Sozial-Kulturelle Gesellschaft der Deutschen im Oppelner Schlesien","robots":{"index":"index","follow":"follow","max-snippet":"max-snippet:-1","max-image-preview":"max-image-preview:large","max-video-preview":"max-video-preview:-1"},"canonical":"https:\/\/skgd.pl\/de\/dzierganie-z-okazji-jubileuszu\/","og_locale":"de_DE","og_type":"article","og_title":"Angestrickt f\u00fcr das Jubil\u00e4um - Deutsche Minderheit, Sozial-Kulturelle Gesellschaft der Deutschen im Oppelner Schlesien","og_description":"Stricken ist altmodisch und nur etwas f\u00fcr Omas \u2013 das war einmal! Heute sieht man des \u00d6fteren junge Frauen in Caf\u00e9s oder Parks, die sich der Strickkunst widmen. Stricken ist Trend. Das Jahr 2016 ist ein Jubil\u00e4umsjahr, vor 25 Jahren wurde der Nachbarschaftsvertrag unterschrieben und der Verband der deutschen sozial \u2013 kulturellen Gesellschaften gegr\u00fcndet Wir [&hellip;]","og_url":"https:\/\/skgd.pl\/de\/dzierganie-z-okazji-jubileuszu\/","og_site_name":"Deutsche Minderheit, Sozial-Kulturelle Gesellschaft der Deutschen im Oppelner Schlesien","article_published_time":"2016-04-12T15:40:56+00:00","article_modified_time":"2016-04-12T15:51:40+00:00","og_image":[{"width":454,"height":303,"url":"https:\/\/skgd.pl\/wp-content\/uploads\/2016\/04\/angestrickt.jpg","type":"image\/jpeg"}],"twitter_card":"summary_large_image","twitter_misc":{"Verfasst von":"Joanna Hassa","Gesch\u00e4tzte Lesezeit":"2\u00a0Minuten"},"schema":{"@context":"https:\/\/schema.org","@graph":[{"@type":"WebSite","@id":"https:\/\/skgd.pl\/#website","url":"https:\/\/skgd.pl\/","name":"Deutsche Minderheit, Sozial-Kulturelle Gesellschaft der Deutschen im Oppelner Schlesien","description":"Deutsche Minderheit in Polen","potentialAction":[{"@type":"SearchAction","target":{"@type":"EntryPoint","urlTemplate":"https:\/\/skgd.pl\/?s={search_term_string}"},"query-input":"required name=search_term_string"}],"inLanguage":"de"},{"@type":"ImageObject","inLanguage":"de","@id":"https:\/\/skgd.pl\/de\/dzierganie-z-okazji-jubileuszu\/#primaryimage","url":"https:\/\/skgd.pl\/wp-content\/uploads\/2016\/04\/angestrickt.jpg","contentUrl":"https:\/\/skgd.pl\/wp-content\/uploads\/2016\/04\/angestrickt.jpg","width":454,"height":303},{"@type":"WebPage","@id":"https:\/\/skgd.pl\/de\/dzierganie-z-okazji-jubileuszu\/#webpage","url":"https:\/\/skgd.pl\/de\/dzierganie-z-okazji-jubileuszu\/","name":"Angestrickt f\u00fcr das Jubil\u00e4um - Deutsche Minderheit, Sozial-Kulturelle Gesellschaft der Deutschen im Oppelner Schlesien","isPartOf":{"@id":"https:\/\/skgd.pl\/#website"},"primaryImageOfPage":{"@id":"https:\/\/skgd.pl\/de\/dzierganie-z-okazji-jubileuszu\/#primaryimage"},"datePublished":"2016-04-12T15:40:56+00:00","dateModified":"2016-04-12T15:51:40+00:00","author":{"@id":"https:\/\/skgd.pl\/#\/schema\/person\/0620fbcc0ddc3adae2d5dd9fdc163f03"},"breadcrumb":{"@id":"https:\/\/skgd.pl\/de\/dzierganie-z-okazji-jubileuszu\/#breadcrumb"},"inLanguage":"de","potentialAction":[{"@type":"ReadAction","target":["https:\/\/skgd.pl\/de\/dzierganie-z-okazji-jubileuszu\/"]}]},{"@type":"BreadcrumbList","@id":"https:\/\/skgd.pl\/de\/dzierganie-z-okazji-jubileuszu\/#breadcrumb","itemListElement":[{"@type":"ListItem","position":1,"name":"Strona g\u0142\u00f3wna","item":"https:\/\/skgd.pl\/"},{"@type":"ListItem","position":2,"name":"Angestrickt f\u00fcr das Jubil\u00e4um"}]},{"@type":"Person","@id":"https:\/\/skgd.pl\/#\/schema\/person\/0620fbcc0ddc3adae2d5dd9fdc163f03","name":"Joanna Hassa","image":{"@type":"ImageObject","inLanguage":"de","@id":"https:\/\/skgd.pl\/#\/schema\/person\/image\/","url":"https:\/\/secure.gravatar.com\/avatar\/e91991b37fe2db6d44fd302c843edfdc?s=96&d=mm&r=g","contentUrl":"https:\/\/secure.gravatar.com\/avatar\/e91991b37fe2db6d44fd302c843edfdc?s=96&d=mm&r=g","caption":"Joanna Hassa"},"url":"https:\/\/skgd.pl\/de\/author\/asia\/"}]}},"_links":{"self":[{"href":"https:\/\/skgd.pl\/de\/wp-json\/wp\/v2\/posts\/11847","targetHints":{"allow":["GET"]}}],"collection":[{"href":"https:\/\/skgd.pl\/de\/wp-json\/wp\/v2\/posts"}],"about":[{"href":"https:\/\/skgd.pl\/de\/wp-json\/wp\/v2\/types\/post"}],"author":[{"embeddable":true,"href":"https:\/\/skgd.pl\/de\/wp-json\/wp\/v2\/users\/2"}],"replies":[{"embeddable":true,"href":"https:\/\/skgd.pl\/de\/wp-json\/wp\/v2\/comments?post=11847"}],"version-history":[{"count":2,"href":"https:\/\/skgd.pl\/de\/wp-json\/wp\/v2\/posts\/11847\/revisions"}],"predecessor-version":[{"id":11855,"href":"https:\/\/skgd.pl\/de\/wp-json\/wp\/v2\/posts\/11847\/revisions\/11855"}],"wp:featuredmedia":[{"embeddable":true,"href":"https:\/\/skgd.pl\/de\/wp-json\/wp\/v2\/media\/11848"}],"wp:attachment":[{"href":"https:\/\/skgd.pl\/de\/wp-json\/wp\/v2\/media?parent=11847"}],"wp:term":[{"taxonomy":"category","embeddable":true,"href":"https:\/\/skgd.pl\/de\/wp-json\/wp\/v2\/categories?post=11847"},{"taxonomy":"post_tag","embeddable":true,"href":"https:\/\/skgd.pl\/de\/wp-json\/wp\/v2\/tags?post=11847"}],"curies":[{"name":"wp","href":"https:\/\/api.w.org\/{rel}","templated":true}]}}