{"id":11824,"date":"2016-04-13T13:36:59","date_gmt":"2016-04-13T11:36:59","guid":{"rendered":"http:\/\/skgd.pl\/?p=11824"},"modified":"2016-04-20T21:24:16","modified_gmt":"2016-04-20T19:24:16","slug":"spotkanie-dyskusyjne-z-dr-hansem-gertem-potteringiem","status":"publish","type":"post","link":"https:\/\/skgd.pl\/de\/spotkanie-dyskusyjne-z-dr-hansem-gertem-potteringiem\/","title":{"rendered":"Diskussionstreffen mit Dr. Hans-Gert P\u00f6ttering"},"content":{"rendered":"<p><\/p>\n<p style=\"text-align: justify;\">Gemeinsam mit dem Haus der deutsch-polnischen Zusammenarbeit laden wir am <strong>25. April 2016<\/strong> um <strong>17.00<\/strong> Uhr in die Caritas Bibliothek in Oppeln, zum <strong>Diskussionstreffen mit Dr. Hans-Gert P\u00f6ttering<\/strong>, dem ehemaligen Vorsitzenden der Europ\u00e4ischen Parlaments, ein.<\/p>\n<p style=\"text-align: justify;\">In Anbetracht der sich dynamisch \u00e4ndernden europ\u00e4ischen Realit\u00e4t lohnt es sich, \u00fcber die Rolle der nationalen und ethnischen Minderheiten, darunter der deutschen Minderheit, auf der aktuellen gesellschaftlich-kulturellen Landkarte Europas nachzudenken. Wird die Mulitkulturalit\u00e4t weiterhin als ein Reichtum und elementares Erbe aller Bewohner des alten Kontinents erachtet? Wie sehen Perspektiven der EU-Politik gegen\u00fcber den nationalen und ethnischen Minderheiten aus? M\u00fcssen solche Begriffe wie \u201eIntegration und Assimilation\u201c, die lebhaft die deutsche Minderheit in Polen besch\u00e4ftigen, neu definiert werden? Auf diese und viele andere Fragen werden wir versuchen, w\u00e4hrend des Diskussionstreffen mit Dr. Hans-Gert P\u00f6ttering Antworten zu finden.<\/p>\n<p style=\"text-align: justify;\">Dr. Hans-Gert P\u00f6ttering ist ein deutscher Politiker, ehemaliger Vorsitzender des Europ\u00e4ischen Parlaments, seit 2009 Vorsitzender der Konrad-Adenauer-Stiftung, ausgezeichnet u.a. mit dem Kommandeur-Kreuz der Republik Polen.<\/p>\n<p style=\"text-align: justify;\">Das Treffen wird von <strong>Waldemar Gielzok<\/strong>, dem Vorsitzenden der Deutschen Bildungsgesellschaft moderiert. Das Treffen wird simultan \u00fcbersetzt (deutsch-polnisch). Das Programm befindet sich im Anhang. Der Eintritt ist frei, die Platzanzahl ist begrenzt. Um Teilnahmebest\u00e4tigung (telefonisch oder per E-Mail) bis zum 22. April 2016 wird gebeten.<\/p>\n<p><\/p>","protected":false},"excerpt":{"rendered":"<p>Gemeinsam mit dem Haus der deutsch-polnischen Zusammenarbeit laden wir am 25. April 2016 um 17.00 Uhr in die Caritas Bibliothek in Oppeln, zum Diskussionstreffen mit Dr. Hans-Gert P\u00f6ttering, dem ehemaligen Vorsitzenden der Europ\u00e4ischen Parlaments, ein. In Anbetracht der sich dynamisch \u00e4ndernden europ\u00e4ischen Realit\u00e4t lohnt es sich, \u00fcber die Rolle der nationalen und ethnischen Minderheiten, darunter [&hellip;]<\/p>\n","protected":false},"author":2,"featured_media":11827,"comment_status":"open","ping_status":"open","sticky":false,"template":"","format":"standard","meta":{"footnotes":""},"categories":[1],"tags":[],"class_list":["post-11824","post","type-post","status-publish","format-standard","has-post-thumbnail","hentry","category-aktualnosci"],"yoast_head":"<!-- This site is optimized with the Yoast SEO plugin v18.9 - https:\/\/yoast.com\/wordpress\/plugins\/seo\/ -->\n<title>Diskussionstreffen mit Dr. Hans-Gert P\u00f6ttering - Deutsche Minderheit, Sozial-Kulturelle Gesellschaft der Deutschen im Oppelner Schlesien<\/title>\n<meta name=\"robots\" content=\"index, follow, max-snippet:-1, max-image-preview:large, max-video-preview:-1\" \/>\n<link rel=\"canonical\" href=\"https:\/\/skgd.pl\/de\/spotkanie-dyskusyjne-z-dr-hansem-gertem-potteringiem\/\" \/>\n<meta property=\"og:locale\" content=\"de_DE\" \/>\n<meta property=\"og:type\" content=\"article\" \/>\n<meta property=\"og:title\" content=\"Diskussionstreffen mit Dr. Hans-Gert P\u00f6ttering - Deutsche Minderheit, Sozial-Kulturelle Gesellschaft der Deutschen im Oppelner Schlesien\" \/>\n<meta property=\"og:description\" content=\"Gemeinsam mit dem Haus der deutsch-polnischen Zusammenarbeit laden wir am 25. April 2016 um 17.00 Uhr in die Caritas Bibliothek in Oppeln, zum Diskussionstreffen mit Dr. Hans-Gert P\u00f6ttering, dem ehemaligen Vorsitzenden der Europ\u00e4ischen Parlaments, ein. In Anbetracht der sich dynamisch \u00e4ndernden europ\u00e4ischen Realit\u00e4t lohnt es sich, \u00fcber die Rolle der nationalen und ethnischen Minderheiten, darunter [&hellip;]\" \/>\n<meta property=\"og:url\" content=\"https:\/\/skgd.pl\/de\/spotkanie-dyskusyjne-z-dr-hansem-gertem-potteringiem\/\" \/>\n<meta property=\"og:site_name\" content=\"Deutsche Minderheit, Sozial-Kulturelle Gesellschaft der Deutschen im Oppelner Schlesien\" \/>\n<meta property=\"article:published_time\" content=\"2016-04-13T11:36:59+00:00\" \/>\n<meta property=\"article:modified_time\" content=\"2016-04-20T19:24:16+00:00\" \/>\n<meta property=\"og:image\" content=\"https:\/\/skgd.pl\/wp-content\/uploads\/2016\/04\/ae99bbb2cb36d4650954e2eb221c6fb9v2.jpg\" \/>\n\t<meta property=\"og:image:width\" content=\"460\" \/>\n\t<meta property=\"og:image:height\" content=\"345\" \/>\n\t<meta property=\"og:image:type\" content=\"image\/jpeg\" \/>\n<meta name=\"twitter:card\" content=\"summary_large_image\" \/>\n<meta name=\"twitter:label1\" content=\"Verfasst von\" \/>\n\t<meta name=\"twitter:data1\" content=\"Joanna Hassa\" \/>\n\t<meta name=\"twitter:label2\" content=\"Gesch\u00e4tzte Lesezeit\" \/>\n\t<meta name=\"twitter:data2\" content=\"2\u00a0Minuten\" \/>\n<script type=\"application\/ld+json\" class=\"yoast-schema-graph\">{\"@context\":\"https:\/\/schema.org\",\"@graph\":[{\"@type\":\"WebSite\",\"@id\":\"https:\/\/skgd.pl\/#website\",\"url\":\"https:\/\/skgd.pl\/\",\"name\":\"Deutsche Minderheit, Sozial-Kulturelle Gesellschaft der Deutschen im Oppelner Schlesien\",\"description\":\"Deutsche Minderheit in Polen\",\"potentialAction\":[{\"@type\":\"SearchAction\",\"target\":{\"@type\":\"EntryPoint\",\"urlTemplate\":\"https:\/\/skgd.pl\/?s={search_term_string}\"},\"query-input\":\"required name=search_term_string\"}],\"inLanguage\":\"de\"},{\"@type\":\"ImageObject\",\"inLanguage\":\"de\",\"@id\":\"https:\/\/skgd.pl\/de\/spotkanie-dyskusyjne-z-dr-hansem-gertem-potteringiem\/#primaryimage\",\"url\":\"https:\/\/skgd.pl\/wp-content\/uploads\/2016\/04\/ae99bbb2cb36d4650954e2eb221c6fb9v2.jpg\",\"contentUrl\":\"https:\/\/skgd.pl\/wp-content\/uploads\/2016\/04\/ae99bbb2cb36d4650954e2eb221c6fb9v2.jpg\",\"width\":460,\"height\":345},{\"@type\":\"WebPage\",\"@id\":\"https:\/\/skgd.pl\/de\/spotkanie-dyskusyjne-z-dr-hansem-gertem-potteringiem\/#webpage\",\"url\":\"https:\/\/skgd.pl\/de\/spotkanie-dyskusyjne-z-dr-hansem-gertem-potteringiem\/\",\"name\":\"Diskussionstreffen mit Dr. Hans-Gert P\u00f6ttering - Deutsche Minderheit, Sozial-Kulturelle Gesellschaft der Deutschen im Oppelner Schlesien\",\"isPartOf\":{\"@id\":\"https:\/\/skgd.pl\/#website\"},\"primaryImageOfPage\":{\"@id\":\"https:\/\/skgd.pl\/de\/spotkanie-dyskusyjne-z-dr-hansem-gertem-potteringiem\/#primaryimage\"},\"datePublished\":\"2016-04-13T11:36:59+00:00\",\"dateModified\":\"2016-04-20T19:24:16+00:00\",\"author\":{\"@id\":\"https:\/\/skgd.pl\/#\/schema\/person\/0620fbcc0ddc3adae2d5dd9fdc163f03\"},\"breadcrumb\":{\"@id\":\"https:\/\/skgd.pl\/de\/spotkanie-dyskusyjne-z-dr-hansem-gertem-potteringiem\/#breadcrumb\"},\"inLanguage\":\"de\",\"potentialAction\":[{\"@type\":\"ReadAction\",\"target\":[\"https:\/\/skgd.pl\/de\/spotkanie-dyskusyjne-z-dr-hansem-gertem-potteringiem\/\"]}]},{\"@type\":\"BreadcrumbList\",\"@id\":\"https:\/\/skgd.pl\/de\/spotkanie-dyskusyjne-z-dr-hansem-gertem-potteringiem\/#breadcrumb\",\"itemListElement\":[{\"@type\":\"ListItem\",\"position\":1,\"name\":\"Strona g\u0142\u00f3wna\",\"item\":\"https:\/\/skgd.pl\/\"},{\"@type\":\"ListItem\",\"position\":2,\"name\":\"Diskussionstreffen mit Dr. Hans-Gert P\u00f6ttering\"}]},{\"@type\":\"Person\",\"@id\":\"https:\/\/skgd.pl\/#\/schema\/person\/0620fbcc0ddc3adae2d5dd9fdc163f03\",\"name\":\"Joanna Hassa\",\"image\":{\"@type\":\"ImageObject\",\"inLanguage\":\"de\",\"@id\":\"https:\/\/skgd.pl\/#\/schema\/person\/image\/\",\"url\":\"https:\/\/secure.gravatar.com\/avatar\/e91991b37fe2db6d44fd302c843edfdc?s=96&d=mm&r=g\",\"contentUrl\":\"https:\/\/secure.gravatar.com\/avatar\/e91991b37fe2db6d44fd302c843edfdc?s=96&d=mm&r=g\",\"caption\":\"Joanna Hassa\"},\"url\":\"https:\/\/skgd.pl\/de\/author\/asia\/\"}]}<\/script>\n<!-- \/ Yoast SEO plugin. -->","yoast_head_json":{"title":"Diskussionstreffen mit Dr. Hans-Gert P\u00f6ttering - Deutsche Minderheit, Sozial-Kulturelle Gesellschaft der Deutschen im Oppelner Schlesien","robots":{"index":"index","follow":"follow","max-snippet":"max-snippet:-1","max-image-preview":"max-image-preview:large","max-video-preview":"max-video-preview:-1"},"canonical":"https:\/\/skgd.pl\/de\/spotkanie-dyskusyjne-z-dr-hansem-gertem-potteringiem\/","og_locale":"de_DE","og_type":"article","og_title":"Diskussionstreffen mit Dr. Hans-Gert P\u00f6ttering - Deutsche Minderheit, Sozial-Kulturelle Gesellschaft der Deutschen im Oppelner Schlesien","og_description":"Gemeinsam mit dem Haus der deutsch-polnischen Zusammenarbeit laden wir am 25. April 2016 um 17.00 Uhr in die Caritas Bibliothek in Oppeln, zum Diskussionstreffen mit Dr. Hans-Gert P\u00f6ttering, dem ehemaligen Vorsitzenden der Europ\u00e4ischen Parlaments, ein. In Anbetracht der sich dynamisch \u00e4ndernden europ\u00e4ischen Realit\u00e4t lohnt es sich, \u00fcber die Rolle der nationalen und ethnischen Minderheiten, darunter [&hellip;]","og_url":"https:\/\/skgd.pl\/de\/spotkanie-dyskusyjne-z-dr-hansem-gertem-potteringiem\/","og_site_name":"Deutsche Minderheit, Sozial-Kulturelle Gesellschaft der Deutschen im Oppelner Schlesien","article_published_time":"2016-04-13T11:36:59+00:00","article_modified_time":"2016-04-20T19:24:16+00:00","og_image":[{"width":460,"height":345,"url":"https:\/\/skgd.pl\/wp-content\/uploads\/2016\/04\/ae99bbb2cb36d4650954e2eb221c6fb9v2.jpg","type":"image\/jpeg"}],"twitter_card":"summary_large_image","twitter_misc":{"Verfasst von":"Joanna Hassa","Gesch\u00e4tzte Lesezeit":"2\u00a0Minuten"},"schema":{"@context":"https:\/\/schema.org","@graph":[{"@type":"WebSite","@id":"https:\/\/skgd.pl\/#website","url":"https:\/\/skgd.pl\/","name":"Deutsche Minderheit, Sozial-Kulturelle Gesellschaft der Deutschen im Oppelner Schlesien","description":"Deutsche Minderheit in Polen","potentialAction":[{"@type":"SearchAction","target":{"@type":"EntryPoint","urlTemplate":"https:\/\/skgd.pl\/?s={search_term_string}"},"query-input":"required name=search_term_string"}],"inLanguage":"de"},{"@type":"ImageObject","inLanguage":"de","@id":"https:\/\/skgd.pl\/de\/spotkanie-dyskusyjne-z-dr-hansem-gertem-potteringiem\/#primaryimage","url":"https:\/\/skgd.pl\/wp-content\/uploads\/2016\/04\/ae99bbb2cb36d4650954e2eb221c6fb9v2.jpg","contentUrl":"https:\/\/skgd.pl\/wp-content\/uploads\/2016\/04\/ae99bbb2cb36d4650954e2eb221c6fb9v2.jpg","width":460,"height":345},{"@type":"WebPage","@id":"https:\/\/skgd.pl\/de\/spotkanie-dyskusyjne-z-dr-hansem-gertem-potteringiem\/#webpage","url":"https:\/\/skgd.pl\/de\/spotkanie-dyskusyjne-z-dr-hansem-gertem-potteringiem\/","name":"Diskussionstreffen mit Dr. Hans-Gert P\u00f6ttering - Deutsche Minderheit, Sozial-Kulturelle Gesellschaft der Deutschen im Oppelner Schlesien","isPartOf":{"@id":"https:\/\/skgd.pl\/#website"},"primaryImageOfPage":{"@id":"https:\/\/skgd.pl\/de\/spotkanie-dyskusyjne-z-dr-hansem-gertem-potteringiem\/#primaryimage"},"datePublished":"2016-04-13T11:36:59+00:00","dateModified":"2016-04-20T19:24:16+00:00","author":{"@id":"https:\/\/skgd.pl\/#\/schema\/person\/0620fbcc0ddc3adae2d5dd9fdc163f03"},"breadcrumb":{"@id":"https:\/\/skgd.pl\/de\/spotkanie-dyskusyjne-z-dr-hansem-gertem-potteringiem\/#breadcrumb"},"inLanguage":"de","potentialAction":[{"@type":"ReadAction","target":["https:\/\/skgd.pl\/de\/spotkanie-dyskusyjne-z-dr-hansem-gertem-potteringiem\/"]}]},{"@type":"BreadcrumbList","@id":"https:\/\/skgd.pl\/de\/spotkanie-dyskusyjne-z-dr-hansem-gertem-potteringiem\/#breadcrumb","itemListElement":[{"@type":"ListItem","position":1,"name":"Strona g\u0142\u00f3wna","item":"https:\/\/skgd.pl\/"},{"@type":"ListItem","position":2,"name":"Diskussionstreffen mit Dr. Hans-Gert P\u00f6ttering"}]},{"@type":"Person","@id":"https:\/\/skgd.pl\/#\/schema\/person\/0620fbcc0ddc3adae2d5dd9fdc163f03","name":"Joanna Hassa","image":{"@type":"ImageObject","inLanguage":"de","@id":"https:\/\/skgd.pl\/#\/schema\/person\/image\/","url":"https:\/\/secure.gravatar.com\/avatar\/e91991b37fe2db6d44fd302c843edfdc?s=96&d=mm&r=g","contentUrl":"https:\/\/secure.gravatar.com\/avatar\/e91991b37fe2db6d44fd302c843edfdc?s=96&d=mm&r=g","caption":"Joanna Hassa"},"url":"https:\/\/skgd.pl\/de\/author\/asia\/"}]}},"_links":{"self":[{"href":"https:\/\/skgd.pl\/de\/wp-json\/wp\/v2\/posts\/11824","targetHints":{"allow":["GET"]}}],"collection":[{"href":"https:\/\/skgd.pl\/de\/wp-json\/wp\/v2\/posts"}],"about":[{"href":"https:\/\/skgd.pl\/de\/wp-json\/wp\/v2\/types\/post"}],"author":[{"embeddable":true,"href":"https:\/\/skgd.pl\/de\/wp-json\/wp\/v2\/users\/2"}],"replies":[{"embeddable":true,"href":"https:\/\/skgd.pl\/de\/wp-json\/wp\/v2\/comments?post=11824"}],"version-history":[{"count":3,"href":"https:\/\/skgd.pl\/de\/wp-json\/wp\/v2\/posts\/11824\/revisions"}],"predecessor-version":[{"id":11936,"href":"https:\/\/skgd.pl\/de\/wp-json\/wp\/v2\/posts\/11824\/revisions\/11936"}],"wp:featuredmedia":[{"embeddable":true,"href":"https:\/\/skgd.pl\/de\/wp-json\/wp\/v2\/media\/11827"}],"wp:attachment":[{"href":"https:\/\/skgd.pl\/de\/wp-json\/wp\/v2\/media?parent=11824"}],"wp:term":[{"taxonomy":"category","embeddable":true,"href":"https:\/\/skgd.pl\/de\/wp-json\/wp\/v2\/categories?post=11824"},{"taxonomy":"post_tag","embeddable":true,"href":"https:\/\/skgd.pl\/de\/wp-json\/wp\/v2\/tags?post=11824"}],"curies":[{"name":"wp","href":"https:\/\/api.w.org\/{rel}","templated":true}]}}